{"id":736007,"date":"2026-08-28T17:39:17","date_gmt":"2026-08-28T17:39:17","guid":{"rendered":"https:\/\/www.europesays.com\/es\/736007\/"},"modified":"2026-08-28T17:39:17","modified_gmt":"2026-08-28T17:39:17","slug":"bezzecchi-y-alex-marquez-doblegan-en-ultima-instancia-a-marc-marquez-con-record-incluido","status":"publish","type":"post","link":"https:\/\/www.europesays.com\/es\/736007\/","title":{"rendered":"Bezzecchi y Alex M\u00e1rquez doblegan en \u00faltima instancia a Marc M\u00e1rquez, con r\u00e9cord incluido"},"content":{"rendered":"<p class=\"mb-4 text-lg md:leading-8 break-words\">Redacci\u00f3n deportes, 28 ago (EFE).- El italiano Marco bezzecchi (Aprilia RS-GP) y el espa\u00f1ol Alex M\u00e1rquez (Ducati Desmosedici GP26) doblegaron en \u00faltima instancia al nueve veces campe\u00f3n del mundo Marc M\u00e1rquez (Ducati Desmosedici GP26), con r\u00e9cord incluido, en la pr\u00e1ctica oficial del Gran Premio de Arag\u00f3n de MotoGP.<\/p>\n<p class=\"mb-4 text-lg md:leading-8 break-words\">Bezzecchi protagoniz\u00f3 un mejor tiempo de 1:45.455 con el que bati\u00f3 el r\u00e9cord absoluto que el a\u00f1o pasado hab\u00eda establecido Marc M\u00e1rquez con 1:45.704, un tiempo que tambi\u00e9n batieron tanto su hermano Alex M\u00e1rquez como \u00e9l.<\/p>\n<p class=\"mb-4 text-lg md:leading-8 break-words\">Jorge Mart\u00edn (Aprilia RS-GP) fue el primero en marcar las referencias a sus rivales al conseguir ya en su segunda vuelta un tiempo de 1.47.710, que ya era mucho m\u00e1s r\u00e1pido que su mejor vuelta de la ma\u00f1ana, cuando rod\u00f3 en 1:49.123 para acabar en una retrasada decimoctava posici\u00f3n.<\/p>\n<p class=\"mb-4 text-lg md:leading-8 break-words\">Pero apenas una vuelta m\u00e1s tarde tanto Marc M\u00e1rquez como Pedro Acosta (KTM RC 16) le superaron al rodar en 1:46.320 y 1:46.627, respectivamente, como tambi\u00e9n poco despu\u00e9s su propio compa\u00f1ero de equipo, el italiano Marco Bezzecchi, que par\u00f3 su primer crono r\u00e1pido en 1:46.682.<\/p>\n<p class=\"mb-4 text-lg md:leading-8 break-words\">El espa\u00f1ol Ferm\u00edn Aldeguer (Ducati Desmosedici GP25) y el franc\u00e9s Johann Zarco (Honda RC 213 V), que reaparec\u00edan tras un largo proceso de recuperaci\u00f3n de sus lesiones, demostraron estar a muy buen nivel, con una sexta y s\u00e9ptima posici\u00f3n, respectivamente, que les situaba a las primeras de cambio en la segunda clasificaci\u00f3n directa.<\/p>\n<p class=\"mb-4 text-lg md:leading-8 break-words\">Y fueron pasando los minutos sin apenas producirse cambios, pues el registro de Marc M\u00e1rquez se mantuvo hasta la \u00faltima parte de la sesi\u00f3n, en la que Marco Bezzecchi mont\u00f3 un primer neum\u00e1tico blando trasero y se situ\u00f3 a apenas 39 mil\u00e9simas de segundo del nueve veces campe\u00f3n del mundo.<\/p>\n<p class=\"mb-4 text-lg md:leading-8 break-words\">Aldeguer dej\u00f3 a todos con la boca abierta, pues despu\u00e9s de su largo per\u00edodo de recuperaci\u00f3n de la fractura de una v\u00e9rtebra a\u00fan fue capaz de ponerse l\u00edder de la pr\u00e1ctica oficial con un tiempo de 1:45.909, alrededor de dos d\u00e9cimas de segundo m\u00e1s lento que el r\u00e9cord de Marc M\u00e1rquez.<\/p>\n<p><img alt=\"\" loading=\"lazy\" width=\"960\" height=\"640\" decoding=\"async\" data-nimg=\"1\" class=\"rounded-lg\" style=\"color:transparent\" src=\"https:\/\/www.europesays.com\/es\/wp-content\/uploads\/2026\/08\/https:\/\/media.zenfs.com\/es\/efe.es\/382586747e61202a1b83d0303e68b6d9.jpg\"\/><\/p>\n<p class=\"mb-4 text-lg md:leading-8 break-words\">Tras la estela de Ferm\u00edn Aldeguer se colocaron, superando todos ellos el registro de Marc M\u00e1rquez, Marco Bezzecchi -poco despu\u00e9s l\u00edder con 1:45.835-, Pedro Acosta y Jorge Mart\u00edn, pero el nueve veces campe\u00f3n del mundo no hab\u00eda dicho su \u00faltima palabra,<\/p>\n<p class=\"mb-4 text-lg md:leading-8 break-words\">As\u00ed, en la decimos\u00e9ptima vuelta, Marc M\u00e1rquez pulveriz\u00f3 su r\u00e9cord del circuito al rodar en 1:45.493, seguido por su hermano Alex, pero ya a casi tres d\u00e9cimas de segundo, sin que diese la impresi\u00f3n de que ninguno de sus rivales pudiese ser capaz de desbancarlo del primer puesto.<\/p>\n<p class=\"mb-4 text-lg md:leading-8 break-words\">Pero fue s\u00f3lo una impresi\u00f3n, pues a pesar de no marcar parciales de vuelta r\u00e1pida, Marco Bezzecchi consigui\u00f3 concluir su vuelta r\u00e1pida 38 mil\u00e9simas de segundo m\u00e1s r\u00e1pido que Marc M\u00e1rquez, 1:45.555.<\/p>\n<p class=\"mb-4 text-lg md:leading-8 break-words\">El vigente campe\u00f3n del mundo lo intent\u00f3, pero no pudo con el registro de Marco Bezzecchi y tampoco con su hermano Alex, que en la \u00faltima vuelta lo bati\u00f3 por 28 mil\u00e9simas de segundo, releg\u00e1ndole a la tercera posici\u00f3n.<\/p>\n<p class=\"mb-4 text-lg md:leading-8 break-words\">Con el nuevo r\u00e9cord de Bezzecchi, por delante de los hermanos M\u00e1rquez, entraron en la segunda clasificaci\u00f3n Fabio di Giannantonio, Ferm\u00edn Aldeguer, Ra\u00fal Fern\u00e1ndez, Jorge Mart\u00edn, Pedro Acosta, Franco Morbidelli y Johann Zarco.<\/p>\n<p class=\"mb-4 text-lg md:leading-8 break-words\">Precisamente Aldeguer y Zarco merecen una menci\u00f3n especial, pues en su regreso tras varios meses en el &#8216;dique seco&#8217; por sus respectivas lesiones, consiguieron entrar a las primeras de cambio en la segunda clasificaci\u00f3n directa, algo que no hicieron pilotos de la talla de Francesco &#8216;Pecco&#8217; Bagnaia (Ducati Desmosedici GP26), Fabio Quartararo (Yamaha YZR M 1 V4)o Joan Mir (Honda RC 213 V), todos ellos campeones del mundo de MotoGP. EFE<\/p>\n<p class=\"mb-4 text-lg md:leading-8 break-words\">Juan Antonio Llad\u00f3s<\/p>\n<p class=\"mb-4 text-lg md:leading-8 break-words\">(c) Agencia EFE<\/p>\n","protected":false},"excerpt":{"rendered":"Redacci\u00f3n deportes, 28 ago (EFE).- El italiano Marco bezzecchi (Aprilia RS-GP) y el espa\u00f1ol Alex M\u00e1rquez (Ducati Desmosedici&hellip;\n","protected":false},"author":2,"featured_media":736008,"comment_status":"","ping_status":"","sticky":false,"template":"","format":"standard","meta":{"footnotes":""},"categories":[93],"tags":[130697,130683,97795,168,130687,23993,130685,130682,130688,25,24,89725,39337,47055,89716,47718,130689,130694,13638,28078,130690,130692,130691,130695,23445,130686,130693,130698,19218,23,167,1357,130696,130684],"class_list":["post-736007","post","type-post","status-publish","format-standard","has-post-thumbnail","category-deportes","tag-28-ago","tag-aprilia-rs-gp","tag-bezzecchi","tag-deportes","tag-doblegaron-en-ultima-instancia","tag-ducati-desmosedici","tag-el-espanol-fermin-aldeguer","tag-el-italiano-marco","tag-el-vigente-campeon-del-mundo-lo","tag-es","tag-espana","tag-fabio-di-giannantonio","tag-fabio-quartararo","tag-fermin-aldeguer","tag-johann-zarco","tag-jorge-martin","tag-lider-con-145-835","tag-lider-de-la","tag-marc-marquez","tag-marco-bezzecchi","tag-marco-bezzecchi-poco","tag-milesimas-de-segundo","tag-milesimas-de-segundo-mas-rapido-que","tag-oficial-con-un-tiempo-de-145-909","tag-pedro-acosta","tag-pero-apenas-una-vuelta-mas-tarde","tag-pero-fue-solo-una-impresion","tag-rc-213-v","tag-redaccion","tag-spain","tag-sports","tag-vuelta","tag-vuelta-lo-batio","tag-vuelta-un-tiempo-de-1-47-710"],"share_on_mastodon":{"url":"","error":"Validation failed: Text character limit of 500 exceeded"},"_links":{"self":[{"href":"https:\/\/www.europesays.com\/es\/wp-json\/wp\/v2\/posts\/736007","targetHints":{"allow":["GET"]}}],"collection":[{"href":"https:\/\/www.europesays.com\/es\/wp-json\/wp\/v2\/posts"}],"about":[{"href":"https:\/\/www.europesays.com\/es\/wp-json\/wp\/v2\/types\/post"}],"author":[{"embeddable":true,"href":"https:\/\/www.europesays.com\/es\/wp-json\/wp\/v2\/users\/2"}],"replies":[{"embeddable":true,"href":"https:\/\/www.europesays.com\/es\/wp-json\/wp\/v2\/comments?post=736007"}],"version-history":[{"count":0,"href":"https:\/\/www.europesays.com\/es\/wp-json\/wp\/v2\/posts\/736007\/revisions"}],"wp:featuredmedia":[{"embeddable":true,"href":"https:\/\/www.europesays.com\/es\/wp-json\/wp\/v2\/media\/736008"}],"wp:attachment":[{"href":"https:\/\/www.europesays.com\/es\/wp-json\/wp\/v2\/media?parent=736007"}],"wp:term":[{"taxonomy":"category","embeddable":true,"href":"https:\/\/www.europesays.com\/es\/wp-json\/wp\/v2\/categories?post=736007"},{"taxonomy":"post_tag","embeddable":true,"href":"https:\/\/www.europesays.com\/es\/wp-json\/wp\/v2\/tags?post=736007"}],"curies":[{"name":"wp","href":"https:\/\/api.w.org\/{rel}","templated":true}]}}