{"id":736061,"date":"2026-08-28T18:17:21","date_gmt":"2026-08-28T18:17:21","guid":{"rendered":"https:\/\/www.europesays.com\/es\/736061\/"},"modified":"2026-08-28T18:17:21","modified_gmt":"2026-08-28T18:17:21","slug":"asisa-joventut-adn-penya-en-su-nueva-piel","status":"publish","type":"post","link":"https:\/\/www.europesays.com\/es\/736061\/","title":{"rendered":"ASISA Joventut, ADN Penya en su nueva piel"},"content":{"rendered":"<p class=\"ContentTypeText-module-scss-module__t80MYq__content__paragraph\">El Club Joventut Badalona presenta las nuevas equipaciones para la temporada 2026-27, una colecci\u00f3n que une historia, identidad y modernidad y que mantiene a Badalona como uno de los grandes elementos inspiradores.<\/p>\n<p class=\"ContentTypeText-module-scss-module__t80MYq__content__paragraph\">La gran novedad de la temporada ser\u00e1 la incorporaci\u00f3n, por primera vez a la historia del Club, de la palabra PENYA en el pecho de la camiseta. Un gesto cargado de simbolismo que conecta con la forma en que afici\u00f3n, ciudad y mundo del baloncesto conocen el Club: somos la Penya.<\/p>\n<p class=\"ContentTypeText-module-scss-module__t80MYq__content__paragraph\">Esta decisi\u00f3n tambi\u00e9n rinde homenaje a los or\u00edgenes del Club. Fundado en 1930 bajo el nombre de Penya Spirit of Badalona, recupera as\u00ed una parte de su historia y la traslada a una equipaci\u00f3n que mira hacia el futuro sin olvidar sus ra\u00edces.<\/p>\n<p class=\"ContentTypeText-module-scss-module__t80MYq__content__paragraph\">El dise\u00f1o de las equipaciones de esta temporada est\u00e1 inspirado en la est\u00e9tica del baloncesto estadounidense de los 90, reinterpretada con un lenguaje visual actual y moderno.<\/p>\n<p class=\"ContentTypeText-module-scss-module__t80MYq__content__paragraph\">La primera camiseta mantiene los colores que definen la identidad verdinegra del Club Joventut Badalona, mientras que la segunda incorpora un verde m\u00e1s contempor\u00e1neo y moderno, aportando una nueva lectura a los colores tradicionales del Club. La propuesta combina as\u00ed elementos cl\u00e1sicos y modernos en una colecci\u00f3n que busca reflejar tanto la historia del Joventut como su car\u00e1cter actual.<\/p>\n<p class=\"ContentTypeText-module-scss-module__t80MYq__content__paragraph\">Siguiendo la l\u00ednea de las \u00faltimas temporadas, la ciudad de Badalona vuelve a tener un papel protagonista en el dise\u00f1o de la ropa del Club. En esta ocasi\u00f3n, el Pont del Petroli, uno de los emblemas m\u00e1s reconocidos de la ciudad, ser\u00e1 una pieza clave de la colecci\u00f3n. La camiseta de calentamiento lucir\u00e1 ese s\u00edmbolo tan identificativo de Badalona, \u200b\u200breforzando el v\u00ednculo entre el Club y su ciudad.<\/p>\n<p class=\"ContentTypeText-module-scss-module__t80MYq__content__paragraph\">Adem\u00e1s, el Club mantendr\u00e1 la camiseta azul que ya luci\u00f3 durante la pasada temporada, que en este curso 2026-27 pasar\u00e1 a ser la tercera equipaci\u00f3n del equipo.<\/p>\n<p class=\"ContentTypeText-module-scss-module__t80MYq__content__paragraph\">La primera camiseta oficial, desde ese momento, ya est\u00e1 a la venta en la web del club y en la tienda del M\u00e0gic, as\u00ed como la camiseta de calentamiento. La segunda y tercera equipaci\u00f3n, a partir de la pr\u00f3xima semana.<\/p>\n","protected":false},"excerpt":{"rendered":"El Club Joventut Badalona presenta las nuevas equipaciones para la temporada 2026-27, una colecci\u00f3n que une historia, identidad&hellip;\n","protected":false},"author":2,"featured_media":736062,"comment_status":"","ping_status":"","sticky":false,"template":"","format":"standard","meta":{"footnotes":""},"categories":[269],"tags":[58880,299,298,168,15821,25,24,4079,665,23,167],"class_list":["post-736061","post","type-post","status-publish","format-standard","has-post-thumbnail","category-baloncesto","tag-2026-27","tag-baloncesto","tag-basketball","tag-deportes","tag-equipaciones","tag-es","tag-espana","tag-joventut","tag-liga-endesa","tag-spain","tag-sports"],"share_on_mastodon":{"url":"https:\/\/pubeurope.com\/@es\/117174511154424092","error":""},"_links":{"self":[{"href":"https:\/\/www.europesays.com\/es\/wp-json\/wp\/v2\/posts\/736061","targetHints":{"allow":["GET"]}}],"collection":[{"href":"https:\/\/www.europesays.com\/es\/wp-json\/wp\/v2\/posts"}],"about":[{"href":"https:\/\/www.europesays.com\/es\/wp-json\/wp\/v2\/types\/post"}],"author":[{"embeddable":true,"href":"https:\/\/www.europesays.com\/es\/wp-json\/wp\/v2\/users\/2"}],"replies":[{"embeddable":true,"href":"https:\/\/www.europesays.com\/es\/wp-json\/wp\/v2\/comments?post=736061"}],"version-history":[{"count":0,"href":"https:\/\/www.europesays.com\/es\/wp-json\/wp\/v2\/posts\/736061\/revisions"}],"wp:featuredmedia":[{"embeddable":true,"href":"https:\/\/www.europesays.com\/es\/wp-json\/wp\/v2\/media\/736062"}],"wp:attachment":[{"href":"https:\/\/www.europesays.com\/es\/wp-json\/wp\/v2\/media?parent=736061"}],"wp:term":[{"taxonomy":"category","embeddable":true,"href":"https:\/\/www.europesays.com\/es\/wp-json\/wp\/v2\/categories?post=736061"},{"taxonomy":"post_tag","embeddable":true,"href":"https:\/\/www.europesays.com\/es\/wp-json\/wp\/v2\/tags?post=736061"}],"curies":[{"name":"wp","href":"https:\/\/api.w.org\/{rel}","templated":true}]}}