{"id":736063,"date":"2026-08-28T18:18:17","date_gmt":"2026-08-28T18:18:17","guid":{"rendered":"https:\/\/www.europesays.com\/es\/736063\/"},"modified":"2026-08-28T18:18:17","modified_gmt":"2026-08-28T18:18:17","slug":"alex-gonzalez-vuelve-a-la-palestra-en-el-barca","status":"publish","type":"post","link":"https:\/\/www.europesays.com\/es\/736063\/","title":{"rendered":"\u00c1lex Gonz\u00e1lez vuelve a la palestra en el Bar\u00e7a"},"content":{"rendered":"<p class=\"ft-text\">El<strong> filial del FC Barcelona ultima detalles para el arranque oficial de la competici\u00f3n y Belletti suma una pieza de m\u00e1ximo valor a su esquema. <\/strong><a class=\"ft-link ft-link--decoration\" href=\"https:\/\/www.sport.es\/es\/noticias\/barca\/revelacion-alex-gonzalez-barca-132799520\" rel=\"nofollow noopener\" target=\"_blank\">\u00c1lex Gonz\u00e1lez ya se ejercita al mismo ritmo que sus compa\u00f1eros <\/a>tras dejar atr\u00e1s la sobrecarga muscular que merm\u00f3 su presencia en la recta final de la preparaci\u00f3n veraniega.<\/p>\n<p><img decoding=\"async\" src=\"https:\/\/www.europesays.com\/es\/wp-content\/uploads\/2026\/08\/f26cb007-83a0-435b-9fe1-e441c991b0bf_alta-libre-aspect-ratio_default_0_x600y225.jpg\" width=\"1200\" height=\"675\" alt=\"Gistau, \u00c1lex Gonz\u00e1lez y Diarra de vuelta con el Bar\u00e7a Atl\u00e8tic\" class=\"ft-helper-img-rd\" loading=\"lazy\" fetchpriority=\"auto\"\/><\/p>\n<p class=\"ft-helper-fontColor-quaternary ft-helper-fontSize-body-S ft-helper-spacer-t-xxs\">Gistau, \u00c1lex Gonz\u00e1lez y Diarra de vuelta con el Bar\u00e7a Atl\u00e8tic  \/ FCB<\/p>\n<p class=\"ft-text\">El canterano se convirti\u00f3 en una de las noticias m\u00e1s destacadas en el arranque del curso. Hansi Flick sorprendi\u00f3 <strong>al citarlo para realizar la pretemporada con el primer equipo y el joven futbolista respondi\u00f3 con creces sobre el terreno de juego<\/strong>. <\/p>\n<p>Una de las sorpresas con Flick<\/p>\n<p class=\"ft-text\">Se afianz\u00f3 como una de las notas positivas y sorpresas agradables del grupo principal por su capacidad de adaptaci\u00f3n y descaro. Sin embargo, al concluir el &#8216;stage&#8217; de preparaci\u00f3n en Birmingham, sufri\u00f3 una peque\u00f1a una sobrecarga muscular.<\/p>\n<p class=\"ft-text\">Aquella dolencia le impidi\u00f3 continuar bajo la din\u00e1mica del t\u00e9cnico alem\u00e1n, lo que hizo que se reincorporara a la disciplina del Bar\u00e7a Atl\u00e8tic. Durante las \u00faltimas semanas, los servicios m\u00e9dicos de la entidad han gestionado minuciosamente las cargas de trabajo con el jugador para evitar cualquier tipo riesgo innecesario. Esta prudencia explica que el futbolista no haya disputado ning\u00fan minuto en los compromisos amistosos de pretemporada bajo el mando de Belletti.<\/p>\n<p>Listo para la acci\u00f3n<\/p>\n<p class=\"ft-text\">La estrategia conservadora del cuerpo m\u00e9dico ha dado sus frutos. Gonz\u00e1lez lleva varios d\u00edas totalmente integrado en la din\u00e1mica grupal, completando las sesiones de entrenamiento sin molestias y alcanzando un estado f\u00edsico que roza el 100%.<strong> La evoluci\u00f3n ha sido \u00f3ptima y el jugador estar\u00e1 disponible para la semana clave que afronta el filial blaugrana.<\/strong><\/p>\n<p><img decoding=\"async\" src=\"https:\/\/www.europesays.com\/es\/wp-content\/uploads\/2026\/08\/6dfbd743-f69a-4ebc-9a09-5f9e227e3c19_alta-libre-aspect-ratio_default_0_x1000y444.jpg\" width=\"1200\" height=\"800\" alt=\"Entrenamiento en el Stage de pretemporada del FC Barcelona 2026-2027 en las instalaciones de la selecci\u00f3n inglesa de f\u00fatbol de Saint George\u2019s Park Hotel Hilton en Birmingham UK Foto: Dani Barbeito. alex gonzalez . orian goren. bar\u00e7a. pretemporada 2026\/2027 . stage . inglaterra . entrenos. entreno 2026\/2027. St. George's Park\" class=\"ft-helper-img-rd\" loading=\"lazy\" fetchpriority=\"auto\"\/><\/p>\n<p class=\"ft-helper-fontColor-quaternary ft-helper-fontSize-body-S ft-helper-spacer-t-xxs\">Entrenamiento en el Stage de pretemporada del FC Barcelona 2026-2027 en las instalaciones de la selecci\u00f3n inglesa de f\u00fatbol de Saint George\u2019s Park Hotel Hilton en Birmingham UK Foto: Dani Barbeito. alex gonzalez . orian goren. bar\u00e7a. pretemporada 2026\/2027 . stage . inglaterra . entrenos. entreno 2026\/2027. St. George&#8217;s Park  \/ Dani Barbeito \/ SPO<\/p>\n<p class=\"ft-text\">El calendario aprieta y Belletti podr\u00e1 contar con \u00e9l para dos citas fundamentales en los pr\u00f3ximos d\u00edas. La primera de ellas tendr\u00e1 lugar este mi\u00e9rcoles, <strong>2 de septiembre, con la disputa de la final de la Copa Catalunya frente al Sabadell. <\/strong>Posteriormente, el equipo se estrenar\u00e1 en la competici\u00f3n liguera el pr\u00f3ximo domingo en el Estadio Johan Cruyff ante el N\u00e0xara CD riojano.<\/p>\n<p>Un gran salto<\/p>\n<p class=\"ft-text\">Seg\u00fan ha podido saber SPORT, el futbolista est\u00e1 completamente restablecido y listo para asumir galones en un a\u00f1o decisivo para su proyecci\u00f3n. <strong>Su trayectoria reciente refleja una progresi\u00f3n vertiginosa: lleg\u00f3 al club el pasado mes de abril procedente de la Damm y, en cuesti\u00f3n de cuatro meses, dio el salto desde el Juvenil A del conjunto cervecero hasta entrenar a las \u00f3rdenes de Flick<\/strong> en la \u00e9lite.<\/p>\n<p class=\"ft-text\">Con dos a\u00f1os m\u00e1s de contrato por delante, Gonz\u00e1lez arranca el curso como una figura clave para Belletti en el Bar\u00e7a Atl\u00e8tic, sin perder de vista que se mantiene plenamente en el radar del primer equipo tras la positiva experiencia estival.<\/p>\n","protected":false},"excerpt":{"rendered":"El filial del FC Barcelona ultima detalles para el arranque oficial de la competici\u00f3n y Belletti suma una&hellip;\n","protected":false},"author":2,"featured_media":736064,"comment_status":"","ping_status":"","sticky":false,"template":"","format":"standard","meta":{"footnotes":""},"categories":[268],"tags":[2865,2296,59564,168,25,24,280,282,5976,130703,281,23,167,739],"class_list":["post-736063","post","type-post","status-publish","format-standard","has-post-thumbnail","category-futbol","tag-alex","tag-barca","tag-barca-atletic","tag-deportes","tag-es","tag-espana","tag-football","tag-futbol","tag-gonzalez","tag-palestra","tag-soccer","tag-spain","tag-sports","tag-vuelve"],"share_on_mastodon":{"url":"https:\/\/pubeurope.com\/@es\/117174515748275705","error":""},"_links":{"self":[{"href":"https:\/\/www.europesays.com\/es\/wp-json\/wp\/v2\/posts\/736063","targetHints":{"allow":["GET"]}}],"collection":[{"href":"https:\/\/www.europesays.com\/es\/wp-json\/wp\/v2\/posts"}],"about":[{"href":"https:\/\/www.europesays.com\/es\/wp-json\/wp\/v2\/types\/post"}],"author":[{"embeddable":true,"href":"https:\/\/www.europesays.com\/es\/wp-json\/wp\/v2\/users\/2"}],"replies":[{"embeddable":true,"href":"https:\/\/www.europesays.com\/es\/wp-json\/wp\/v2\/comments?post=736063"}],"version-history":[{"count":0,"href":"https:\/\/www.europesays.com\/es\/wp-json\/wp\/v2\/posts\/736063\/revisions"}],"wp:featuredmedia":[{"embeddable":true,"href":"https:\/\/www.europesays.com\/es\/wp-json\/wp\/v2\/media\/736064"}],"wp:attachment":[{"href":"https:\/\/www.europesays.com\/es\/wp-json\/wp\/v2\/media?parent=736063"}],"wp:term":[{"taxonomy":"category","embeddable":true,"href":"https:\/\/www.europesays.com\/es\/wp-json\/wp\/v2\/categories?post=736063"},{"taxonomy":"post_tag","embeddable":true,"href":"https:\/\/www.europesays.com\/es\/wp-json\/wp\/v2\/tags?post=736063"}],"curies":[{"name":"wp","href":"https:\/\/api.w.org\/{rel}","templated":true}]}}