{"id":736069,"date":"2026-08-28T18:24:34","date_gmt":"2026-08-28T18:24:34","guid":{"rendered":"https:\/\/www.europesays.com\/es\/736069\/"},"modified":"2026-08-28T18:24:34","modified_gmt":"2026-08-28T18:24:34","slug":"marilyn-manson-lanza-edicion-ampliada-y-tema-inedito-pain-regresa-con-el-nuevo-sencillo-i-dont-give-a-fukk-nuevo-tema-de-robert-rodrigo","status":"publish","type":"post","link":"https:\/\/www.europesays.com\/es\/736069\/","title":{"rendered":"Marilyn Manson lanza edici\u00f3n ampliada y tema in\u00e9dito. PAIN regresa con el nuevo sencillo \u00abI Don&#8217;t Give A Fukk\u00bb. Nuevo tema de Robert Rodrigo"},"content":{"rendered":"<p>\u00a0<\/p>\n<p style=\"text-align: center;\"><strong><a href=\"#Manson\">Marilyn Manson lanza edici\u00f3n ampliada y tema in\u00e9dito. <\/a><\/strong> \u2013 <strong><a href=\"#PAIN\">PAIN regresa con el nuevo sencillo \u00abI Don\u2019t Give A Fukk\u00bb<\/a><\/strong> \u2013 <a href=\"#Robert_Rodrigo\"><strong>Nuevo tema de Robert Rodrigo<\/strong><\/a><\/p>\n<p><strong>Marilyn Manson<\/strong> ha lanzado una edici\u00f3n ampliada de su nuevo \u00e1lbum, One Assassination Under God \u2013 Chapter 2, ya disponible digitalmente en todo el mundo a trav\u00e9s de Nuclear Blast Records<strong>.<\/strong><\/p>\n<p>Esta nueva edici\u00f3n incluye el tema in\u00e9dito \u00abYou Can\u2019t Die Young\u00bb a las nueve canciones originales del \u00e1lbum, ofreciendo una muestra m\u00e1s del \u00faltimo cap\u00edtulo creativo de <strong>Manson<\/strong>.<\/p>\n<p><img fetchpriority=\"high\" decoding=\"async\" src=\"https:\/\/www.europesays.com\/es\/wp-content\/uploads\/2026\/08\/MarilynManson2026_2.jpg\" alt=\"Marilyn Manson \" width=\"333\" height=\"500\"\/><\/p>\n<p>Coescrito y coproducido con su colaborador habitual Tyler Bates, One Assassination Under God \u2013 Chapter 2 se lanz\u00f3 a principios de este mes y contin\u00faa la historia iniciada con One Assassination Under God \u2013 Chapter 1 en 2024. El disco incluye los sencillos \u00abExit Wound\u00bb y \u00abFront Toward Enemy\u00bb, as\u00ed como el tema que abre el \u00e1lbum, \u00abUnalive\u00bb, acompa\u00f1ado de un videoclip oficial dirigido por Anthony Silva.<\/p>\n<p>La llegada de la Edici\u00f3n Ampliada coincide con la extensa gira norteamericana de <strong>Marilyn Manson<\/strong> junto a Rob Zombie, con THE HU y ORGY como teloneros en algunas fechas. Con numerosos conciertos ya agotados y las entradas para las fechas restantes vendi\u00e9ndose r\u00e1pidamente, la gira se extender\u00e1 hasta septiembre antes de que <strong>Manson<\/strong> regrese para una serie de conciertos como cabeza de cartel y presentaciones en festivales este oto\u00f1o.<\/p>\n<p>\u00a0<\/p>\n<p>\u00a0<\/p>\n<p>\u00a0<\/p>\n<p><strong>PAIN <\/strong>regresa con el nuevo sencillo \u00abI Don\u2019t Give A Fukk\u00bb a trav\u00e9s de Reigning Phoenix Music<strong>.<\/strong><\/p>\n<p>Conciso, provocador y construido en torno a un estribillo brutalmente directo, \u00abI Don\u2019t Give A Fukk\u00bb transforma la confusi\u00f3n y la hostilidad del mundo moderno en tres minutos de desaf\u00edo mecanizado. Guitarras distorsionadas, un pulso electr\u00f3nico implacable y la inconfundible voz de Peter T\u00e4gtgren impulsan la canci\u00f3n hacia un estribillo dise\u00f1ado para ser coreado a todo volumen.<\/p>\n<p>La letra ofrece una visi\u00f3n cruda de una sociedad consumida por el teatro pol\u00edtico, la desconfianza, la manipulaci\u00f3n y versiones contrapuestas de la realidad. Im\u00e1genes provocadoras de conspiraci\u00f3n chocan con acusaciones de hipocres\u00eda y divisi\u00f3n artificial, capturando la sensaci\u00f3n de estar rodeado de ruido sin saber en qui\u00e9n o en qu\u00e9 creer.<\/p>\n<p>Coescrito por Peter y su hijo, el baterista de <strong>PAIN<\/strong>, Sebastian T\u00e4gtgren, el sencillo contin\u00faa la creciente colaboraci\u00f3n creativa de ambos, llevando el proyecto a un nuevo e inesperado rinc\u00f3n de su sonido.<\/p>\n<p>\u00a0<\/p>\n<p>\u00a0<\/p>\n<p>\u00a0<\/p>\n<p><strong><a href=\"https:\/\/www.facebook.com\/robertrrodrigo\" target=\"_blank\" rel=\"noopener nofollow\">Robert Rodrigo<\/a>\u00a0<\/strong>lanza su nuevo sencillo instrumental,\u00a0\u00abTake Me Hard\u00bb, perteneciente a su EP\u00a0\u201cShake The Hard Way\u201d. Un potente corte de rock duro. Impulsado por un\u00a0groove\u00a0contundente con elementos\u00a0funky, guitarras afiladas y una base r\u00edtmica de pura pegada donde la t\u00e9cnica se pone al servicio del ritmo y la energ\u00eda<strong>.<\/strong><\/p>\n<p>El apartado musical cobra vida gracias a un impecable trabajo de interpretaci\u00f3n en el que destacan\u00a0<strong>Robert Rodrigo<\/strong>\u00a0a las guitarras,\u00a0<strong>Miguel Manj\u00f3n<\/strong>\u00a0al bajo y\u00a0<strong>Ander Pena<\/strong>\u00a0a la bater\u00eda, formando un tr\u00edo s\u00f3lido que imprime una fuerza y una cohesi\u00f3n extraordinarias al tema.<\/p>\n<p>El lanzamiento se acompa\u00f1a de un sorprendente videoclip rodado en Bilbao (con escenarios como el Azurro, la r\u00eda y la azotea del edificio So\u00f1ar). Producido y dirigido por el propio Rodrigo, el v\u00eddeo cuenta con la direcci\u00f3n de fotograf\u00eda de\u00a0<strong>Juanma Aparicio,\u00a0<\/strong>\u00a0<strong>Miguel Araico <\/strong>a la c\u00e1mara, y est\u00e1 protagonizado por los actores\u00a0<strong>Galder Tudela<\/strong>\u00a0y\u00a0<strong>Natalia \u00c1lvarez<\/strong>, ofreciendo una cuidada narrativa visual a la altura de la fuerza del tema.<\/p>\n<p><strong>\u00abTake Me Hard\u00bb<\/strong>\u00a0ya est\u00e1 disponible en su canal oficial en YouTube, el nuevo EP \u201cShake The Hard Way\u201d estar\u00e1 disponible en todas la plataformas a partir del<strong> 4 de septiembre de 2026<\/strong><strong>.<\/strong><\/p>\n<p>\u00e7<\/p>\n<p><strong>Pr\u00f3ximas fechas en directo:<\/strong><\/p>\n<p>2026<\/p>\n<ul>\n<li>12\u00a0 Sep\u00a0\u00a0\u00a0 Rockville \/ Madrid<\/li>\n<li>26\u00a0 Sep\u00a0\u00a0\u00a0 La Deskomunal \/ Barcelona<\/li>\n<li>27\u00a0 Sep\u00a0\u00a0\u00a0 Rock &amp; Blues Caf\u00e9 \/ Zaragoza<\/li>\n<li>17 \u00a0Oct\u00a0\u00a0\u00a0\u00a0 Crazy Horse \/ Bilbao<\/li>\n<\/ul>\n<p>2027<\/p>\n<ul>\n<li>30 Ene\u00a0\u00a0\u00a0 Mardi Grass \/ A Coru\u00f1a<\/li>\n<\/ul>\n<p>\u00a0<\/p>\n<p align=\"center\"><strong>Sigue el \u00a0<a href=\"https:\/\/whatsapp.com\/channel\/0029VaCprxVBA1f555USvT2O\" target=\"_blank\" rel=\"nofollow noopener\">Canal de RAFABASA.COM en WhatsApp<\/a>, donde encontrar\u00e1s todas nuestras novedades al instante<\/strong><\/p>\n<p>\u00a0<\/p>\n<p>\u00a0<\/p>\n","protected":false},"excerpt":{"rendered":"\u00a0 Marilyn Manson lanza edici\u00f3n ampliada y tema in\u00e9dito. \u2013 PAIN regresa con el nuevo sencillo \u00abI Don\u2019t&hellip;\n","protected":false},"author":2,"featured_media":736070,"comment_status":"","ping_status":"","sticky":false,"template":"","format":"standard","meta":{"footnotes":""},"categories":[170],"tags":[146,147,25,24,12006,184,185,8559,85799,23],"class_list":["post-736069","post","type-post","status-publish","format-standard","has-post-thumbnail","category-musica","tag-entertainment","tag-entretenimiento","tag-es","tag-espana","tag-marilyn-manson","tag-music","tag-musica","tag-pain","tag-robert-rodrigo","tag-spain"],"share_on_mastodon":{"url":"https:\/\/pubeurope.com\/@es\/117174538596034406","error":""},"_links":{"self":[{"href":"https:\/\/www.europesays.com\/es\/wp-json\/wp\/v2\/posts\/736069","targetHints":{"allow":["GET"]}}],"collection":[{"href":"https:\/\/www.europesays.com\/es\/wp-json\/wp\/v2\/posts"}],"about":[{"href":"https:\/\/www.europesays.com\/es\/wp-json\/wp\/v2\/types\/post"}],"author":[{"embeddable":true,"href":"https:\/\/www.europesays.com\/es\/wp-json\/wp\/v2\/users\/2"}],"replies":[{"embeddable":true,"href":"https:\/\/www.europesays.com\/es\/wp-json\/wp\/v2\/comments?post=736069"}],"version-history":[{"count":0,"href":"https:\/\/www.europesays.com\/es\/wp-json\/wp\/v2\/posts\/736069\/revisions"}],"wp:featuredmedia":[{"embeddable":true,"href":"https:\/\/www.europesays.com\/es\/wp-json\/wp\/v2\/media\/736070"}],"wp:attachment":[{"href":"https:\/\/www.europesays.com\/es\/wp-json\/wp\/v2\/media?parent=736069"}],"wp:term":[{"taxonomy":"category","embeddable":true,"href":"https:\/\/www.europesays.com\/es\/wp-json\/wp\/v2\/categories?post=736069"},{"taxonomy":"post_tag","embeddable":true,"href":"https:\/\/www.europesays.com\/es\/wp-json\/wp\/v2\/tags?post=736069"}],"curies":[{"name":"wp","href":"https:\/\/api.w.org\/{rel}","templated":true}]}}