{"id":736119,"date":"2026-08-28T18:55:19","date_gmt":"2026-08-28T18:55:19","guid":{"rendered":"https:\/\/www.europesays.com\/es\/736119\/"},"modified":"2026-08-28T18:55:19","modified_gmt":"2026-08-28T18:55:19","slug":"la-jueza-autoriza-el-volcado-de-los-moviles-del-investigado-por-el-incendio-de-riglos","status":"publish","type":"post","link":"https:\/\/www.europesays.com\/es\/736119\/","title":{"rendered":"La jueza autoriza el volcado de los m\u00f3viles del investigado por el incendio de Riglos"},"content":{"rendered":"<p class=\"article-text\">\n        La jueza que instruye el incendio de Las Pe\u00f1as de Riglos ha autorizado el volcado y an\u00e1lisis de los dos tel\u00e9fonos m\u00f3viles intervenidos al trabajador investigado por el origen del fuego, seg\u00fan ha adelantado Heraldo de Arag\u00f3n. La Guardia Civil podr\u00e1 acceder al contenido de los dispositivos para buscar fotograf\u00edas, v\u00eddeos, mensajes, llamadas y datos de geolocalizaci\u00f3n que permitan esclarecer qu\u00e9 ocurri\u00f3 en los momentos previos y posteriores al inicio de las llamas.\n    <\/p>\n<p class=\"article-text\">\n        Uno de los objetivos principales es comprobar si alguno de los tel\u00e9fonos contiene una fotograf\u00eda tomada cuando apenas hab\u00edan comenzado las llamas. La imagen, que circul\u00f3 por grupos de WhatsApp de personas de la zona, muestra el fuego en una fase muy incipiente y los investigadores manejan la posibilidad de que pudiera haber sido captada por el propio trabajador durante los 56 segundos en los que las c\u00e1maras de seguridad no registraron lo ocurrido.\n    <\/p>\n<p class=\"article-text\">\n        Los dos tel\u00e9fonos que fueron intervenidos son un iPhone 17 Pro y un Samsung. Su an\u00e1lisis pretende determinar si alguno de ellos contiene la fotograf\u00eda original y, en general, si existe informaci\u00f3n que permita contrastar la versi\u00f3n ofrecida por el trabajador y aclarar si pudo haber otras personas relacionadas con el incendio.\n    <\/p>\n<p class=\"article-text\">\n        La diligencia llega un d\u00eda despu\u00e9s de que la Audiencia Provincial de Huesca acordara dejar en libertad al investigado, al considerar que los indicios existentes hasta ahora no tienen la solidez suficiente para mantenerlo en prisi\u00f3n provisional. El tribunal, no obstante, mantiene abierta la investigaci\u00f3n y considera que su presencia en el lugar y en el momento en que comenz\u00f3 el fuego justifica que contin\u00fae siendo investigado.\n    <\/p>\n<p>    Las c\u00e1maras no captaron el momento exacto del inicio<\/p>\n<p class=\"article-text\">\n        El incendio se declar\u00f3 el 10 de agosto, en torno a las 10:50, en unos matojos situados en un talud pr\u00f3ximo a la campa donde se almacenaba material de las obras de la A-132. El trabajador investigado, de 28 a\u00f1os, se encontraba trabajando para una subcontrata de las obras. Las c\u00e1maras de seguridad de la zona lo sit\u00faan cerca del punto en el que comenz\u00f3 el fuego e incluso lo captan agach\u00e1ndose en sus inmediaciones. Sin embargo, las grabaciones no son continuas porque los dispositivos funcionan mediante sensores de movimiento y no registraron el instante exacto en el que comenz\u00f3 el fuego.\n    <\/p>\n<p class=\"article-text\">\n        La Audiencia Provincial ha destacado precisamente esta circunstancia al revocar la prisi\u00f3n provisional. Las im\u00e1genes muestran al investigado cerca de la zona, pero no se le ve prendiendo ning\u00fan fuego. Cuando aparecen las primeras llamas, adem\u00e1s, se encuentra a varios metros del punto en el que se inici\u00f3 el incendio. El propio auto se\u00f1ala que las im\u00e1genes muestran al trabajador utilizando su tel\u00e9fono m\u00f3vil en esos primeros momentos, por lo que no descarta que pudiera estar intentando avisar del incendio, como \u00e9l mismo sostuvo. Poco despu\u00e9s, dos compa\u00f1eros llegan al lugar y, junto al investigado, buscan extintores para tratar de apagar las llamas.\n    <\/p>\n<p class=\"article-text\">\n        La Sala tambi\u00e9n subraya que no hay testigos que aseguren haber visto al investigado provocando el fuego, pese a que el incendio comenz\u00f3 cerca de una carretera con tr\u00e1fico. Por ello, considera que la presencia del trabajador en el lugar y a esa hora permite mantener la investigaci\u00f3n, pero no justifica por s\u00ed sola una medida tan restrictiva como la prisi\u00f3n provisional.\n    <\/p>\n<p>    La causa del fuego tampoco est\u00e1 cerrada<\/p>\n<p class=\"article-text\">\n        Otro de los puntos que ha cuestionado la Audiencia es la determinaci\u00f3n del origen del incendio. El tribunal considera que el informe preliminar que apuntaba a la aplicaci\u00f3n directa de una llama sobre el combustible vegetal era insuficiente para descartar otras hip\u00f3tesis, entre otras razones porque la zona no qued\u00f3 preservada hasta que los t\u00e9cnicos acudieron horas despu\u00e9s.  Adem\u00e1s, el investigado declar\u00f3 que posteriormente retir\u00f3 junto a dos compa\u00f1eros un aerosol que se encontraba en la zona. La Audiencia considera que esta posibilidad no consta suficientemente investigada y apunta que resulta razonablemente probable que los trabajadores pudieran retirar elementos durante las labores iniciales para intentar controlar el fuego.\n    <\/p>\n<p>    <a href=\"https:\/\/www.eldiario.es\/aragon\/sociedad\/juez-deja-libertad-investigado-incendio-riglos-ver-insuficientes-indicios-responsable_1_13469473.html\" data-mrf-recirculation=\"saber-mas-abajo\" data-dl-event=\"saber-mas-abajo\" rel=\"nofollow noopener\" target=\"_blank\"><\/p>\n<p class=\"know-more__title\">El juez deja en libertad al investigado por el incendio de Riglos al ver \u201cinsuficientes\u201d los indicios contra \u00e9l como responsable\n<\/p>\n<p>            <img decoding=\"async\" class=\"lazy\" loading=\"lazy\" data-src=\"https:\/\/static.eldiario.es\/clip\/12654e6c-ea7a-4746-932f-481524ca13b4_16-9-aspect-ratio_default_0.jpg\" src=\"data:image\/svg+xml,%3Csvg xmlns=\" http:=\"\" viewbox=\"0 0 880 495\" alt=\"El juez deja en libertad al investigado por el incendio de Riglos al ver &quot;insuficientes&quot; los indicios contra \u00e9l como responsable\"\/><\/p>\n<p>                        <\/a><\/p>\n<p class=\"article-text\">\n        Con este escenario, la Audiencia concluy\u00f3 que los indicios contra el trabajador son insuficientes, por ahora, para mantenerlo en prisi\u00f3n. La investigaci\u00f3n, sin embargo, contin\u00faa, y el an\u00e1lisis de sus dos tel\u00e9fonos abre ahora una nueva v\u00eda para comprobar qu\u00e9 ocurri\u00f3 durante los momentos clave del incendio.  El investigado permanece en libertad con medidas cautelares: tiene que entregar su pasaporte, no puede salir de Espa\u00f1a, debe facilitar un domicilio y un tel\u00e9fono de contacto y tiene que comparecer ante el juzgado los lunes, mi\u00e9rcoles y viernes. El incumplimiento de estas medidas podr\u00eda llevar a la adopci\u00f3n de otras m\u00e1s severas, incluida de nuevo la prisi\u00f3n provisional.\n    <\/p>\n","protected":false},"excerpt":{"rendered":"La jueza que instruye el incendio de Las Pe\u00f1as de Riglos ha autorizado el volcado y an\u00e1lisis de&hellip;\n","protected":false},"author":2,"featured_media":736120,"comment_status":"","ping_status":"","sticky":false,"template":"","format":"standard","meta":{"footnotes":""},"categories":[8],"tags":[517,4499,17,18,13616,13612,13613,25,24,13,14,13617,11,1265,19,20,13615,9,10,15,16,13614,952,492,23,12731,12,21,22,491],"class_list":["post-736119","post","type-post","status-publish","format-standard","has-post-thumbnail","category-espana","tag-actualidad","tag-aragon","tag-breaking-news","tag-breakingnews","tag-celia-soria","tag-eldiario","tag-elprismatico","tag-es","tag-espana","tag-featured-news","tag-featurednews","tag-fernando-garcia-mongay","tag-headlines","tag-huesca","tag-latest-news","tag-latestnews","tag-marimar-cabrera","tag-news","tag-noticias","tag-noticias-destacadas","tag-noticiasdestacadas","tag-oscar-f-civieta","tag-politica","tag-sociedad","tag-spain","tag-teruel","tag-titulares","tag-ultimas-noticias","tag-ultimasnoticias","tag-zaragoza"],"share_on_mastodon":{"url":"https:\/\/pubeurope.com\/@es\/117174660397244951","error":""},"_links":{"self":[{"href":"https:\/\/www.europesays.com\/es\/wp-json\/wp\/v2\/posts\/736119","targetHints":{"allow":["GET"]}}],"collection":[{"href":"https:\/\/www.europesays.com\/es\/wp-json\/wp\/v2\/posts"}],"about":[{"href":"https:\/\/www.europesays.com\/es\/wp-json\/wp\/v2\/types\/post"}],"author":[{"embeddable":true,"href":"https:\/\/www.europesays.com\/es\/wp-json\/wp\/v2\/users\/2"}],"replies":[{"embeddable":true,"href":"https:\/\/www.europesays.com\/es\/wp-json\/wp\/v2\/comments?post=736119"}],"version-history":[{"count":0,"href":"https:\/\/www.europesays.com\/es\/wp-json\/wp\/v2\/posts\/736119\/revisions"}],"wp:featuredmedia":[{"embeddable":true,"href":"https:\/\/www.europesays.com\/es\/wp-json\/wp\/v2\/media\/736120"}],"wp:attachment":[{"href":"https:\/\/www.europesays.com\/es\/wp-json\/wp\/v2\/media?parent=736119"}],"wp:term":[{"taxonomy":"category","embeddable":true,"href":"https:\/\/www.europesays.com\/es\/wp-json\/wp\/v2\/categories?post=736119"},{"taxonomy":"post_tag","embeddable":true,"href":"https:\/\/www.europesays.com\/es\/wp-json\/wp\/v2\/tags?post=736119"}],"curies":[{"name":"wp","href":"https:\/\/api.w.org\/{rel}","templated":true}]}}