{"id":736129,"date":"2026-08-28T19:05:12","date_gmt":"2026-08-28T19:05:12","guid":{"rendered":"https:\/\/www.europesays.com\/es\/736129\/"},"modified":"2026-08-28T19:05:12","modified_gmt":"2026-08-28T19:05:12","slug":"losada-decidira-tras-el-levante","status":"publish","type":"post","link":"https:\/\/www.europesays.com\/es\/736129\/","title":{"rendered":"Losada decidir\u00e1 tras el Levante"},"content":{"rendered":"<p style=\"\">El <strong>Real Betis<\/strong> est\u00e1 a la espera de que <strong>Iker Losada<\/strong> defina su destino como cedido en este mercado de fichajes. El futbolista ha tratado de apurar hasta el cierre de las operaciones del pr\u00f3ximo 21 de septiembre y se ha comprometido con  &#8230; el club verdiblanco a elegir entre uno de los equipos que han ofertado por \u00e9l en las pr\u00f3ximas horas. Lo har\u00e1 tras la disputa del Levante &#8211; Betis de este s\u00e1bado en el Ciutat de Valencia, siendo el equipo granota, de hecho, uno de los candidatos a volver a contar con sus servicios. <\/p>\n<p class=\"v-d-p\" style=\"\">Losada fue contratado por el Betis en el verano de 2024 a cambio de <strong>1,8 millones de euros<\/strong> procedente del Racing de Ferrol en una operaci\u00f3n en la que se valoraba su progresi\u00f3n tras una excelente campa\u00f1a en Segunda. No tuvo muchas opciones con Pellegrini y fue cedido al Celta, primero, y al Levante, despu\u00e9s, en estas campa\u00f1as pero tampoco goz\u00f3 de gran continuidad.<\/p>\n<p class=\"v-d-p\" style=\"\">El delantero gallego, de 25 a\u00f1os, ha participado en algunos partidos del iniciod e la pretemporada con el Betis pero no cuenta en los planes del equipo verdiblanco, que necesita su espacio y su dorsal (14) para las incorporaciones que est\u00e1n previstas en el centro del campo antes del cierre del mercado.<\/p>\n<p class=\"v-d-p\" style=\"\">As\u00ed, Losada ha de decidir entre los clubes de Primera que se han acercado a \u00e9l y que son su opci\u00f3n principal, y los de Segunda y el extranjero que aspiran a contar con \u00e9l como cedido.    <\/p>\n","protected":false},"excerpt":{"rendered":"El Real Betis est\u00e1 a la espera de que Iker Losada defina su destino como cedido en este&hellip;\n","protected":false},"author":2,"featured_media":736130,"comment_status":"","ping_status":"","sticky":false,"template":"","format":"standard","meta":{"footnotes":""},"categories":[268],"tags":[291,14146,10598,168,4578,25,24,280,282,3151,35942,281,23,167,575],"class_list":["post-736129","post","type-post","status-publish","format-standard","has-post-thumbnail","category-futbol","tag-betis","tag-cedido","tag-decidira","tag-deportes","tag-destino","tag-es","tag-espana","tag-football","tag-futbol","tag-levante","tag-losada","tag-soccer","tag-spain","tag-sports","tag-tras"],"share_on_mastodon":{"url":"https:\/\/pubeurope.com\/@es\/117174699730885302","error":""},"_links":{"self":[{"href":"https:\/\/www.europesays.com\/es\/wp-json\/wp\/v2\/posts\/736129","targetHints":{"allow":["GET"]}}],"collection":[{"href":"https:\/\/www.europesays.com\/es\/wp-json\/wp\/v2\/posts"}],"about":[{"href":"https:\/\/www.europesays.com\/es\/wp-json\/wp\/v2\/types\/post"}],"author":[{"embeddable":true,"href":"https:\/\/www.europesays.com\/es\/wp-json\/wp\/v2\/users\/2"}],"replies":[{"embeddable":true,"href":"https:\/\/www.europesays.com\/es\/wp-json\/wp\/v2\/comments?post=736129"}],"version-history":[{"count":0,"href":"https:\/\/www.europesays.com\/es\/wp-json\/wp\/v2\/posts\/736129\/revisions"}],"wp:featuredmedia":[{"embeddable":true,"href":"https:\/\/www.europesays.com\/es\/wp-json\/wp\/v2\/media\/736130"}],"wp:attachment":[{"href":"https:\/\/www.europesays.com\/es\/wp-json\/wp\/v2\/media?parent=736129"}],"wp:term":[{"taxonomy":"category","embeddable":true,"href":"https:\/\/www.europesays.com\/es\/wp-json\/wp\/v2\/categories?post=736129"},{"taxonomy":"post_tag","embeddable":true,"href":"https:\/\/www.europesays.com\/es\/wp-json\/wp\/v2\/tags?post=736129"}],"curies":[{"name":"wp","href":"https:\/\/api.w.org\/{rel}","templated":true}]}}