{"id":736203,"date":"2026-08-28T20:00:18","date_gmt":"2026-08-28T20:00:18","guid":{"rendered":"https:\/\/www.europesays.com\/es\/736203\/"},"modified":"2026-08-28T20:00:18","modified_gmt":"2026-08-28T20:00:18","slug":"bezzecchi-rompe-el-record-de-aragon-y-marc-marquez-se-reserva-la-voz-de-galicia","status":"publish","type":"post","link":"https:\/\/www.europesays.com\/es\/736203\/","title":{"rendered":"Bezzecchi rompe el r\u00e9cord de Arag\u00f3n y Marc M\u00e1rquez se reserva &#8211; La Voz de Galicia"},"content":{"rendered":"<ol>\n<li><a href=\"https:\/\/news.google.com\/rss\/articles\/CBMi0gFBVV95cUxOM2lTNXh2bURveU4wY1Q5RGVhV0dwUGRyaUc4T1ZzTkl5MXhYVU9SVFlTeHoxUVh6dFVKb1MtSUJoMUY4a1A0MEZVMTFuMWZDeEdMSUR3TlJYaVBUVEhkWlc5NmVORnJYLUtvYzM1TFBpaGM5OW9PRTVwckl3MVNHd1dibTZrLXJjNE5vWGg0bTVvZXZDYW04NnFDY2hhZkdYLXgzcFNlVWs3bFU1bHdjakZyTEpmYXRqTmJkV2I2MEh6TnljcUJjOTg3N28wNi1IOUHSAe4BQVVfeXFMTjlUMGgyM2FMaktlU0tBcjVKTk1ZNXRLeFZlWjg3M1VvWTdXMFczZS0tMUV6WW9DRUNQWm9sb0F6TDJQdUU0alhxb1RRZ3g3RHBKWi16MTdxbi05M0M5V3VEMFhEdDY1ZndUU1pQXzZFeU5uYW5WMlJ3MEhsQ1ctZDludWFMTS1heHJ0d3lsR2dXd21KaHh3Tm11OEViclJSeXlRMk1kaTZlSHpma1RXRmREWFl0dWhpQi1NbTBlTXpsdU5LTVV0V29XY2taUzl6VlN3b3FUOHRHOURvakRwUXoxbDctZ1I0VXE4dXM4QQ?oc=5\" target=\"_blank\" rel=\"nofollow noopener\">Bezzecchi rompe el r\u00e9cord de Arag\u00f3n y Marc M\u00e1rquez se reserva<\/a>&nbsp;&nbsp;La Voz de Galicia<\/li>\n<li><a href=\"https:\/\/news.google.com\/rss\/articles\/CBMigAFBVV95cUxOOUI5U0lvR3I4emVQSU1iZDctb2lEOU5ZM3dPeVo3Z014QzB6VU11dmxHR25UbFRUWlluVFl0eXpTZGMtdFlHSG9jRndzbnlNcHVFU3V3OXFUX2tlTXhlaWpaTVlIR0llR1hLb1JyaEVrMnpOS3NQUTVFaExOb2hES9IBlAFBVV95cUxQbTFhd2l3NGlRX3BnZlc4SkY1SG9NQUd2VmdjTXRMbXRWUkVkNVV3RXNxMWQ4Yk5sVWVvd1pkLXNKQ2tacGVRNU5pOHQ0cE5zMXoybkExSmJ5Q1dTVzVXbVlFS2dCRzVNV0o4YXBYaTJ0d1ZYRWk2U292b2k5VWhqYXg3SVp0R3JDaExtM2FSLTVvZVFy?oc=5\" target=\"_blank\" rel=\"nofollow noopener\">M\u00e1rquez: \u201cBezzecchi no se arruga\u201d<\/a>&nbsp;&nbsp;Diario AS<\/li>\n<li><a href=\"https:\/\/news.google.com\/rss\/articles\/CBMinwFBVV95cUxPZ3hOZmQxbVZCN0NDbFc2d2hyZDZDelowQkZ0RDF4YVY4cUZXSEx3ODRSMkFsQjU2dFl3WFIycXFOVzNBeXB1S0JrTVpJb0ZJRWVrZE16MzdqQ3NraW1oWXctUk9kcEtmMVhtNkhsa2VUNndMMUlUckE3dDRldlFJdlFkQ1cxTWJNbFF0QXpNek5WdDdVQk9QNmJzT2RZRVk?oc=5\" target=\"_blank\" rel=\"nofollow noopener\">Tr\u00e1fico activa un operativo especial con motivo del Gran Premio de Arag\u00f3n<\/a>&nbsp;&nbsp;DGT<\/li>\n<li><a href=\"https:\/\/news.google.com\/rss\/articles\/CBMivwFBVV95cUxNRDlicXpJak92dTlURlRZemJhVVJWQXRQOFgzVkJPNmVYa1V1a25HZDcxcVB3dUlUamlPMUplMV9oblZrM244Y3ZUVXMwRUpkNzdrZ2xHcWlaQ0twb0FNamk0bVRhWTM5ZEthbWZOWGZEUmtWdVZxUmVOWVB5RTYyZjdCMUVXSWZPdGR3akhZOG9tcWsxSGN0NEhER3p2aFczSDJ5d2RnemJsTnlySlBaZVNlSURINHBMUHhZaWlrbw?oc=5\" target=\"_blank\" rel=\"nofollow noopener\">Gran Premio de Arag\u00f3n de MotoGP: horarios y d\u00f3nde ver por TV en directo todas las pruebas del fin de semana<\/a>&nbsp;&nbsp;El Confidencial<\/li>\n<li><a href=\"https:\/\/news.google.com\/rss\/articles\/CBMi7gFBVV95cUxQYjVfaFk0VTlKc3VHMld4UmVHaGlzdmJhYkFIbkE4RUd5QTRLOUl1OERHUG5ldFhOV3FWbEFpUlAtRXp4cWhQQVpqLXQxVUo4TlRfdDFWOThIalQwWjdVTUxCLXZrX1hjR0ZCa0tPQmxXUlAyTllfdHZUdDFCTXk2SmFhWWQ0NmM5QkswTXRJUlhDZlBqNXRpV1lsSHNyRk1tNEhNTm9oSlY3VFpoTjdGSElxWk5HeU5HZEx3c1NqRlFGUUJtTUdWQ1c5YXp5RkdISi1PaTVveVQ5WHprQ1hFeE5aOVpyVnVTVHBjOXFR0gHuAUFVX3lxTE9yU0dueWh5MktEdXhUY0l1SzZSSW1PWlF3M25ibTR6MU9IVWd3S1lyLXFIUmxQc0I5Q1Q1YWlHcnh0VDlxbURJU0kwbDhFRjhLR2wyeXhzQVRyVnFBWG9oUHdBTExwN19CaGxEM2hBSUZGazlKSGdsZXFCOFRNR09wNW8wb0tqMm9Cc0ZRRFdiRDB0UThKTkk5RDd1UnVTRThPWVlzbWlHNl9kRDJQc2JjUm9sakVJeEI5d25ZWjI5MXdyTnRLNGVPdXZsaXh5eEFka00xUmVZREo4ZmEyNTRHR2lyeW9CMWpQNDN3RkE?oc=5\" target=\"_blank\" rel=\"nofollow noopener\">Marc M\u00e1rquez sabe lo que tiene que cambiar para luchar por el t\u00edtulo: \u00abHe aprendido la lecci\u00f3n\u00bb<\/a>&nbsp;&nbsp;LaSexta<\/li>\n<\/ol>\n","protected":false},"excerpt":{"rendered":"Bezzecchi rompe el r\u00e9cord de Arag\u00f3n y Marc M\u00e1rquez se reserva&nbsp;&nbsp;La Voz de Galicia M\u00e1rquez: \u201cBezzecchi no se&hellip;\n","protected":false},"author":2,"featured_media":736204,"comment_status":"","ping_status":"","sticky":false,"template":"","format":"standard","meta":{"footnotes":""},"categories":[93],"tags":[168,25,24,13638,12143,23,167],"class_list":["post-736203","post","type-post","status-publish","format-standard","has-post-thumbnail","category-deportes","tag-deportes","tag-es","tag-espana","tag-marc-marquez","tag-motogp","tag-spain","tag-sports"],"share_on_mastodon":{"url":"https:\/\/pubeurope.com\/@es\/117174916150921433","error":""},"_links":{"self":[{"href":"https:\/\/www.europesays.com\/es\/wp-json\/wp\/v2\/posts\/736203","targetHints":{"allow":["GET"]}}],"collection":[{"href":"https:\/\/www.europesays.com\/es\/wp-json\/wp\/v2\/posts"}],"about":[{"href":"https:\/\/www.europesays.com\/es\/wp-json\/wp\/v2\/types\/post"}],"author":[{"embeddable":true,"href":"https:\/\/www.europesays.com\/es\/wp-json\/wp\/v2\/users\/2"}],"replies":[{"embeddable":true,"href":"https:\/\/www.europesays.com\/es\/wp-json\/wp\/v2\/comments?post=736203"}],"version-history":[{"count":0,"href":"https:\/\/www.europesays.com\/es\/wp-json\/wp\/v2\/posts\/736203\/revisions"}],"wp:featuredmedia":[{"embeddable":true,"href":"https:\/\/www.europesays.com\/es\/wp-json\/wp\/v2\/media\/736204"}],"wp:attachment":[{"href":"https:\/\/www.europesays.com\/es\/wp-json\/wp\/v2\/media?parent=736203"}],"wp:term":[{"taxonomy":"category","embeddable":true,"href":"https:\/\/www.europesays.com\/es\/wp-json\/wp\/v2\/categories?post=736203"},{"taxonomy":"post_tag","embeddable":true,"href":"https:\/\/www.europesays.com\/es\/wp-json\/wp\/v2\/tags?post=736203"}],"curies":[{"name":"wp","href":"https:\/\/api.w.org\/{rel}","templated":true}]}}