{"id":736261,"date":"2026-08-28T20:49:17","date_gmt":"2026-08-28T20:49:17","guid":{"rendered":"https:\/\/www.europesays.com\/es\/736261\/"},"modified":"2026-08-28T20:49:17","modified_gmt":"2026-08-28T20:49:17","slug":"el-alegato-de-sara-carbonero-al-compartir-una-imagen-de-sus-cicatrices-en-instagram-gente","status":"publish","type":"post","link":"https:\/\/www.europesays.com\/es\/736261\/","title":{"rendered":"El alegato de Sara Carbonero al compartir una imagen de sus cicatrices en Instagram | Gente"},"content":{"rendered":"<p class=\"loc\">Madrid<\/p>\n<p>Un mensaje de liberaci\u00f3n personal tras superar meses convulsos en lo relativo a su salud y a su entorno familiar. <a href=\"https:\/\/cadenaser.com\/nacional\/2025\/03\/07\/la-vida-tiene-estos-giros-dificiles-sara-carbonero-rota-de-dolor-tras-la-marcha-de-david-cantero-de-telecinco-cadena-ser\/\" target=\"_blank\" rel=\"nofollow noopener\" title=\"https:\/\/cadenaser.com\/nacional\/2025\/03\/07\/la-vida-tiene-estos-giros-dificiles-sara-carbonero-rota-de-dolor-tras-la-marcha-de-david-cantero-de-telecinco-cadena-ser\/\">La periodista Sara Carbonero <\/a>ha querido resignificar las duras batallas m\u00e9dicas contra del c\u00e1ncer y personales que ha atravesado recientemente.<\/p>\n<p>En una imagen publicada en su cuenta oficial de Instagram, ante sus 3,6 millones de seguidores, la comunicadora luce con naturalidad las marcas de su abdomen durante un d\u00eda de playa en C\u00e1diz. \u201cQu\u00e9 alivio cuando dejamos de ser solo lo que nos pas\u00f3\u201d, ha escrito para acompa\u00f1ar la instant\u00e1nea.<\/p>\n<p>Las cicatrices expuestas en la playa remiten al periplo m\u00e9dico comenzado en 2019. Aquella intervenci\u00f3n inicial por el tumor ov\u00e1rico le dej\u00f3 una marca que recorre el vientre hasta la zona inferior del ombligo. Posteriormente, en 2022, requiri\u00f3 una nueva cirug\u00eda de urgencia para tratar la enfermedad, manteni\u00e9ndose desde entonces bajo revisiones peri\u00f3dicas.<\/p>\n<p>Ya durante aquel a\u00f1o 2022, Carbonero plasm\u00f3 en sus perfiles su postura ante las secuelas f\u00edsicas del tratamiento: \u201cMe miro en el espejo y me gusta lo que veo mientras abrazo la imperfecci\u00f3n. Mi cuerpo es otra forma de recordar el camino. El tiempo y sus costuras. No tengo ning\u00fan problema en seguir coleccionando marcas que cuenten historias con final feliz\u201d.<\/p>\n<p>Un inicio de 2026 marcado por el quir\u00f3fano y el duelo<\/p>\n<p>El gesto de la comunicadora toledana se produce al t\u00e9rmino de una etapa especialmente dolorosa. La periodista arranc\u00f3 el a\u00f1o 2026 ingresada de urgencia tras sufrir un intenso dolor abdominal mientras disfrutaba de unas vacaciones en la isla canaria de La Graciosa. Tras pasar por el quir\u00f3fano, permaneci\u00f3 <a href=\"https:\/\/cadenaser.com\/nacional\/2026\/01\/14\/sara-carbonero-recibe-el-alta-tras-11-dias-ingresada-en-lanzarote-cadena-ser\/\" target=\"_blank\" rel=\"nofollow noopener\" title=\"https:\/\/cadenaser.com\/nacional\/2026\/01\/14\/sara-carbonero-recibe-el-alta-tras-11-dias-ingresada-en-lanzarote-cadena-ser\/\">11 d\u00edas hospitalizada <\/a>hasta recibir el alta m\u00e9dica.<\/p>\n<p>Apenas unos meses despu\u00e9s, el pasado 12 de abril, Carbonero afront\u00f3 otro duro golpe en su localidad natal, Corral de Almaguer, donde se despidi\u00f3 de su madre, fallecida tras a\u00f1os padeciendo una larga enfermedad.<\/p>\n<p>    <img decoding=\"async\" src=\"https:\/\/www.europesays.com\/es\/wp-content\/uploads\/2026\/08\/1787950157_437_app-ser-4.png\" alt=\"Nueva APP de Cadena SER\" loading=\"lazy\" width=\"109\" height=\"82\"\/><\/p>\n<p>Descubre la nueva app de Cadena\u00a0SER<br \/>\n        Te ofrecemos una mejor experiencia de audio y video\n    <\/p>\n<p>    <a href=\"https:\/\/trackingcodes.prisamedia.com\/ser.html?utm_campaign=app-include-articulo&amp;utm_source=web\" class=\"p-a-fa-b\" rel=\"nofollow noopener\" target=\"_blank\">Descargar<\/a><\/p>\n<p>M\u00e1s informaci\u00f3n<\/p>\n<p>Sobre el motivo concreto de su ingreso a principios de a\u00f1o no se aportaron m\u00e1s detalles, por lo que exist\u00eda la inc\u00f3gnita de si guardaba relaci\u00f3n con el c\u00e1ncer de ovarios que le diagnosticaron en 2019. En el momento del alta y coincidiendo con su cumplea\u00f1os, el 3 de febrero, <a href=\"https:\/\/cadenaser.com\/castillalamancha\/2026\/05\/31\/sara-carbonero-medalla-de-oro-de-castilla-la-mancha-solo-muere-lo-que-se-olvida-ser-cuenca\/\" target=\"_blank\" rel=\"nofollow noopener\" title=\"https:\/\/cadenaser.com\/castillalamancha\/2026\/05\/31\/sara-carbonero-medalla-de-oro-de-castilla-la-mancha-solo-muere-lo-que-se-olvida-ser-cuenca\/\">la propia periodista<\/a> comparti\u00f3 sus impresiones sobre lo vivido.<\/p>\n<p>\u201cCerr\u00e9 el 2025 con una lista cortita de deseos, pero la vida ten\u00eda otros planes. Ha sido duro. Todav\u00eda lo es, aunque ya veo los rayitos de sol entre tanto nubarr\u00f3n\u201d, publicaba en sus redes. En esa misma reflexi\u00f3n expresaba: \u201cHace apenas un mes entr\u00e9 a un quir\u00f3fano llena de incertidumbre y entonces habr\u00eda firmado poder estar como estoy hoy. Ya no duele. El miedo ha dado paso a la gratitud, a la serenidad y a la calma. Como dije en una ocasi\u00f3n, no me gusta romantizar los problemas de salud, ojal\u00e1 nadie tuviese que pasar por ellos, pero si hay algo positivo es darte cuenta de la cantidad de gente que te quiere y que se preocupa por ti\u201d.<\/p>\n","protected":false},"excerpt":{"rendered":"Madrid Un mensaje de liberaci\u00f3n personal tras superar meses convulsos en lo relativo a su salud y a&hellip;\n","protected":false},"author":2,"featured_media":736262,"comment_status":"","ping_status":"","sticky":false,"template":"","format":"standard","meta":{"footnotes":""},"categories":[91],"tags":[1765,146,147,25,24,23,1766],"class_list":["post-736261","post","type-post","status-publish","format-standard","has-post-thumbnail","category-entretenimiento","tag-bestof","tag-entertainment","tag-entretenimiento","tag-es","tag-espana","tag-spain","tag-topix"],"share_on_mastodon":{"url":"https:\/\/pubeurope.com\/@es\/117175109841307516","error":""},"_links":{"self":[{"href":"https:\/\/www.europesays.com\/es\/wp-json\/wp\/v2\/posts\/736261","targetHints":{"allow":["GET"]}}],"collection":[{"href":"https:\/\/www.europesays.com\/es\/wp-json\/wp\/v2\/posts"}],"about":[{"href":"https:\/\/www.europesays.com\/es\/wp-json\/wp\/v2\/types\/post"}],"author":[{"embeddable":true,"href":"https:\/\/www.europesays.com\/es\/wp-json\/wp\/v2\/users\/2"}],"replies":[{"embeddable":true,"href":"https:\/\/www.europesays.com\/es\/wp-json\/wp\/v2\/comments?post=736261"}],"version-history":[{"count":0,"href":"https:\/\/www.europesays.com\/es\/wp-json\/wp\/v2\/posts\/736261\/revisions"}],"wp:featuredmedia":[{"embeddable":true,"href":"https:\/\/www.europesays.com\/es\/wp-json\/wp\/v2\/media\/736262"}],"wp:attachment":[{"href":"https:\/\/www.europesays.com\/es\/wp-json\/wp\/v2\/media?parent=736261"}],"wp:term":[{"taxonomy":"category","embeddable":true,"href":"https:\/\/www.europesays.com\/es\/wp-json\/wp\/v2\/categories?post=736261"},{"taxonomy":"post_tag","embeddable":true,"href":"https:\/\/www.europesays.com\/es\/wp-json\/wp\/v2\/tags?post=736261"}],"curies":[{"name":"wp","href":"https:\/\/api.w.org\/{rel}","templated":true}]}}