{"id":736273,"date":"2026-08-28T21:01:14","date_gmt":"2026-08-28T21:01:14","guid":{"rendered":"https:\/\/www.europesays.com\/es\/736273\/"},"modified":"2026-08-28T21:01:14","modified_gmt":"2026-08-28T21:01:14","slug":"el-ciclismo-vuelve-al-port-de-sagunt","status":"publish","type":"post","link":"https:\/\/www.europesays.com\/es\/736273\/","title":{"rendered":"El ciclismo vuelve al Port de Sagunt"},"content":{"rendered":"<p class=\"ft-text ft-helper-closenews\">El<strong> <\/strong><a class=\"ft-link ft-link--decoration\" href=\"https:\/\/www.levante-emv.com\/vuelta-espana\/2026\/08\/28\/etapa-7-vuelta-espana-2026-133734989.html\" target=\"_blank\" rel=\"nofollow noopener\"><strong>ciclismo<\/strong><\/a><strong> vuelve al Port de Sagunt y lo hace de la mano de la I Carrera Social El Puerto de Hierro<\/strong>, que tiene previsto disputarse el 13 de septiembre como algo m\u00e1s que un evento deportivo, ya que uno de sus prop\u00f3sitos es homenajear la identidad industrial del n\u00facleo porte\u00f1o desde principios del siglo XX. La <a class=\"ft-link ft-link--decoration\" href=\"https:\/\/fccv.es\/index.php\/smartweb\/inscripciones\/prueba\/34203-1A-CARRERA-SOCIAL-EL-PUERTO-DE-HIERRO\" target=\"_blank\" rel=\"nofollow noopener\">inscripci\u00f3n<\/a> se mantiene abierta por 15 euros.<\/p>\n<p><img decoding=\"async\" src=\"https:\/\/www.europesays.com\/es\/wp-content\/uploads\/2026\/08\/114fd119-6cb0-48fa-a0d8-b88c8a2cf212_alta-libre-aspect-ratio_default_0_x384y458.jpg\" width=\"1200\" height=\"2150\" alt=\"Cartel anunciador de la prueba.\" class=\"ft-helper-img-rd\" loading=\"lazy\" fetchpriority=\"auto\"\/><\/p>\n<p class=\"ft-helper-fontColor-quaternary ft-helper-fontSize-body-S ft-helper-spacer-t-xxs\">Cartel anunciador de la prueba.  \/ Levante-EMV<\/p>\n<p class=\"ft-text\">Este esp\u00edritu queda recogido en el circuito de la prueba, que<strong> recorrer\u00e1 diferentes pol\u00edgonos industriales del municipio para \u00abponer en valor un paisaje que forma parte de la memoria colectiva de miles de vecinos y vecinas<\/strong>. Lejos de ser un trazado elegido \u00fanicamente por razones deportivas, El Puerto de Hierro pretende convertirse tambi\u00e9n en un reconocimiento a todas las personas que, con su esfuerzo y trabajo, han contribuido al desarrollo de nuestra comarca\u00bb, seg\u00fan apuntan desde la organizaci\u00f3n, que corre a cargo de la <a class=\"ft-link ft-link--decoration\" href=\"https:\/\/www.levante-emv.com\/morvedre\/2022\/04\/06\/pena-ciclista-portena-triunfa-gandia-64700174.html\" target=\"_blank\" rel=\"nofollow noopener\">Pe\u00f1a Ciclista Porte\u00f1a<\/a>.<\/p>\n<p>Ilusi\u00f3n<\/p>\n<p class=\"ft-text\">Su presidente, Manuel Gonz\u00e1lez, reconoce que \u00ab<strong>estamos muy ilusionados con el nacimiento de esta carrera diferente, con personalidad propia<\/strong>, que quiere reconocer la historia de nuestro pueblo y el esfuerzo de tantas generaciones. Hemos querido que el recorrido transcurra por el coraz\u00f3n de nuestra industria, porque creemos que ah\u00ed est\u00e1 una parte fundamental de nuestra identidad\u00bb.<\/p>\n<p class=\"ft-text\">Las<strong> l\u00edneas de salida y meta estar\u00e1n situadas en el entorno del Horno Alto<\/strong> y la carrera contar\u00e1 con la implicaci\u00f3n del Inlet PC Porte\u00f1a, el equipo de competici\u00f3n de la pe\u00f1a ciclista, creado esta misma temporada y que, en apenas unos meses, est\u00e1 firmando una destacada actuaci\u00f3n tanto en las pruebas auton\u00f3micas como en las nacionales.<\/p>\n<p>Equipo de competici\u00f3n<\/p>\n<p class=\"ft-text\">Para Manuel Gonz\u00e1lez, este proyecto demuestra la apuesta por el <a class=\"ft-link ft-link--decoration\" href=\"https:\/\/www.levante-emv.com\/morvedre\/2023\/12\/07\/ana-martinez-pc-portena-gana-ciclismo-puerto-de-sagunto-95526017.html\" target=\"_blank\" rel=\"nofollow noopener\">ciclismo en el Port de Sagunt<\/a>. \u00ab<strong>La creaci\u00f3n del<\/strong><a class=\"ft-link ft-link--decoration\" href=\"https:\/\/www.levante-emv.com\/morvedre\/2026\/02\/27\/ciclismo-competicion-revive-port-sagunt-inlet-pc-portena-127339481.html\" target=\"_blank\" rel=\"nofollow noopener\"><strong> equipo<\/strong><\/a><strong>, con el apoyo de Inlet Seafish, es una muestra del compromiso que necesitamos para desarrollar deporte de alto nivel en nuestro pueblo<\/strong>. Adem\u00e1s de los resultados, est\u00e1 contribuyendo a dar mayor visibilidad al ciclismo en nuestro municipio. Queremos seguir creciendo y ofrecer oportunidades a los corredores, al mismo tiempo que acercamos este deporte a nuestros vecinos\u00bb.<\/p>\n<p>Patrocinadores<\/p>\n<p class=\"ft-text\">Con la intenci\u00f3n de consolidar <strong>El Puerto de Hierro como una carrera que trascienda el \u00e1mbito deportivo<\/strong>, la organizaci\u00f3n ha querido agradecer el apoyo mostrado para esta primera edici\u00f3n por el Ayuntamiento de Sagunt, Inlet, GSport, Caliza Pool Bar y el resto de colaboradores.<\/p>\n<p data-close=\"closedContent\" class=\"subscribeHideForDisplay\">Suscr\u00edbete para seguir leyendo<\/p>\n","protected":false},"excerpt":{"rendered":"El ciclismo vuelve al Port de Sagunt y lo hace de la mano de la I Carrera Social&hellip;\n","protected":false},"author":2,"featured_media":736274,"comment_status":"","ping_status":"","sticky":false,"template":"","format":"standard","meta":{"footnotes":""},"categories":[273],"tags":[313,312,168,10382,25,24,1854,6552,6949,36378,8969,34606,10380,23,167,739],"class_list":["post-736273","post","type-post","status-publish","format-standard","has-post-thumbnail","category-ciclismo","tag-ciclismo","tag-cycling","tag-deportes","tag-el-camp-de-morvedre","tag-es","tag-espana","tag-hierro","tag-homenaje","tag-identidad","tag-industrial","tag-port","tag-port-de-sagunt","tag-sagunt","tag-spain","tag-sports","tag-vuelve"],"share_on_mastodon":{"url":"https:\/\/pubeurope.com\/@es\/117175156883095983","error":""},"_links":{"self":[{"href":"https:\/\/www.europesays.com\/es\/wp-json\/wp\/v2\/posts\/736273","targetHints":{"allow":["GET"]}}],"collection":[{"href":"https:\/\/www.europesays.com\/es\/wp-json\/wp\/v2\/posts"}],"about":[{"href":"https:\/\/www.europesays.com\/es\/wp-json\/wp\/v2\/types\/post"}],"author":[{"embeddable":true,"href":"https:\/\/www.europesays.com\/es\/wp-json\/wp\/v2\/users\/2"}],"replies":[{"embeddable":true,"href":"https:\/\/www.europesays.com\/es\/wp-json\/wp\/v2\/comments?post=736273"}],"version-history":[{"count":0,"href":"https:\/\/www.europesays.com\/es\/wp-json\/wp\/v2\/posts\/736273\/revisions"}],"wp:featuredmedia":[{"embeddable":true,"href":"https:\/\/www.europesays.com\/es\/wp-json\/wp\/v2\/media\/736274"}],"wp:attachment":[{"href":"https:\/\/www.europesays.com\/es\/wp-json\/wp\/v2\/media?parent=736273"}],"wp:term":[{"taxonomy":"category","embeddable":true,"href":"https:\/\/www.europesays.com\/es\/wp-json\/wp\/v2\/categories?post=736273"},{"taxonomy":"post_tag","embeddable":true,"href":"https:\/\/www.europesays.com\/es\/wp-json\/wp\/v2\/tags?post=736273"}],"curies":[{"name":"wp","href":"https:\/\/api.w.org\/{rel}","templated":true}]}}