{"id":736301,"date":"2026-08-28T21:25:25","date_gmt":"2026-08-28T21:25:25","guid":{"rendered":"https:\/\/www.europesays.com\/es\/736301\/"},"modified":"2026-08-28T21:25:25","modified_gmt":"2026-08-28T21:25:25","slug":"joshua-tarling-homenajeo-a-su-hermano-con-mas-ciclismo","status":"publish","type":"post","link":"https:\/\/www.europesays.com\/es\/736301\/","title":{"rendered":"Joshua Tarling homenaje\u00f3 a su hermano con m\u00e1s ciclismo\u00a0"},"content":{"rendered":"<p>\t\t\t\t\t\t\t\t\t\t\t\t\t\t<a href=\"https:\/\/www.grancanaria.com\/turismo\/es\/naturaleza\/deportes-de-montana\/ciclismo\/\" rel=\"nofollow noopener\" target=\"_blank\"><img fetchpriority=\"high\" decoding=\"async\" class=\"aligncenter size-full wp-image-68752\" src=\"data:image\/svg+xml,%3Csvg%20xmlns=\" http:=\"\" alt=\"\" width=\"800\" height=\"100\" data-lazy- data-lazy- data-lazy-src=\"https:\/\/www.europesays.com\/es\/wp-content\/uploads\/2026\/08\/1787952318_663_tgc-banner-joan-1600x200-1.jpg\"\/><\/a><br \/>\nJoshua Tarling homenaje\u00f3 a su hermano con m\u00e1s ciclismo<\/p>\n<p>Joshua Tarling se va de la Vuelta con la cabeza alta, el coraz\u00f3n encogido y el respeto absoluto de todo el pelot\u00f3n.<\/p>\n<p>Abandonar una gran vuelta nunca es plato de buen gusto para un ciclista de su calibre, pero hay <strong>momentos en los que el deporte pasa a un segundo plano<\/strong> y la vida exige estar donde realmente importa.<\/p>\n<p>Tras unos d\u00edas de desgaste f\u00edsico y una carga emocional dif\u00edcil de sostener, el gal\u00e9s de Ineos ha puesto punto final a su aventura en la ronda espa\u00f1ola para regresar con los suyos.<\/p>\n<p><a class=\"wppaslink\" href=\"https:\/\/joanseguidor.com\/pas\/ccmm-valenciana\/44016\/0\" target=\"_blank\" rel=\"nofollow noopener\"><img decoding=\"async\" src=\"data:image\/svg+xml,%3Csvg%20xmlns=\" http:=\"\" alt=\"CCMM Valenciana\" border=\"0\" data-lazy-src=\"https:\/\/www.europesays.com\/es\/wp-content\/uploads\/2026\/08\/1787952319_417_anunci-generic-bla-1-1024x120-px-v3-02.jpg\"\/><\/a><\/p>\n<p>Su presencia en esta Vuelta no ha sido una m\u00e1s.<\/p>\n<p>Lleg\u00f3 golpeado por una <a href=\"https:\/\/joanseguidor.com\/finlay-tarling-una-muerte-que-se-podria-haber-evitado\/\" target=\"_blank\" rel=\"noopener nofollow\">tragedia<\/a> desgarradora, la p\u00e9rdida de su hermano, pero decidi\u00f3 tomar la salida en un gesto de valent\u00eda que encarna lo mejor de este oficio.<\/p>\n<p>Lejos de esconderse, afront\u00f3 la contrarreloj inaugural con la determinaci\u00f3n de quien corre movido por algo mucho m\u00e1s profundo que la simple b\u00fasqueda de un resultado.<\/p>\n<p><strong>El pr\u00f3logo se convirti\u00f3 en un tributo silencioso<\/strong>, una pedalada continua de homenaje a su hermano y a una familia entera que respira este deporte por los cuatro costados.<\/p>\n<p>En un ciclismo cada vez m\u00e1s robotizado, ver a un chaval de su edad subirse a la cabra y exprimirse contra el crono en esas circunstancias nos record\u00f3 por qu\u00e9 nos engancha este deporte.<\/p>\n<p><a href=\" https:\/\/aralleida.cat\/es\/\" target=\"_blank\" rel=\"noopener\"><img loading=\"lazy\" decoding=\"async\" class=\"aligncenter wp-image-70055 size-full\" src=\"data:image\/svg+xml,%3Csvg%20xmlns=\" http:=\"\" alt=\"\" width=\"1600\" height=\"200\" data-lazy- data-lazy- data-lazy-src=\"https:\/\/www.europesays.com\/es\/wp-content\/uploads\/2026\/08\/1787952321_289_aralleida-baner-1600x200-llavorsi-es.jpg\"\/><\/a><\/p>\n<p><a href=\"https:\/\/tiendafinisher.com\/\" rel=\"nofollow noopener\" target=\"_blank\"><img loading=\"lazy\" decoding=\"async\" class=\"aligncenter wp-image-69986 size-full\" src=\"data:image\/svg+xml,%3Csvg%20xmlns=\" http:=\"\" alt=\"\" width=\"1024\" height=\"300\" data-lazy- data-lazy- data-lazy-src=\"https:\/\/www.europesays.com\/es\/wp-content\/uploads\/2026\/08\/1787952322_220_finisher-ekp-1024x300jpg-1.jpeg\"\/><\/a><\/p>\n<p><strong>Tarling honr\u00f3 a los suyos de la \u00fanica manera que sabe esta gente: dando la cara sobre la bicicleta y amando el ciclismo hasta el \u00faltimo metro.<\/strong><\/p>\n<p>Durante las etapas siguientes pele\u00f3 con la profesionalidad que le caracteriza, pero el esfuerzo acumulado y el dolor evidente terminaron pasando factura.<\/p>\n<p>La cabeza y el cuerpo dijeron basta, y la decisi\u00f3n de marcharte a casa es tan respetable como humana.<\/p>\n<p><strong>Desde aqu\u00ed solo queda desearle lo mejor a Joshua Tarling<\/strong>.<\/p>\n<p>Ha demostrado una entereza tremenda en el terreno m\u00e1s dif\u00edcil posible.<\/p>\n<p>Ahora le toca descansar, refugiarse en la intimidad del hogar y recuperar fuerzas junto a su gente.<\/p>\n<p><strong><a href=\"https:\/\/www.grancanaria.com\/turismo\/es\/naturaleza\/deportes-de-montana\/ciclismo\/\" rel=\"nofollow noopener\" target=\"_blank\"><img loading=\"lazy\" decoding=\"async\" class=\"aligncenter size-full wp-image-68757\" src=\"data:image\/svg+xml,%3Csvg%20xmlns=\" http:=\"\" alt=\"\" width=\"300\" height=\"300\" data-lazy- data-lazy- data-lazy-src=\"https:\/\/www.europesays.com\/es\/wp-content\/uploads\/2026\/08\/1787952324_912_tgc-banner-joan-400x400-2.jpg\"\/><\/a><\/strong><\/p>\n<p>El ciclismo es maravilloso y <a href=\"https:\/\/joanseguidor.com\/finlay-tarling-ciclista-recuerdo\/\" target=\"_blank\" rel=\"noopener nofollow\">seguir am\u00e1ndolo en estas circunstancias<\/a>, incre\u00edble, pero la familia siempre es lo primero.<\/p>\n<p>Te esperamos de vuelta cuando sea el momento, campe\u00f3n.<\/p>\n<p>Imagen: Unipublic \/ Cxcling \/ Angel Camarena<\/p>\n<p><strong><a href=\"https:\/\/www.dtswiss.com\/es\/ruedas\/ruedas-carretera\/aero\/arc-1100-dicut-db\" rel=\"nofollow noopener\" target=\"_blank\"><img loading=\"lazy\" decoding=\"async\" class=\"aligncenter wp-image-69569 size-full\" src=\"data:image\/svg+xml,%3Csvg%20xmlns=\" http:=\"\" alt=\"\" width=\"1024\" height=\"140\" data-lazy- data-lazy- data-lazy-src=\"https:\/\/www.europesays.com\/es\/wp-content\/uploads\/2026\/08\/1787952325_476_joanseguidor-1024x140px-es-erc1100-1.png\"\/><\/a><\/strong><\/p>\n","protected":false},"excerpt":{"rendered":"Joshua Tarling homenaje\u00f3 a su hermano con m\u00e1s ciclismo Joshua Tarling se va de la Vuelta con la&hellip;\n","protected":false},"author":2,"featured_media":736302,"comment_status":"","ping_status":"","sticky":false,"template":"","format":"standard","meta":{"footnotes":""},"categories":[273],"tags":[313,312,168,25,24,2548,130718,23,167,10568],"class_list":["post-736301","post","type-post","status-publish","format-standard","has-post-thumbnail","category-ciclismo","tag-ciclismo","tag-cycling","tag-deportes","tag-es","tag-espana","tag-featured","tag-joshua-tarling","tag-spain","tag-sports","tag-vueltaespana"],"share_on_mastodon":{"url":"https:\/\/pubeurope.com\/@es\/117175250182348211","error":""},"_links":{"self":[{"href":"https:\/\/www.europesays.com\/es\/wp-json\/wp\/v2\/posts\/736301","targetHints":{"allow":["GET"]}}],"collection":[{"href":"https:\/\/www.europesays.com\/es\/wp-json\/wp\/v2\/posts"}],"about":[{"href":"https:\/\/www.europesays.com\/es\/wp-json\/wp\/v2\/types\/post"}],"author":[{"embeddable":true,"href":"https:\/\/www.europesays.com\/es\/wp-json\/wp\/v2\/users\/2"}],"replies":[{"embeddable":true,"href":"https:\/\/www.europesays.com\/es\/wp-json\/wp\/v2\/comments?post=736301"}],"version-history":[{"count":0,"href":"https:\/\/www.europesays.com\/es\/wp-json\/wp\/v2\/posts\/736301\/revisions"}],"wp:featuredmedia":[{"embeddable":true,"href":"https:\/\/www.europesays.com\/es\/wp-json\/wp\/v2\/media\/736302"}],"wp:attachment":[{"href":"https:\/\/www.europesays.com\/es\/wp-json\/wp\/v2\/media?parent=736301"}],"wp:term":[{"taxonomy":"category","embeddable":true,"href":"https:\/\/www.europesays.com\/es\/wp-json\/wp\/v2\/categories?post=736301"},{"taxonomy":"post_tag","embeddable":true,"href":"https:\/\/www.europesays.com\/es\/wp-json\/wp\/v2\/tags?post=736301"}],"curies":[{"name":"wp","href":"https:\/\/api.w.org\/{rel}","templated":true}]}}