{"id":736319,"date":"2026-08-28T21:40:10","date_gmt":"2026-08-28T21:40:10","guid":{"rendered":"https:\/\/www.europesays.com\/es\/736319\/"},"modified":"2026-08-28T21:40:10","modified_gmt":"2026-08-28T21:40:10","slug":"dos-agraciados-en-el-sorteo-de-euromillones-se-llevan-109-000-euros-este-viernes","status":"publish","type":"post","link":"https:\/\/www.europesays.com\/es\/736319\/","title":{"rendered":"Dos agraciados en el sorteo de Euromillones se llevan 109.000 euros este viernes"},"content":{"rendered":"<p style=\"\">La combinaci\u00f3n ganadora del sorteo de Euromillones celebrado este viernes, 28 de agosto, ha estado formada por los n\u00fameros 7, 14, 28, 42 y 45.  &#8230; Las estrellas son 6 y 9. El c\u00f3digo de El Mill\u00f3n es FQF17244. <\/p>\n<p class=\"v-d-p\" style=\"\">La recaudaci\u00f3n ha ascendido a 50.353.380 euros.<\/p>\n<p class=\"v-d-p\" style=\"\">En el sorteo de Euromillones de hoy no existen boletos acertantes de Primera Categor\u00eda (5 + 2). <\/p>\n<p class=\"v-d-p\" style=\"\">En Espa\u00f1a existen dos boletos acertantes de Segunda Categor\u00eda (5 + 1), premiados con 109.518,60 euros cada uno y que han sido validados en la Administraci\u00f3n de Loter\u00edas n\u00ba 1 de Medina de Rioseco (Valladolid), situada en Empedrada, 2 y en la n\u00ba 2 de Lal\u00edn (Pontevedra), situada en Plaza de la Marina, 6.<\/p>\n<p class=\"v-d-p\" style=\"\">En Espa\u00f1a existen tres boletos acertantes de Tercera Categor\u00eda (5 + 0), premiados con 8.532,10 euros cada uno. <\/p>\n<p class=\"v-d-p\" style=\"\">Con el eurobote bote generado, en el pr\u00f3ximo sorteo de Euromillones un \u00fanico acertante de Primera Categor\u00eda (5 + 2) podr\u00eda ganar 78 millones de euros.<\/p>\n<p class=\"v-d-p\" style=\"\">El boleto acertante de ha sido validado en el Despacho Receptor n\u00ba 69.930 de Cabez\u00f3n de la Sal (Cantabria), situado en El Sol, 11.<\/p>\n","protected":false},"excerpt":{"rendered":"La combinaci\u00f3n ganadora del sorteo de Euromillones celebrado este viernes, 28 de agosto, ha estado formada por los&hellip;\n","protected":false},"author":2,"featured_media":736320,"comment_status":"","ping_status":"","sticky":false,"template":"","format":"standard","meta":{"footnotes":""},"categories":[80],"tags":[82,95,94,25,24,3037,886,23,381],"class_list":["post-736319","post","type-post","status-publish","format-standard","has-post-thumbnail","category-economia","tag-business","tag-economia","tag-economy","tag-es","tag-espana","tag-euromillones","tag-sorteo","tag-spain","tag-viernes"],"share_on_mastodon":{"url":"https:\/\/pubeurope.com\/@es\/117175308977071931","error":""},"_links":{"self":[{"href":"https:\/\/www.europesays.com\/es\/wp-json\/wp\/v2\/posts\/736319","targetHints":{"allow":["GET"]}}],"collection":[{"href":"https:\/\/www.europesays.com\/es\/wp-json\/wp\/v2\/posts"}],"about":[{"href":"https:\/\/www.europesays.com\/es\/wp-json\/wp\/v2\/types\/post"}],"author":[{"embeddable":true,"href":"https:\/\/www.europesays.com\/es\/wp-json\/wp\/v2\/users\/2"}],"replies":[{"embeddable":true,"href":"https:\/\/www.europesays.com\/es\/wp-json\/wp\/v2\/comments?post=736319"}],"version-history":[{"count":0,"href":"https:\/\/www.europesays.com\/es\/wp-json\/wp\/v2\/posts\/736319\/revisions"}],"wp:featuredmedia":[{"embeddable":true,"href":"https:\/\/www.europesays.com\/es\/wp-json\/wp\/v2\/media\/736320"}],"wp:attachment":[{"href":"https:\/\/www.europesays.com\/es\/wp-json\/wp\/v2\/media?parent=736319"}],"wp:term":[{"taxonomy":"category","embeddable":true,"href":"https:\/\/www.europesays.com\/es\/wp-json\/wp\/v2\/categories?post=736319"},{"taxonomy":"post_tag","embeddable":true,"href":"https:\/\/www.europesays.com\/es\/wp-json\/wp\/v2\/tags?post=736319"}],"curies":[{"name":"wp","href":"https:\/\/api.w.org\/{rel}","templated":true}]}}