{"id":736323,"date":"2026-08-28T21:42:14","date_gmt":"2026-08-28T21:42:14","guid":{"rendered":"https:\/\/www.europesays.com\/es\/736323\/"},"modified":"2026-08-28T21:42:14","modified_gmt":"2026-08-28T21:42:14","slug":"incendio-en-un-velero-en-palma-tras-arder-sus-baterias-de-litio","status":"publish","type":"post","link":"https:\/\/www.europesays.com\/es\/736323\/","title":{"rendered":"Incendio en un velero en Palma tras arder sus bater\u00edas de litio"},"content":{"rendered":"<p>Una <a href=\"https:\/\/www.ultimahora.es\/etiqueta\/embarcaci%C3%B3n.html?utm_source=Inline-tag&amp;utm_medium=internal\" rel=\"nofollow noopener\" target=\"_blank\">embarcaci\u00f3n<\/a> denominada <strong>\u2018The Third Man\u2019<\/strong> ha sufrido un <a href=\"https:\/\/www.ultimahora.es\/etiqueta\/incendio.html?utm_source=Inline-tag&amp;utm_medium=internal\" rel=\"nofollow noopener\" target=\"_blank\">incendio<\/a> este viernes por la tarde en la zona A-2 del puerto de <a href=\"https:\/\/www.ultimahora.es\/etiqueta\/Palma.html?utm_source=Inline-tag&amp;utm_medium=internal\" rel=\"nofollow noopener\" target=\"_blank\">Palma<\/a>. El fuego se ha originado <strong>poco antes de las 17.00 horas<\/strong> en las bater\u00edas de litio de la nave. <strong>Cinco personas se encontraban a bordo y han sido rescatadas por otras embarcaciones que se encontraban en las inmediaciones.<\/strong><\/p>\n<p>Tras recibir el aviso, hasta la zona se han desplazado <strong>dos embarcaciones de Salvamento Mar\u00edtimo y una de la Guardia Civil<\/strong> para intervenir en el suceso. La gran columna de humo negro provocada por las llamas ha sido visible desde distintos puntos de la capital balear y municipios lim\u00edtrofes. Posteriormente, <strong>Salvamento Mar\u00edtimo ha supervisado el hundimiento de la embarcaci\u00f3n para garantizar que se produjera con seguridad<\/strong> y minimizar los posibles riesgos en la zona portuaria.<\/p>\n<p>&#13;<br \/>\n&#13;<\/p>\n<p>El \u2018The Third Man\u2019 es un <strong>Dufour 530 Smart Electric construido en 2024<\/strong> y gestionado en Espa\u00f1a por la empresa de alquiler n\u00e1utico Dream Yacht Charter. El velero, que se encontraba anclado en Marina Naviera Balear, dispone de <strong>seis cabinas y capacidad para hasta 12 personas<\/strong>.<\/p>\n","protected":false},"excerpt":{"rendered":"Una embarcaci\u00f3n denominada \u2018The Third Man\u2019 ha sufrido un incendio este viernes por la tarde en la zona&hellip;\n","protected":false},"author":2,"featured_media":736324,"comment_status":"","ping_status":"","sticky":false,"template":"","format":"standard","meta":{"footnotes":""},"categories":[8],"tags":[5254,5049,17,18,27241,25,24,13,14,11,48,19,20,9,10,15,5253,16,2553,23,5255,12,1529,21,22],"class_list":["post-736323","post","type-post","status-publish","format-standard","has-post-thumbnail","category-espana","tag-accidente-de-trafico","tag-barco","tag-breaking-news","tag-breakingnews","tag-embarcacion","tag-es","tag-espana","tag-featured-news","tag-featurednews","tag-headlines","tag-incendio","tag-latest-news","tag-latestnews","tag-news","tag-noticias","tag-noticias-destacadas","tag-noticias-sucesos-hoy","tag-noticiasdestacadas","tag-palma","tag-spain","tag-sucesos-en-mallorca","tag-titulares","tag-ultima-hora","tag-ultimas-noticias","tag-ultimasnoticias"],"share_on_mastodon":{"url":"https:\/\/pubeurope.com\/@es\/117175317272324972","error":""},"_links":{"self":[{"href":"https:\/\/www.europesays.com\/es\/wp-json\/wp\/v2\/posts\/736323","targetHints":{"allow":["GET"]}}],"collection":[{"href":"https:\/\/www.europesays.com\/es\/wp-json\/wp\/v2\/posts"}],"about":[{"href":"https:\/\/www.europesays.com\/es\/wp-json\/wp\/v2\/types\/post"}],"author":[{"embeddable":true,"href":"https:\/\/www.europesays.com\/es\/wp-json\/wp\/v2\/users\/2"}],"replies":[{"embeddable":true,"href":"https:\/\/www.europesays.com\/es\/wp-json\/wp\/v2\/comments?post=736323"}],"version-history":[{"count":0,"href":"https:\/\/www.europesays.com\/es\/wp-json\/wp\/v2\/posts\/736323\/revisions"}],"wp:featuredmedia":[{"embeddable":true,"href":"https:\/\/www.europesays.com\/es\/wp-json\/wp\/v2\/media\/736324"}],"wp:attachment":[{"href":"https:\/\/www.europesays.com\/es\/wp-json\/wp\/v2\/media?parent=736323"}],"wp:term":[{"taxonomy":"category","embeddable":true,"href":"https:\/\/www.europesays.com\/es\/wp-json\/wp\/v2\/categories?post=736323"},{"taxonomy":"post_tag","embeddable":true,"href":"https:\/\/www.europesays.com\/es\/wp-json\/wp\/v2\/tags?post=736323"}],"curies":[{"name":"wp","href":"https:\/\/api.w.org\/{rel}","templated":true}]}}