{"id":736339,"date":"2026-08-28T23:02:49","date_gmt":"2026-08-28T23:02:49","guid":{"rendered":"https:\/\/www.europesays.com\/es\/736339\/"},"modified":"2026-08-28T23:02:49","modified_gmt":"2026-08-28T23:02:49","slug":"la-vuelta-a-espana-pasa-por-la-provincia-de-alicante-mapa-recorrido-horarios-y-pueblos-por-los-que-cruza-el-peloton","status":"publish","type":"post","link":"https:\/\/www.europesays.com\/es\/736339\/","title":{"rendered":"La Vuelta a Espa\u00f1a pasa por la provincia de Alicante: mapa, recorrido, horarios y pueblos por los que cruza el pelot\u00f3n"},"content":{"rendered":"<p class=\"ft-text ft-helper-closenews\">Alicante se reencuentra este domingo con la Vuelta a Espa\u00f1a. Lo hace, adem\u00e1s, para <a class=\"ft-link ft-link--decoration\" href=\"https:\/\/www.informacion.es\/marina-alta\/2026\/08\/27\/vuelta-atraviesa-domingo-marina-alta-la-vuelta-la-vuelta-ciclista-a-espana-tadej-pogacar-enric-mas-primoz-roglic-ciclismo-pego-carreteras-parcent-orba-sagra-moriscos-al-azraq-historia-133700478.html\" target=\"_blank\" rel=\"nofollow noopener\">protagonizar una de las etapas m\u00e1s duras<\/a> jam\u00e1s confeccionadas por la organizaci\u00f3n de la carrera, la m\u00e1s importante de cuantas se celebran en nuestro pa\u00eds. Con salida en <strong>La Vila Joiosa y meta en un puerto tan exigente como el Alto de Aitana, recorre este domingo 30 de agosto casi 190 kil\u00f3metros por suelo \u00edntegramente alicantino<\/strong>. La hora de salida est\u00e1 fijada a las 12:26 de la ma\u00f1ana y la llegada estimada a las 17:14 de la tarde.<\/p>\n<p class=\"ft-text\">Ser\u00e1 una <strong>jornada clave para la clasificaci\u00f3n general <\/strong>en la que los corredores acumular\u00e1n un desnivel brutal con seis subidas complejas, algunas como la de El Miserat, con<strong> pendientes del 20%<\/strong>, situado a mitad del recorrido, y otras como las de <strong>Tudons y Benifallim, <\/strong>encadenadas justo antes de la escalada final a otro alto de referencia para el deporte de la bicicleta, ubicado en el coraz\u00f3n de la Marina Alta, que servir\u00e1 como campo de batalla para todo tipo estrategias antes de la jornada de descanso fijada el lunes, 1 de septiembre.<\/p>\n<p><img decoding=\"async\" src=\"https:\/\/www.europesays.com\/es\/wp-content\/uploads\/2026\/08\/009a50bb-bf63-4381-8c78-8231633f2fe5_alta-libre-aspect-ratio_default_0_x753y259.jpg\" width=\"1200\" height=\"621\" alt=\"Ciclistas amateurs, en la cima del Coll de Rates.\" class=\"ft-helper-img-rd\" loading=\"lazy\" fetchpriority=\"auto\"\/><\/p>\n<p class=\"ft-helper-fontColor-quaternary ft-helper-fontSize-body-S ft-helper-spacer-t-xxs\">Ciclistas amateurs, en la cima del Coll de Rates.  \/ ALFONS PADILLA<\/p>\n<p class=\"ft-text\">La carrera se entra en la Marina por el Coll de Rates, una subida que los profesionales conocen porque se entrenan all\u00ed en invierno. <strong>El pelot\u00f3n lo ascender\u00e1 sobre las 13.30 horas. La caravana de la Vuelta<\/strong> (coches de patrocinadores, prensa, organizaci\u00f3n&#8230;) pasar\u00e1 mucho antes<strong>, <\/strong>sobre las 12.10 horas. <strong>Las carreteras se cortan 45 minutos antes del paso de la carrera. <\/strong>Lo m\u00e1s recomendable es llegar con bastante antelaci\u00f3n al lugar deseado para ver el paso de los ciclistas e ir provistos de alimentos y <strong>mucha agua<\/strong>. Apostarse en los tramos m\u00e1s empinados, en los repechos y rampas m\u00e1s duros en los que los corredores se retuercen sobre sus bicicletas es lo m\u00e1s buscado, por lo tanto, <strong>los m\u00e1s saturados<\/strong>.<\/p>\n<p class=\"ft-text\">Se trata, seg\u00fan los expertos, de \u00abuna <strong>etapa muy dura<\/strong> para cerrar la primera semana de carrera con<strong> m\u00e1s de 5.000 metros de desnivel positivo<\/strong> y hasta seis puertos que pondr\u00e1n a prueba a los ciclistas, con especial atenci\u00f3n a<strong> El Miser\u00e1<\/strong> (de primera categor\u00eda) y la escalada final a Aitana en un trazado de enorme dureza que puede verse incrementada por el calor y la humedad\u00bb.<\/p>\n<p><img decoding=\"async\" src=\"https:\/\/www.europesays.com\/es\/wp-content\/uploads\/2026\/08\/61e2b0ec-3756-42d3-a2d0-01d60dcc3ffc_alta-libre-aspect-ratio_default_0_x665y176.jpg\" width=\"1200\" height=\"477\" alt=\"Perfil de la etapa 9 de la Vuelta a Espa\u00f1a que se corre en la provincia de Alicante.\" class=\"ft-helper-img-rd\" loading=\"lazy\" fetchpriority=\"auto\"\/><\/p>\n<p class=\"ft-helper-fontColor-quaternary ft-helper-fontSize-body-S ft-helper-spacer-t-xxs\">Perfil de la etapa 9 de la Vuelta a Espa\u00f1a que se corre en la provincia de Alicante.  \/ La Vuelta<\/p>\n<p class=\"ft-text\">Ser\u00e1 la <strong>primera vez que la Vuelta salga de Villajoyosa<\/strong>, pero no que llegue a la cima en la que se ha situado la llegada en alto. El <strong>Alto de Aitana<\/strong>, con sus <strong>22 kil\u00f3metros y rampas de hasta el 12% de pendiente<\/strong>, es una de esas cimas que forman parte de la historia de la carreta. Este 2026 <strong>acoge su quinta meta<\/strong> tras una d\u00e9cada de ausencia. Este a\u00f1o se cumple <strong>el 25 aniversario de su estreno<\/strong> en la ronda espa\u00f1ola. En 2016, en la antesala de la etapa final en Madrid, la subida vivi\u00f3 un intenso duelo entre los dos hombres que se jugaban la victoria en la clasificaci\u00f3n general, <strong>Nairo Quintana<\/strong> y<strong> Chris Froome<\/strong>, que certificaron su primer y segundo puesto en cima en la que se halla la base del Ej\u00e9rcito del Aire.<\/p>\n<p class=\"ft-text\">Sin duda, este domingo, con la Vuelta en Alicante, ser\u00e1 un d\u00eda en el que las rampas dar\u00e1n a cada ciclista la oportunidad de encontrar su lugar en la carrera y, por descontado, en la clasificaci\u00f3n general. Una buena parte del pelot\u00f3n correr\u00e1 sinti\u00e9ndose como en casa. Es as\u00ed porque <a class=\"ft-link ft-link--decoration\" href=\"https:\/\/www.informacion.es\/deportes\/2025\/12\/14\/pogacar-rivales-preparan-ano-2026-124774433.html\" target=\"_blank\" rel=\"nofollow noopener\">cada vez m\u00e1s equipos preparan la temporada en las ascensiones de la Costa Blanca<\/a>. Durante la etapa, las im\u00e1genes del grupo, partido seguramente en muchos tramos, ti\u00f1endo de color las sinuosas carreteras que trepan por sierras desnudas, entre barrancos y huertos, contribuir\u00e1n a agrandar la leyenda de las escaladas alicantinas.<\/p>\n<p>Itinerario completo y horas de paso<img decoding=\"async\" src=\"https:\/\/www.europesays.com\/es\/wp-content\/uploads\/2026\/08\/cd513fb2-761a-424f-9432-f3a2e6451f35_alta-libre-aspect-ratio_default_0_x654y293.jpg\" width=\"1200\" height=\"806\" alt=\"Todos los puntos por los que pasa en la etapa 9 de la Vuelta a Espa\u00f1a 2026.\" class=\"ft-helper-img-rd\" loading=\"lazy\" fetchpriority=\"auto\"\/><\/p>\n<p class=\"ft-helper-fontColor-quaternary ft-helper-fontSize-body-S ft-helper-spacer-t-xxs\">Todos los puntos por los que pasa en la etapa 9 de la Vuelta a Espa\u00f1a 2026.  \/ La Vuelta<\/p>\n<p><img decoding=\"async\" src=\"https:\/\/www.europesays.com\/es\/wp-content\/uploads\/2026\/08\/db7a9745-8c8a-4c00-b613-b356e967d057_alta-libre-aspect-ratio_default_0_x653y288.jpg\" width=\"1200\" height=\"794\" alt=\"Todos los puntos por los que pasa en la etapa 9 de la Vuelta a Espa\u00f1a 2026.\" class=\"ft-helper-img-rd\" loading=\"lazy\" fetchpriority=\"auto\"\/><\/p>\n<p class=\"ft-helper-fontColor-quaternary ft-helper-fontSize-body-S ft-helper-spacer-t-xxs\">Todos los puntos por los que pasa en la etapa 9 de la Vuelta a Espa\u00f1a 2026.  \/ La Vuelta<\/p>\n<p><img decoding=\"async\" src=\"https:\/\/www.europesays.com\/es\/wp-content\/uploads\/2026\/08\/71c51cad-9be0-49f7-b9b3-a43cf646709f_alta-libre-aspect-ratio_default_0_x652y293.jpg\" width=\"1200\" height=\"810\" alt=\"Todos los puntos por los que pasa en la etapa 9 de la Vuelta a Espa\u00f1a 2026.\" class=\"ft-helper-img-rd\" loading=\"lazy\" fetchpriority=\"auto\"\/><\/p>\n<p class=\"ft-helper-fontColor-quaternary ft-helper-fontSize-body-S ft-helper-spacer-t-xxs\">Todos los puntos por los que pasa en la etapa 9 de la Vuelta a Espa\u00f1a 2026.  \/ La Vuelta<\/p>\n<p><img decoding=\"async\" src=\"https:\/\/www.europesays.com\/es\/wp-content\/uploads\/2026\/08\/c29bb1d8-5b07-4fe1-9f63-cb607590778e_alta-libre-aspect-ratio_default_0_x655y82.jpg\" width=\"1200\" height=\"225\" alt=\"Todos los puntos por los que pasa en la etapa 9 de la Vuelta a Espa\u00f1a 2026.\" class=\"ft-helper-img-rd\" loading=\"lazy\" fetchpriority=\"auto\"\/><\/p>\n<p class=\"ft-helper-fontColor-quaternary ft-helper-fontSize-body-S ft-helper-spacer-t-xxs\">Todos los puntos por los que pasa en la etapa 9 de la Vuelta a Espa\u00f1a 2026.  \/ La Vuelta<\/p>\n<p>Los seis puertos de monta\u00f1a alicantinos de la etapa 9<\/p>\n<p class=\"ft-text\">\u25ba<strong> Puerto de T\u00e1rbena: <\/strong>de 2\u00aa categor\u00eda. Situado en el km 36 de la etapa. Tiene un desnivel de 392 metros. Son 7 kil\u00f3metros de subida al 5,4%. <\/p>\n<p class=\"ft-text\">\u25ba<strong> El Miserat: <\/strong>de 1\u00aa categor\u00eda. Situado en el km 74 de la etapa. Tiene un desnivel de 527 metros. Son 5 kil\u00f3metros de subida al 10%.<\/p>\n<p class=\"ft-text\">\u25ba <strong>Tollos:<\/strong> 3\u00aa categor\u00eda. Situado en el km 90 de la etapa. Tiene un desnivel de 237 metros. Son 4 kil\u00f3metros de subida al 5,8%.<\/p>\n<p class=\"ft-text\">\u25ba<strong> Tudons: <\/strong>de 2\u00aa categor\u00eda. Situado en el km 122 de la etapa. Tiene un desnivel de 373 metros. Son 7 kil\u00f3metros de subida al 5,3%.<\/p>\n<p class=\"ft-text\">\u25ba<strong> Benufallim: <\/strong>de 2\u00aa categor\u00eda. Situado en el km 140 de la etapa. Tiene un desnivel de 282 metros. Son 5 kil\u00f3metros de subida al 5,8%.<\/p>\n<p class=\"ft-text\">\u25ba <strong>Alto de Aitana: <\/strong>de 1\u00aa categor\u00eda. Situado en el km 187 de la etapa. Tiene un desnivel de 1.543 metros. Son 22 kil\u00f3metros de subida al 5,8%<\/p>\n<p>Sin representaci\u00f3n alicantina<\/p>\n<p class=\"ft-text\">La <a class=\"ft-link ft-link--decoration\" href=\"https:\/\/www.superdeporte.es\/ciclismo\/2026\/07\/28\/vuelta-entra-planes-juan-ayuso-ciclismo-132887224.html\" target=\"_blank\" rel=\"nofollow noopener\">baja confirmada de Juan Ayuso<\/a>, que deb\u00eda partir entro los favoritos al podio en Madrid, deja a la Vuelta sin ciclistas alicantinos en esta edici\u00f3n. El \u00fanico corredor de la Comunidad inscrito en la ronda espa\u00f1ola es <strong>Pau Mart\u00ed <\/strong>(del NSN). El valenciano, nacido en Moixent, lleva el dorsal 116 y es un especialista en cl\u00e1sicas. Con solo 21 a\u00f1os, es <strong>uno de los 30 corredores espa\u00f1oles <\/strong>que paticipan este a\u00f1o en la tercera grande del circuito internacional tras el Giro de Italia y el Tour de Francia.<\/p>\n<p><img decoding=\"async\" src=\"https:\/\/www.europesays.com\/es\/wp-content\/uploads\/2026\/08\/b75850d4-3821-4ea7-b4a6-ce287bab4597_alta-libre-aspect-ratio_default_0_x972y431.jpg\" width=\"1200\" height=\"798\" alt=\"El ciclista esloveno Tadej Pogacar, l\u00edder indiscutible del ciclismo mundial, con el jersey rojo de la Vuelta.\" class=\"ft-helper-img-rd\" loading=\"lazy\" fetchpriority=\"auto\"\/><\/p>\n<p class=\"ft-helper-fontColor-quaternary ft-helper-fontSize-body-S ft-helper-spacer-t-xxs\">El ciclista esloveno Tadej Pogacar, l\u00edder indiscutible del ciclismo mundial, con el jersey rojo de la Vuelta.  \/ Javier Liz\u00f3n \/ EFE<\/p>\n<p class=\"ft-text\">La de este domingo, ser\u00e1 la oportunidad de ver sobre la bicicleta al mejor corredor de la historia de este deporte, el todopoderoso <a class=\"ft-link ft-link--decoration\" href=\"https:\/\/www.informacion.es\/vuelta-espana\/2026\/08\/25\/victoria-andorra-pogacar-supersonico-133648567.html\" target=\"_blank\" rel=\"nofollow noopener\">Tadej Pogacar<\/a>, quue ya <strong>ha ganado tres etapas esta semana<\/strong> tras su exhibici\u00f3n portentosa en la carrera gala y que busca completar su palmar\u00e9s inmejorable ganando la \u00fanica gran prueba de tres semanas que a\u00fan le falta y, como no, para la que es el principal favorito. En el Alto de Aitana tendr\u00e1 ocasi\u00f3n de seguir mostrando sus excelsas capacidades para liderar a su antojo el pelot\u00f3n mundial.<\/p>\n<p><a class=\"ft-link ft-link--decoration\" href=\"https:\/\/www.komoot.com\/es-es\/tour\/3033900506?share_token=apYlu5kS2zq2Enzrm7kxFfWWdSvwpLU7MVPfD411oJc7plXL4j&amp;utm_campaign=tour_embed&amp;utm_medium=embed&amp;utm_source=lavuelta_web&amp;utm_content=3033900506&amp;embed_click_id=b1dc9e6b-c25d-4460-bb22-20c5e5372a81\" target=\"_blank\" rel=\"nofollow noopener\">Recorrido completo: todos los municipios por los que pasa la etapa 9<\/a><\/p>\n<p data-close=\"closedContent\" class=\"subscribeHideForDisplay\">Suscr\u00edbete para seguir leyendo<\/p>\n","protected":false},"excerpt":{"rendered":"Alicante se reencuentra este domingo con la Vuelta a Espa\u00f1a. Lo hace, adem\u00e1s, para protagonizar una de las&hellip;\n","protected":false},"author":2,"featured_media":736340,"comment_status":"","ping_status":"","sticky":false,"template":"","format":"standard","meta":{"footnotes":""},"categories":[273],"tags":[2206,313,312,168,25,24,3954,549,6436,23,167,1357],"class_list":["post-736339","post","type-post","status-publish","format-standard","has-post-thumbnail","category-ciclismo","tag-alicante","tag-ciclismo","tag-cycling","tag-deportes","tag-es","tag-espana","tag-pasa","tag-pogacar","tag-provincia","tag-spain","tag-sports","tag-vuelta"],"share_on_mastodon":{"url":"https:\/\/pubeurope.com\/@es\/117175639985915019","error":""},"_links":{"self":[{"href":"https:\/\/www.europesays.com\/es\/wp-json\/wp\/v2\/posts\/736339","targetHints":{"allow":["GET"]}}],"collection":[{"href":"https:\/\/www.europesays.com\/es\/wp-json\/wp\/v2\/posts"}],"about":[{"href":"https:\/\/www.europesays.com\/es\/wp-json\/wp\/v2\/types\/post"}],"author":[{"embeddable":true,"href":"https:\/\/www.europesays.com\/es\/wp-json\/wp\/v2\/users\/2"}],"replies":[{"embeddable":true,"href":"https:\/\/www.europesays.com\/es\/wp-json\/wp\/v2\/comments?post=736339"}],"version-history":[{"count":0,"href":"https:\/\/www.europesays.com\/es\/wp-json\/wp\/v2\/posts\/736339\/revisions"}],"wp:featuredmedia":[{"embeddable":true,"href":"https:\/\/www.europesays.com\/es\/wp-json\/wp\/v2\/media\/736340"}],"wp:attachment":[{"href":"https:\/\/www.europesays.com\/es\/wp-json\/wp\/v2\/media?parent=736339"}],"wp:term":[{"taxonomy":"category","embeddable":true,"href":"https:\/\/www.europesays.com\/es\/wp-json\/wp\/v2\/categories?post=736339"},{"taxonomy":"post_tag","embeddable":true,"href":"https:\/\/www.europesays.com\/es\/wp-json\/wp\/v2\/tags?post=736339"}],"curies":[{"name":"wp","href":"https:\/\/api.w.org\/{rel}","templated":true}]}}