{"id":736357,"date":"2026-08-29T02:26:51","date_gmt":"2026-08-29T02:26:51","guid":{"rendered":"https:\/\/www.europesays.com\/es\/736357\/"},"modified":"2026-08-29T02:26:51","modified_gmt":"2026-08-29T02:26:51","slug":"alaves-1-0-villarreal-resumen-resultado-y-goles-del-partido-de-la-jornada-3-de-laliga-ea-sports-futbol","status":"publish","type":"post","link":"https:\/\/www.europesays.com\/es\/736357\/","title":{"rendered":"Alav\u00e9s 1-0 Villarreal: resumen, resultado y goles del partido de la jornada 3 de LaLiga EA Sports | F\u00fatbol"},"content":{"rendered":"<p>Un solitario gol de Lucas Boy\u00e9 le da la victoria al Alav\u00e9s en Mendizorroza (1-0). Los de Quique S\u00e1nchez Flores contin\u00faan invictos en tres jornadas y hacen su mejor arranque en 25 a\u00f1os. Con siete puntos, el Alav\u00e9s duerme en lo alto de tabla. Por otra parte, el Villarreal de I\u00f1igo P\u00e9rez todav\u00eda no ha ganado ning\u00fan partido en esta temporada. <\/p>\n<p>El Alav\u00e9s sali\u00f3 con las ideas claras desde el principio. A la media hora de encuentro, Lucas Boy\u00e9 puso por delante a los visitantes. \u00c1ngel P\u00e9rez control\u00f3 a la perfecci\u00f3n un cambio de orientaci\u00f3n desde la izquierda y pis\u00f3 l\u00ednea de fondo para dejarla atr\u00e1s donde apareci\u00f3 el delantero argentino para batir a Luiz Junior y enviar al fondo de la red. <\/p>\n<p>El Villarreal no se termin\u00f3 de encontrar durante la primera mitad. El submarino amarillo domin\u00f3 la posesi\u00f3n y se hizo due\u00f1o del partido, pero le cost\u00f3 en los metros finales. Los visitantes tuvieron ocasiones claras de gol, pero no estuvieron acertados a la hora de la verdad. Lo intentaron de muchas maneras, pero no fueron capaces de batir a Antonio Sivera. <\/p>\n<p>    <img decoding=\"async\" src=\"https:\/\/www.europesays.com\/es\/wp-content\/uploads\/2026\/08\/1787970411_498_app-ser-4.png\" alt=\"Nueva APP de Cadena SER\" loading=\"lazy\" width=\"109\" height=\"82\"\/><\/p>\n<p>Descubre la nueva app de Cadena\u00a0SER<br \/>\n        Te ofrecemos una mejor experiencia de audio y video\n    <\/p>\n<p>    <a href=\"https:\/\/trackingcodes.prisamedia.com\/ser.html?utm_campaign=app-include-articulo&amp;utm_source=web\" class=\"p-a-fa-b\" rel=\"nofollow noopener\" target=\"_blank\">Descargar<\/a><\/p>\n<p>El palo evit\u00f3 mas goles<\/p>\n<p>Ya en la segunda parte, el Alav\u00e9s no se conform\u00f3 y fue a por el segundo. \u00c1ngel P\u00e9rez recibi\u00f3 a la espalda de la defensa y sin mucho \u00e1ngulo no se lo pens\u00f3 y se sac\u00f3 un disparo potente al palo corto por abajo que no entr\u00f3 porque el palo lo evit\u00f3. <\/p>\n<p>Pr\u00e1cticamente al final del encuentro tuvo el empate el Villarreal. Moleiro jug\u00f3 para atr\u00e1s, al \u00e1rea peque\u00f1a. Foyth se sac\u00f3 un latigazo tremendo que se estrell\u00f3 en la madera, pero la acci\u00f3n no termin\u00f3 ah\u00ed. El bal\u00f3n se pase\u00f3 por la l\u00ednea y Renato meti\u00f3 el pie en el segundo palo, pero el bal\u00f3n se volvi\u00f3 a estrellar en el palo. <\/p>\n","protected":false},"excerpt":{"rendered":"Un solitario gol de Lucas Boy\u00e9 le da la victoria al Alav\u00e9s en Mendizorroza (1-0). Los de Quique&hellip;\n","protected":false},"author":2,"featured_media":736358,"comment_status":"","ping_status":"","sticky":false,"template":"","format":"standard","meta":{"footnotes":""},"categories":[93],"tags":[1765,168,25,24,23,167,1766],"class_list":["post-736357","post","type-post","status-publish","format-standard","has-post-thumbnail","category-deportes","tag-bestof","tag-deportes","tag-es","tag-espana","tag-spain","tag-sports","tag-topix"],"share_on_mastodon":{"url":"https:\/\/pubeurope.com\/@es\/117176435028128422","error":""},"_links":{"self":[{"href":"https:\/\/www.europesays.com\/es\/wp-json\/wp\/v2\/posts\/736357","targetHints":{"allow":["GET"]}}],"collection":[{"href":"https:\/\/www.europesays.com\/es\/wp-json\/wp\/v2\/posts"}],"about":[{"href":"https:\/\/www.europesays.com\/es\/wp-json\/wp\/v2\/types\/post"}],"author":[{"embeddable":true,"href":"https:\/\/www.europesays.com\/es\/wp-json\/wp\/v2\/users\/2"}],"replies":[{"embeddable":true,"href":"https:\/\/www.europesays.com\/es\/wp-json\/wp\/v2\/comments?post=736357"}],"version-history":[{"count":0,"href":"https:\/\/www.europesays.com\/es\/wp-json\/wp\/v2\/posts\/736357\/revisions"}],"wp:featuredmedia":[{"embeddable":true,"href":"https:\/\/www.europesays.com\/es\/wp-json\/wp\/v2\/media\/736358"}],"wp:attachment":[{"href":"https:\/\/www.europesays.com\/es\/wp-json\/wp\/v2\/media?parent=736357"}],"wp:term":[{"taxonomy":"category","embeddable":true,"href":"https:\/\/www.europesays.com\/es\/wp-json\/wp\/v2\/categories?post=736357"},{"taxonomy":"post_tag","embeddable":true,"href":"https:\/\/www.europesays.com\/es\/wp-json\/wp\/v2\/tags?post=736357"}],"curies":[{"name":"wp","href":"https:\/\/api.w.org\/{rel}","templated":true}]}}