{"id":736373,"date":"2026-08-29T05:11:16","date_gmt":"2026-08-29T05:11:16","guid":{"rendered":"https:\/\/www.europesays.com\/es\/736373\/"},"modified":"2026-08-29T05:11:16","modified_gmt":"2026-08-29T05:11:16","slug":"ano-i-en-la-liga-f-despues-de-alexia-putellas-futbol-deportes","status":"publish","type":"post","link":"https:\/\/www.europesays.com\/es\/736373\/","title":{"rendered":"A\u00f1o I en la Liga F despu\u00e9s de Alexia Putellas | F\u00fatbol | Deportes"},"content":{"rendered":"<p class=\"\">La Liga F echa a andar este s\u00e1bado sin Alexia Putellas por primera vez en 17 a\u00f1os. La figura m\u00e1s medi\u00e1tica, la primera mujer espa\u00f1ola en levantar el Bal\u00f3n de Oro, <a href=\"https:\/\/elpais.com\/deportes\/futbol\/2026-05-26\/alexia-putellas-se-despide-del-barca-adios-a-la-jugadora-que-cambio-la-historia.html\" target=\"_self\" rel=\"nofollow noopener\" title=\"https:\/\/elpais.com\/deportes\/futbol\/2026-05-26\/alexia-putellas-se-despide-del-barca-adios-a-la-jugadora-que-cambio-la-historia.html\">se despidi\u00f3 del Barcelona en mayo tras conquistar los cuatro t\u00edtulos<\/a> \u2014Liga, Supercopa, Copa y Champions\u2014 y se mud\u00f3 a Londres, donde defender\u00e1 la camiseta del London City Lionesses, un equipo que no juega competiciones europeas, fundado hace solo siete a\u00f1os, que disputa sus partidos en un campo de 5.150 localidades y que desde diciembre de 2023 forma parte del emporio de la empresaria surcoreana Michele Kang, due\u00f1a tambi\u00e9n del Washington Spirit y del Olympique Lyonnais. La p\u00e9rdida para el torneo de la centrocampista catalana es tan dolorosa como perjudicial por mucho que la competici\u00f3n se haya habituado ya a que la Women\u2019s Super League, con un m\u00fasculo econ\u00f3mico mucho mayor, no pare de pescar talento en Espa\u00f1a. Incluso sin Putellas, tambi\u00e9n sin Mapi Le\u00f3n (London City), Ona Batlle (Arsenal) o Salma Paralluelo (Olympique Lyonnais), el Bar\u00e7a de Aitana Bonmat\u00ed y Patri Guijarro se dibuja otro a\u00f1o m\u00e1s como el favorito incuestionable de <a href=\"https:\/\/elpais.com\/deportes\/futbol\/2026-04-22\/el-barca-vence-al-espanyol-y-es-campeon-de-la-liga-f-a-falta-de-cuatro-jornadas.html\" target=\"_self\" rel=\"nofollow noopener\" title=\"https:\/\/elpais.com\/deportes\/futbol\/2026-04-22\/el-barca-vence-al-espanyol-y-es-campeon-de-la-liga-f-a-falta-de-cuatro-jornadas.html\">un campeonato que ha monopolizado las \u00faltimas siete ediciones<\/a> y que estos meses pasados ha estado bajo el foco, salpicado por asuntos que ata\u00f1en m\u00e1s a la gesti\u00f3n empresarial que a cuestiones deportivas.<\/p>\n<p class=\"\">El Barcelona, que se ha reforzado con Kerolin Nicoli (Manchester City), Martina Fern\u00e1ndez (Everton), Tyler McCamey (Dallas) y Van Asten (Ajax), se estrena ma\u00f1ana domingo en casa contra el Costa Adeje Tenerife (19.00; Teledeporte, TV3 y Dazn), pero la Liga comienza hoy con el Deportivo &#8211; Sevilla (12.00; Teledeporte, TV3 y Dazn) en Riazor y el Real Sociedad &#8211; Logro\u00f1o United (12.00; Dazn) en Zubieta. El club txuri urdin ha sido el \u00faltimo en sufrir el poder\u00edo financiero de Inglaterra. El Brighton se hizo esta semana a golpe de talonario con los servicios del reputado Arturo Ruiz, el entrenador que la campa\u00f1a pasada clasific\u00f3 al equipo para la Champions al terminar en la tercera posici\u00f3n. La noticia cay\u00f3 como una bomba en San Sebasti\u00e1n en plena eliminatoria con el Chelsea \u20145-2 en Londres y la vuelta el pr\u00f3ximo mi\u00e9rcoles en Donostia\u2014 para acceder a la primera fase de la Liga de Campeones.<\/p>\n<p><img alt=\"\" decoding=\"auto\" class=\"_re lazyload a_m-h\" height=\"277\"  width=\"414\"  src=\"https:\/\/www.europesays.com\/es\/wp-content\/uploads\/2026\/08\/XQL6W447HBLDPGJ77TAHCQLARY.jpg\" loading=\"lazy\" fetchpriority=\"low\"\/>Aitana Bonmat\u00ed, el pasado 21 de agosto en el estadio Johan Cruyff durante la celebraci\u00f3n del trofeo Joan Gamper ante el Brighton.Alejandro Garc\u00eda (EFE)<\/p>\n<p class=\"\">Tan solo el Real Madrid semeja tener piezas que le puedan permitir seguirle el ritmo al Bar\u00e7a en un torneo en el que \u00fanicamente hay dos mujeres en los banquillos \u2014Sara Monforte en el Espanyol y Andrea Esteban en el Deportivo Alav\u00e9s\u2014 y al que el curso pasado ascendieron el club babazorro y el Valencia F\u00e9minas, que ocuparon los puestos que dejaron los descendidos Alhama y Levante. El club blanco, que debuta el domingo ante el Atl\u00e9tico de Madrid (21.00; Dazn) en el Alfredo di St\u00e9fano, ha sido el mayor animador del mercado de fichajes. Su principal adquisici\u00f3n ha sido la joven sueca Felicia Schr\u00f6der, comprada al Hacken por una cantidad r\u00e9cord que ronda los 1,5 millones de euros. La delantera era una de las jugadoras m\u00e1s codiciadas de Europa a sus 19 a\u00f1os y ya impresion\u00f3 en su debut oficial el mi\u00e9rcoles, <a href=\"https:\/\/elpais.com\/deportes\/futbol\/2026-08-26\/felicia-schroder-acerca-al-madrid-a-la-champions.html\" target=\"_self\" rel=\"nofollow noopener\" title=\"https:\/\/elpais.com\/deportes\/futbol\/2026-08-26\/felicia-schroder-acerca-al-madrid-a-la-champions.html\">cuando le clav\u00f3 un golazo de falta al Ajax en la previa de la Champions.<\/a><\/p>\n<p>M\u00e1s informaci\u00f3n<\/p>\n<p class=\"\">Las opciones del Madrid para mantenerle el puslo liguero al Barcelona van a pasar sobre todo por lo fruct\u00edfera que sea la sociedad formada por Schr\u00f6der <a href=\"https:\/\/elpais.com\/deportes\/futbol\/2025-11-15\/la-nueva-dimension-futbolistica-de-linda-caicedo-la-joven-colombiana-que-supero-un-cancer-y-lidera-al-real-madrid.html\" target=\"_self\" rel=\"nofollow noopener\" title=\"https:\/\/elpais.com\/deportes\/futbol\/2025-11-15\/la-nueva-dimension-futbolistica-de-linda-caicedo-la-joven-colombiana-que-supero-un-cancer-y-lidera-al-real-madrid.html\">y la colombiana Linda Caicedo, la pieza m\u00e1s desequilibrante del grupo.<\/a> Tambi\u00e9n por el nivel que den las otras cinco jugadoras internacionales fichadas \u2014Elisa Sens (Eintracht Frankfurt), Arianna Caruso (Bayern M\u00fanich), Andreia Jacinto (Real Sociedad), Lineth Beerenstey (Wolfsburgo) y Janou Levels (Wolfsburgo)\u2014 y lo que aporten las cuatro canteranas ascendidas al primer equipo \u2014Irune Dorado, Silvia Crist\u00f3bal, Laia L\u00f3pez y Noe Bejarano\u2014. La entidad presidida por Florentino P\u00e9rez decidi\u00f3 no renovar este verano a Caroline Weir (Olympique Lyonnais), la m\u00e1xima goleadora hist\u00f3rica, y tampoco a la excapitana Misa Rodr\u00edguez (Arsenal). Tambi\u00e9n hicieron las maletas para marcharse de Valdebebas futbolistas de las que estos \u00faltimos a\u00f1os se esper\u00f3 un paso adelante que nunca dieron, como Naomie Feller (PSG) o Alba Redondo (Juventus), mientras que la excepcional Teresa Abelleira rescindi\u00f3 su contrato, todav\u00eda sin equipo y sin pisar un campo <a href=\"https:\/\/elpais.com\/deportes\/futbol\/2025-02-27\/teresa-abelleira-se-rompe-el-ligamento-cruzado-y-se-perdera-la-eurocopa-con-espana-y-el-resto-de-la-temporada-con-el-madrid.html\" target=\"_self\" rel=\"nofollow noopener\" title=\"https:\/\/elpais.com\/deportes\/futbol\/2025-02-27\/teresa-abelleira-se-rompe-el-ligamento-cruzado-y-se-perdera-la-eurocopa-con-espana-y-el-resto-de-la-temporada-con-el-madrid.html\">desde que en febrero de 2025 se rompi\u00f3 el ligamento cruzado anterior<\/a> y el menisco externo de la rodilla izquierda.<\/p>\n<p class=\"\">Del Atl\u00e9tico se espera que vuelva a competir por los tres puestos que dan acceso a la Champions tras el decepcionante curso pasado. El club ha puesto al frente del banquillo al navarro David Gonz\u00e1lez, que no ten\u00eda experiencia en el f\u00fatbol femenino, y su <a href=\"https:\/\/elpais.com\/deportes\/2026-08-27\/jenni-hermoso-regresa-al-atletico-de-madrid.html\" target=\"_self\" rel=\"nofollow noopener\" title=\"https:\/\/elpais.com\/deportes\/2026-08-27\/jenni-hermoso-regresa-al-atletico-de-madrid.html\">incorporaci\u00f3n m\u00e1s relevante ha llegado esta semana con el fichaje de Jenni Hermoso.<\/a> La m\u00e1xima anotadora de la historia de la Roja (57 tantos) firm\u00f3 a sus 36 a\u00f1os por una temporada con el equipo en el que se form\u00f3. Pese a su edad, el regreso de una delantera tan fina y con tanta calidad a Espa\u00f1a es un aliciente para una Liga que hab\u00eda perdido a un buen ramillete de figuras este verano.<\/p>\n<p>M\u00e1s informaci\u00f3n<\/p>\n<p class=\"\">M\u00e1s all\u00e1 de lo deportivo, el torneo se seguir\u00e1 viendo por Dazn de forma \u00edntegra, mientras que TVE y TV3 emitir\u00e1n en abierto cada jornada cuatro partidos. La patronal vendi\u00f3 a la baja este agosto los derechos televisivos en una segunda oferta p\u00fablica despu\u00e9s de que ninguna operadora cumpliera sus condiciones en la primera y la adjudicaci\u00f3n se quedara vacante. La entidad dirigida por Beatriz \u00c1lvarez no ha hecho p\u00fablica siquiera la cantidad econ\u00f3mica que desembolsar\u00e1n los tres operadores por las tres pr\u00f3ximas campa\u00f1as. En 2022, la plataforma privada se hizo por 35 millones de euros con los derechos de emisi\u00f3n \u2014siete por a\u00f1o\u2014 hasta el curso 2026-2027. El contrato se rescindi\u00f3 al final de esta temporada, pero Dazn ha ampliado finalmente su vinculaci\u00f3n con la Liga F.<\/p>\n<p class=\"\">La opacidad en los datos de la patronal es habitual en sus comunicados. El organismo presum\u00eda hace semanas de que la audiencia creci\u00f3 el curso pasado un 11,2% interanual, pero <a href=\"https:\/\/elpais.com\/deportes\/futbol\/2026-01-30\/rtve-y-tv3-llegan-a-un-acuerdo-con-la-liga-f-para-emitir-cuatro-partidos-por-jornada-en-lo-que-resta-de-temporada.html\" target=\"_self\" rel=\"nofollow noopener\" title=\"https:\/\/elpais.com\/deportes\/futbol\/2026-01-30\/rtve-y-tv3-llegan-a-un-acuerdo-con-la-liga-f-para-emitir-cuatro-partidos-por-jornada-en-lo-que-resta-de-temporada.html\">en la 2024-2025 no estaban a\u00fan TVE y TV3.<\/a> La Liga F tambi\u00e9n tiene una asignatura que mejorar con la asistencia a los estadios, <a href=\"https:\/\/elpais.com\/deportes\/futbol\/2025-11-14\/quien-va-a-los-estadios-en-la-liga-f-solo-1200-personas-de-media-por-partido-esta-temporada.html\" target=\"_self\" rel=\"nofollow noopener\" title=\"https:\/\/elpais.com\/deportes\/futbol\/2025-11-14\/quien-va-a-los-estadios-en-la-liga-f-solo-1200-personas-de-media-por-partido-esta-temporada.html\">donde la media ronda los 1.400 espectadores, muy por debajo de Inglaterra,<\/a> seg\u00fan los datos recopilados por EL PA\u00cdS.<\/p>\n<p class=\"\">El torneo est\u00e1 pendiente de desgranar <a href=\"https:\/\/elpais.com\/deportes\/futbol\/2026-06-16\/pau-gasol-a-un-paso-de-invertir-55-millones-de-euros-en-la-liga-f-para-potenciar-la-explotacion-comercial-del-futbol-femenino-en-espana.html\" target=\"_self\" rel=\"nofollow noopener\" title=\"https:\/\/elpais.com\/deportes\/futbol\/2026-06-16\/pau-gasol-a-un-paso-de-invertir-55-millones-de-euros-en-la-liga-f-para-potenciar-la-explotacion-comercial-del-futbol-femenino-en-espana.html\">la inversi\u00f3n anunciada y aprobada con Gasol16 Ventures, la empresa del exjugador de baloncesto Pau Gasol.<\/a> La compa\u00f1\u00eda prev\u00e9 aportar 55 millones de euros en cuatro a\u00f1os a cambio del 49% de los ingresos comerciales hasta recuperar el desembolso. Despu\u00e9s se llevar\u00eda el 35% hasta 2051. <a href=\"https:\/\/elpais.com\/deportes\/futbol\/2026-05-04\/el-gobierno-aprobara-este-martes-la-inclusion-permanente-en-la-quiniela-de-cuatro-partidos-de-la-liga-f.html\" target=\"_self\" rel=\"nofollow noopener\" title=\"https:\/\/elpais.com\/deportes\/futbol\/2026-05-04\/el-gobierno-aprobara-este-martes-la-inclusion-permanente-en-la-quiniela-de-cuatro-partidos-de-la-liga-f.html\">Lo que es seguro es que esta temporada la Liga F estar\u00e1 en la quiniela.<\/a> El Gobierno aprob\u00f3 su inclusi\u00f3n permanente en el juego de azar para visibilizarla y ayudar a los clubes a recaudar dinero tras gastarse m\u00e1s de 40 millones de euros en tratar de impulsar su puesta en marcha como competici\u00f3n profesional. Cuatro encuentros de la primera jornada \u2014Madrid-Atl\u00e9tico, Eibar-Espanyol, Athletic-Badalona y Alav\u00e9s-Valencia\u2014 forman parte de los boletos de este fin de semana.<\/p>\n","protected":false},"excerpt":{"rendered":"La Liga F echa a andar este s\u00e1bado sin Alexia Putellas por primera vez en 17 a\u00f1os. La&hellip;\n","protected":false},"author":2,"featured_media":736374,"comment_status":"","ping_status":"","sticky":false,"template":"","format":"standard","meta":{"footnotes":""},"categories":[93],"tags":[6748,1548,130733,47626,61095,41992,1540,168,16778,1539,25,24,6678,5039,130732,285,282,1809,1538,54683,97415,17452,37418,130735,54682,9890,119129,37423,54685,1810,1549,12431,61098,37416,57845,7517,23,167,130736,130734],"class_list":["post-736373","post","type-post","status-publish","format-standard","has-post-thumbnail","category-deportes","tag-aitana-bonmati","tag-alexia-putellas","tag-arturo-ruiz","tag-atletico-de-madrid-femenino","tag-beatriz-alvarez-mesa","tag-caroline-weir","tag-competiciones","tag-deportes","tag-derechos-emision-tv","tag-entrenadores","tag-es","tag-espana","tag-estadios-futbol","tag-fc-barcelona-femenino","tag-felicia-schroder","tag-fichajes","tag-futbol","tag-futbol-femenino","tag-futbolistas","tag-jennifer-hermoso","tag-levante-feminas","tag-liga-f-finetwork","tag-linda-caicedo","tag-london-city-lionesses","tag-mapi-leon","tag-mercado-fichajes","tag-michele-kang","tag-misa-rodriguez","tag-ona-batlle","tag-partidos-futbol","tag-patri-guijarro","tag-pau-gasol","tag-quinielas-deportivas","tag-real-madrid-femenino","tag-real-sociedad-femenino","tag-salma-paralluelo","tag-spain","tag-sports","tag-vcf-femenino","tag-womens-super-league"],"share_on_mastodon":{"url":"","error":"Validation failed: Text character limit of 500 exceeded"},"_links":{"self":[{"href":"https:\/\/www.europesays.com\/es\/wp-json\/wp\/v2\/posts\/736373","targetHints":{"allow":["GET"]}}],"collection":[{"href":"https:\/\/www.europesays.com\/es\/wp-json\/wp\/v2\/posts"}],"about":[{"href":"https:\/\/www.europesays.com\/es\/wp-json\/wp\/v2\/types\/post"}],"author":[{"embeddable":true,"href":"https:\/\/www.europesays.com\/es\/wp-json\/wp\/v2\/users\/2"}],"replies":[{"embeddable":true,"href":"https:\/\/www.europesays.com\/es\/wp-json\/wp\/v2\/comments?post=736373"}],"version-history":[{"count":0,"href":"https:\/\/www.europesays.com\/es\/wp-json\/wp\/v2\/posts\/736373\/revisions"}],"wp:featuredmedia":[{"embeddable":true,"href":"https:\/\/www.europesays.com\/es\/wp-json\/wp\/v2\/media\/736374"}],"wp:attachment":[{"href":"https:\/\/www.europesays.com\/es\/wp-json\/wp\/v2\/media?parent=736373"}],"wp:term":[{"taxonomy":"category","embeddable":true,"href":"https:\/\/www.europesays.com\/es\/wp-json\/wp\/v2\/categories?post=736373"},{"taxonomy":"post_tag","embeddable":true,"href":"https:\/\/www.europesays.com\/es\/wp-json\/wp\/v2\/tags?post=736373"}],"curies":[{"name":"wp","href":"https:\/\/api.w.org\/{rel}","templated":true}]}}