{"id":736379,"date":"2026-08-29T05:14:22","date_gmt":"2026-08-29T05:14:22","guid":{"rendered":"https:\/\/www.europesays.com\/es\/736379\/"},"modified":"2026-08-29T05:14:22","modified_gmt":"2026-08-29T05:14:22","slug":"se-viraliza-un-clip-del-combate-de-fable-por-parecer-lento-y-pesado-pero-el-contexto-cambia-la-perspectiva","status":"publish","type":"post","link":"https:\/\/www.europesays.com\/es\/736379\/","title":{"rendered":"Se viraliza un clip del combate de Fable por parecer \u00ablento y pesado\u00bb, pero el contexto cambia la perspectiva"},"content":{"rendered":"<p>Analizamos la pol\u00e9mica en redes sobre el combate de Fable a ra\u00edz de un clip viral recortado de la demo de la Gamescom y el contexto detr\u00e1s de las cr\u00edticas.<\/p>\n<p class=\"wp-block-paragraph\">El esperado\u00a0reboot\u00a0de\u00a0<strong>Fable<\/strong>, desarrollado por\u00a0<strong><a href=\"https:\/\/playground-games.com\" rel=\"nofollow noopener\" target=\"_blank\">Playground Games<\/a><\/strong>\u00a0y con fecha de lanzamiento prevista para principios de 2027 en\u00a0<strong>Xbox, PC y <a href=\"https:\/\/xboxmaniac.es\/analisis\/gears-of-war-reloaded-marcus-llega-a-playstation-5-43859\" rel=\"nofollow noopener\" target=\"_blank\">PlayStation 5<\/a><\/strong>, se ha convertido en el centro de la conversaci\u00f3n en redes sociales a ra\u00edz de un breve clip de combate extra\u00eddo de su \u00faltima presentaci\u00f3n en la Gamescom.<\/p>\n<p class=\"wp-block-paragraph\">El v\u00eddeo, que se ha extendido r\u00e1pidamente en plataformas como <a href=\"https:\/\/xboxmaniac.es\/noticias\/nueva-actualizacion-de-twitter-para-xbox-22152\" rel=\"nofollow noopener\" target=\"_blank\">Twitter<\/a> y <a href=\"https:\/\/xboxmaniac.es\/noticias\/rolla-llevara-su-destruccion-a-pc-56779\" rel=\"nofollow noopener\" target=\"_blank\">Reddit<\/a> acumulando millones de reproducciones, muestra a la protagonista atacando de forma reiterada a un enemigo de gran tama\u00f1o que penas reacciona a los impactos de la espada, generando cr\u00edticas por parte de algunos usuarios que se\u00f1alan el <a href=\"https:\/\/xboxmaniac.es\/noticias\/black-flag-resynced-y-su-combate-naval-54083\" rel=\"nofollow noopener\" target=\"_blank\">combate<\/a> como \u00ababurrido o carente de contundencia\u00bb. Sin embargo, el an\u00e1lisis del material completo de Xbox revela un contexto sensiblemente distinto.<\/p>\n<p>El contexto detr\u00e1s del clip viral de \u2018Fable\u2019<\/p>\n<p class=\"wp-block-paragraph\">El fragmento de 60 segundos fue extra\u00eddo de un\u00a0gameplay\u00a0extendido de casi 20 minutos publicado por Xbox el pasado 26 de agosto. Al revisar el metraje completo, existen varios factores t\u00e9cnicos y de dise\u00f1o que explican la escena:<\/p>\n<ul class=\"wp-block-list\">\n<li><strong>Enemigo de tipo minijefe:<\/strong>\u00a0La criatura del v\u00eddeo no es un enemigo com\u00fan, sino un minijefe dise\u00f1ado para ofrecer un reto superior y contar con una barra de salud considerablemente m\u00e1s amplia.<\/li>\n<li><strong>Dificultad elevada en la demo:<\/strong>\u00a0La partida mostrada por el equipo de desarrollo durante la Gamescom estaba configurada en un nivel de dificultad alto, lo que incrementa la resistencia de los enemigos.<\/li>\n<li><strong>Tasa de fotogramas alterada:<\/strong>\u00a0El clip recortado que ha circulado por redes sociales sufr\u00eda una conversi\u00f3n a menor velocidad y con una tasa de fotogramas por segundo (FPS) m\u00e1s inestable que el v\u00eddeo original emitido por Xbox.<\/li>\n<li><strong>Combate contra enemigos est\u00e1ndar:<\/strong>\u00a0En otras secciones del metraje completo se aprecia c\u00f3mo el combate contra enemigos secundarios es m\u00e1s din\u00e1mico y r\u00e1pido, con animaciones de reacci\u00f3n inmediatas a cada estocada y un flujo de movimientos m\u00e1s variado.<\/li>\n<\/ul>\n<p>Un debate abierto sobre las sensaciones al mando<\/p>\n<p class=\"wp-block-paragraph\">A pesar de las matizaciones sobre el contexto, parte de la comunidad e influyentes del sector han se\u00f1alado que el ajuste de las reacciones (hit reaction) de los jefes ante los impactos es un aspecto en el que Playground Games a\u00fan puede aplicar ajustes de pulido.<\/p>\n<p class=\"wp-block-paragraph\">El episodio sirve como recordatorio del impacto que tienen los fragmentos descontextualizados en redes sociales durante la campa\u00f1a de promoci\u00f3n de los grandes lanzamientos. La versi\u00f3n definitiva de\u00a0Fable\u00a0permitir\u00e1 evaluar el sistema de combate en su conjunto cuando el t\u00edtulo llegue a las tiendas en febrero de 2027.<\/p>\n<p class=\"wp-block-paragraph\">FICHA T\u00c9CNICA<\/p>\n<ul class=\"wp-block-list\">\n<li><strong>T\u00edtulo:<\/strong>\u00a0Fable<\/li>\n<li><strong>Desarrollador:<\/strong>\u00a0Playground Games<\/li>\n<li><strong>Editor:<\/strong>\u00a0Xbox Game Studios<\/li>\n<li><strong>Fecha de lanzamiento:<\/strong>\u00a0Febrero de 2027<\/li>\n<li><strong>Plataformas:<\/strong>\u00a0Xbox Series X|S, PC, PlayStation 5<\/li>\n<li><strong>G\u00e9nero:<\/strong>\u00a0RPG de Acci\u00f3n \/ Aventura en Mundo Abierto<\/li>\n<\/ul>\n","protected":false},"excerpt":{"rendered":"Analizamos la pol\u00e9mica en redes sobre el combate de Fable a ra\u00edz de un clip viral recortado de&hellip;\n","protected":false},"author":2,"featured_media":736380,"comment_status":"","ping_status":"","sticky":false,"template":"","format":"standard","meta":{"footnotes":""},"categories":[81],"tags":[119,123,124,25,24,79914,65364,117,121,122,23,118,120,24755,81144,5536],"class_list":["post-736379","post","type-post","status-publish","format-standard","has-post-thumbnail","category-ciencia-y-tecnologia","tag-ciencia","tag-ciencia-y-tecnologia","tag-cienciaytecnologia","tag-es","tag-espana","tag-fable","tag-playground-games","tag-science","tag-science-and-technology","tag-scienceandtechnology","tag-spain","tag-technology","tag-tecnologia","tag-xbox-game-pass","tag-xbox-game-studios","tag-xbox-series-xs"],"share_on_mastodon":{"url":"https:\/\/pubeurope.com\/@es\/117177094334809977","error":""},"_links":{"self":[{"href":"https:\/\/www.europesays.com\/es\/wp-json\/wp\/v2\/posts\/736379","targetHints":{"allow":["GET"]}}],"collection":[{"href":"https:\/\/www.europesays.com\/es\/wp-json\/wp\/v2\/posts"}],"about":[{"href":"https:\/\/www.europesays.com\/es\/wp-json\/wp\/v2\/types\/post"}],"author":[{"embeddable":true,"href":"https:\/\/www.europesays.com\/es\/wp-json\/wp\/v2\/users\/2"}],"replies":[{"embeddable":true,"href":"https:\/\/www.europesays.com\/es\/wp-json\/wp\/v2\/comments?post=736379"}],"version-history":[{"count":0,"href":"https:\/\/www.europesays.com\/es\/wp-json\/wp\/v2\/posts\/736379\/revisions"}],"wp:featuredmedia":[{"embeddable":true,"href":"https:\/\/www.europesays.com\/es\/wp-json\/wp\/v2\/media\/736380"}],"wp:attachment":[{"href":"https:\/\/www.europesays.com\/es\/wp-json\/wp\/v2\/media?parent=736379"}],"wp:term":[{"taxonomy":"category","embeddable":true,"href":"https:\/\/www.europesays.com\/es\/wp-json\/wp\/v2\/categories?post=736379"},{"taxonomy":"post_tag","embeddable":true,"href":"https:\/\/www.europesays.com\/es\/wp-json\/wp\/v2\/tags?post=736379"}],"curies":[{"name":"wp","href":"https:\/\/api.w.org\/{rel}","templated":true}]}}