{"id":736443,"date":"2026-08-29T05:58:17","date_gmt":"2026-08-29T05:58:17","guid":{"rendered":"https:\/\/www.europesays.com\/es\/736443\/"},"modified":"2026-08-29T05:58:17","modified_gmt":"2026-08-29T05:58:17","slug":"cada-vez-mas-en-mas-jovenes-y-sin-farmacos-especificos-por-que-la-artrosis-sigue-infravigilada-en-espana","status":"publish","type":"post","link":"https:\/\/www.europesays.com\/es\/736443\/","title":{"rendered":"Cada vez m\u00e1s, en m\u00e1s j\u00f3venes y sin f\u00e1rmacos espec\u00edficos: por qu\u00e9 la artrosis sigue \u00abinfravigilada\u00bb en Espa\u00f1a"},"content":{"rendered":"<p id=\"paragraph_1\">Afecta a uno de cada tres adultos mayores de 40 a\u00f1os y cada vez a m\u00e1s j\u00f3venes. Pero se ha simplificado pensando que es <a data-forcefollow=\"false\" data-sponsored=\"false\" href=\"https:\/\/www.elespanol.com\/ciencia\/20260125\/reumatologia-artrosis-espana-ciencia\/1003744100483_0.html?utm_cmp_rs=linksinline\" rel=\"nofollow noopener\" target=\"_blank\">solo un desgaste natural de las articulaciones<\/a>, &#8216;condenando&#8217; a mucha gente a a\u00f1os y a\u00f1os de dolores, <strong>hasta acabar condicionando su d\u00eda a d\u00eda<\/strong>.<\/p>\n<p class=\"paragraph\" id=\"paragraph_2\">Y no hay f\u00e1rmacos para tratarla m\u00e1s all\u00e1 de analg\u00e9sicos para el dolor. Hasta que evoluciona y hace falta cirug\u00eda o una pr\u00f3tesis.<\/p>\n<p class=\"paragraph\" id=\"paragraph_3\">\u00abLa infravigilamos\u00bb, opina el m\u00e9dico de familia <strong>Carlos Bastida<\/strong>, responsable del grupo de trabajo de aparato locomotor de la Sociedad Espa\u00f1ola de M\u00e9dicos Generales y de Familia (SEMG).<\/p>\n<p><img loading=\"lazy\" decoding=\"async\" alt=\"Radiograf\u00eda de las manos de una enferma de artritis. Learningradiology.com\" height=\"960\" src=\"https:\/\/www.europesays.com\/es\/wp-content\/uploads\/2026\/08\/h:960&#038;h=LG2KFNwo.jpeg\" width=\"1706\" data-lazy-status=\"processed\" data-lazy-info=\"remove loading item 1\"\/><\/p>\n<p class=\"paragraph\" id=\"paragraph_4\">\u00abMuchas veces, interpretamos la artrosis como algo que se espera por la edad y no como una enfermedad cr\u00f3nica que requiere siempre un seguimiento funcional\u00bb y que puede tener repercusiones en la p\u00e9rdida de autonom\u00eda.<\/p>\n<p class=\"paragraph\" id=\"paragraph_5\">Entre 1990 y 2021, el n\u00famero de personas con artrosis ha pasado de 3,49 millones a 6,28 millones, casi el doble.<\/p>\n<p class=\"paragraph\" id=\"paragraph_6\">Seg\u00fan los datos que maneja la Sociedad Espa\u00f1ola de Reumatolog\u00eda (SER), el 33,7% de la poblaci\u00f3n adulta mayor de 40 a\u00f1os en Espa\u00f1a tiene artrosis,<strong> principalmente en la columna cervical y las lumbares (29,4%), la rodilla (13,9%)<\/strong>, la mano (7,7%) y la cadera (5,7%).<\/p>\n<p class=\"paragraph\" id=\"paragraph_7\">La prevalencia est\u00e1 aumentando sobre todo en la rodilla y en la mano, y afecta m\u00e1s a las mujeres que a los hombres. Y, cada vez m\u00e1s, a los j\u00f3venes.<\/p>\n<p>El doble de incidencia en 30 a\u00f1os<\/p>\n<p class=\"paragraph\" id=\"paragraph_8\">\u00abHay evidencia internacional consistente de que la artrosis est\u00e1 aumentando tambi\u00e9n en personas j\u00f3venes\u00bb, apunta <strong>Francisco Castro<\/strong>, jefe de secci\u00f3n de Reumatolog\u00eda del Centro M\u00e9dico Teknon de Barcelona y portavoz de la SER.<\/p>\n<p class=\"paragraph\" id=\"paragraph_9\">Los an\u00e1lisis del Global Burden of Disease, que recopila datos sobre la carga de enfermedad en todo el mundo, muestran que \u00ab<strong>entre 1990 y 2019 aumentaron las tasas estandarizadas de artrosis en adultos de 30 a 44 a\u00f1os<\/strong>. En 2019, se estimaban casi 33 millones de personas en el mundo con artrosis en ese grupo de edad\u00bb.<\/p>\n<p class=\"paragraph\" id=\"paragraph_10\">Otros an\u00e1lisis apuntan que la artrosis de inicio precoz (antes de los 55 a\u00f1os) pr\u00e1cticamente se duplic\u00f3 en prevalencia -casos totales- e incidencia -nuevos casos al a\u00f1o- en tres d\u00e9cadas, indica.<\/p>\n<p class=\"paragraph\" id=\"paragraph_11\">El aumento general de la artrosis entre la poblaci\u00f3n, especialmente la espa\u00f1ola, tiene una causa clara. El mayor envejecimiento de la poblaci\u00f3n aboca a una proporci\u00f3n cada vez m\u00e1s grande de personas que sufren condiciones asociadas a la edad avanzada.<\/p>\n<p><img decoding=\"async\" alt=\"Investigadores de la Universidad de Lancaster trabajan en diagnosticar la artrosis temprana.\" height=\"960\" loading=\"lazy\" width=\"1706\" data-lazy-status=\"processed\" id=\"b13de81608\" src=\"https:\/\/www.elespanol.com\/invertia\/observatorios\/sanidad\/20260829\/vez-jovenes-sin-farmacos-especificos-artrosis-sigue-infravigilada-espana\/[\" https:=\"\" data-lazy-info=\"changed src\"\/><\/p>\n<p class=\"paragraph\" id=\"paragraph_12\">Tambi\u00e9n se explica por un aumento en la prevalencia del sobrepeso y la obesidad, as\u00ed como en el sedentarismo de la poblaci\u00f3n.<\/p>\n<p class=\"paragraph\" id=\"paragraph_13\">\u00abUtilizar\u00eda mejor el t\u00e9rmino &#8216;contribuye&#8217; y no &#8216;explica'\u00bb, corrige Castro. \u00abLa artrosis es, sin duda, una enfermedad multifactorial y los estudios epidemiol\u00f3gicos transversales permiten establecer asociaciones, pero no atribuir todo un incremento de prevalencia a una causa \u00fanica\u00bb.<\/p>\n<p class=\"paragraph\" id=\"paragraph_14\">Sedentarismo, sobrepeso y obesidad contribuyen al crecimiento de esta enfermedad entre adultos j\u00f3venes, as\u00ed como las lesiones articulares previas (ligamento cruzado anterior, menisco, traumatismos, etc.), \u00abdeterminadas anomal\u00edas morfol\u00f3gicas y biomec\u00e1nicas, y algunas exposiciones laborales y deportivas\u00bb.<\/p>\n<p class=\"paragraph\" id=\"paragraph_15\">Pese a esta relaci\u00f3n con el sobrepeso, <strong>no se puede entender esta enfermedad como un desgaste producido \u00fanicamente por la carga mec\u00e1nica<\/strong>.<\/p>\n<p class=\"paragraph\" id=\"paragraph_16\">\u00abAntes se pensaba principalmente en el exceso de peso como una sobrecarga biomec\u00e1nica. Hoy sabemos que el tejido adiposo es metab\u00f3licamente activo y que adipocinas, mediadores inflamatorios y alteraciones metab\u00f3licas probablemente participan tambi\u00e9n en la fisiopatolog\u00eda\u00bb. Esto permitir\u00eda explicar asociaciones de obesidad incluso con artrosis de articulaciones que no soportan peso.<\/p>\n<p class=\"paragraph\" id=\"paragraph_17\">As\u00ed lo ha confirmado una revisi\u00f3n reciente de la Sociedad Internacional para la Investigaci\u00f3n de la osteoartritis (Oarsi), que apunta que \u00abexisten mecanismos metab\u00f3licos e inflamatorios sist\u00e9micos que probablemente contribuyen a la enfermedad\u00bb, indica el reumat\u00f3logo.<\/p>\n<p><img decoding=\"async\" alt=\"Una mujer se duele en las articulaciones del dedo\" height=\"960\" loading=\"lazy\" width=\"1706\" data-lazy-status=\"processed\" id=\"1de75ffb4c\" src=\"https:\/\/www.elespanol.com\/invertia\/observatorios\/sanidad\/20260829\/vez-jovenes-sin-farmacos-especificos-artrosis-sigue-infravigilada-espana\/[\" https:=\"\" data-lazy-info=\"changed src\"\/><\/p>\n<p class=\"paragraph\" id=\"paragraph_18\">El m\u00e9dico de familia Carlos Bastida, por su parte, explica que la artrosis \u00abafecta a toda la articulaci\u00f3n\u00bb, desde el cart\u00edlago a la musculatura \u00aby el sistema nervioso del dolor. Por eso incluyen el peso, la inflamaci\u00f3n de bajo grado, la fuerza muscular, la biomec\u00e1nica y los determinantes sociales. Tiene un gran impacto sobre la funcionalidad\u00bb.<\/p>\n<p class=\"paragraph\" id=\"paragraph_19\">De ah\u00ed que \u00abno solo habr\u00e1 que tener en cuenta el dolor\u00bb, sino prestarle atenci\u00f3n a \u00abla rigidez, a la p\u00e9rdida de funci\u00f3n, que reduce la actividad f\u00edsica, el incremento del riesgo de ca\u00eddas, la deformidad progresiva, el impacto funcional (insomnio, aislamiento, ansiedad, depresi\u00f3n), e incluso el riesgo de consumo de analg\u00e9sicos y antiinflamatorios\u00bb.<\/p>\n<p class=\"paragraph\" id=\"paragraph_20\">Bastida recuerda que esta enfermedad \u00ab<strong>est\u00e1 conectada con la fragilidad, la sarcopenia, las ca\u00eddas y la dependencia<\/strong>\u00ab.<\/p>\n<p class=\"paragraph\" id=\"paragraph_21\">El manejo que propone es individualizado, \u00abfij\u00e1ndose sobre todo en los s\u00edntomas\u00bb y no tanto en la intensidad del dolor como en el impacto funcional que provoca en la actividad f\u00edsica, el sue\u00f1o y la calidad de vida en general.<\/p>\n<p class=\"paragraph\" id=\"paragraph_22\">\u00abEs importante la educaci\u00f3n del paciente para reconocer bien su patolog\u00eda, el autocuidado, controlar el peso, el ejercicio adaptado de forma individual, ayudas t\u00e9cnicas, calzado, consejo laboral y funcional\u00bb.<\/p>\n<p class=\"paragraph\" id=\"paragraph_23\">A pesar de los avances en el conocimiento de la enfermedad y su manejo, no hay un f\u00e1rmaco que modifique el curso de la enfermedad.<\/p>\n<p>Futuro esperanzador<\/p>\n<p class=\"paragraph\" id=\"paragraph_24\">La llegada de f\u00e1rmacos eficaces para la p\u00e9rdida de peso (como el popular <strong>Ozempic<\/strong>) ha supuesto \u00abuna mejor\u00eda del dolor en pacientes con obesidad y artrosis de rodilla\u00bb, explica el reumat\u00f3logo Francisco Castro.<\/p>\n<p class=\"paragraph\" id=\"paragraph_25\">En investigaci\u00f3n hay medicamentos como <strong>Lorecivivint<\/strong>, \u00abel candidato m\u00e1s avanzado desde el punto de vista regulatorio\u00bb, ya que est\u00e1 en fase de evaluaci\u00f3n por parte de la agencia estadounidense de medicamentos (FDA).<\/p>\n<p class=\"paragraph\" id=\"paragraph_26\">\u00abPero debemos ser prudentes: todav\u00eda no est\u00e1 aprobado y un metaan\u00e1lisis de julio de 2026 <strong>encontr\u00f3 un beneficio modesto sobre el dolor y resultados menos consistentes en funci\u00f3n y estructura<\/strong>\u00ab, lamenta.<\/p>\n<p class=\"paragraph\" id=\"paragraph_27\">Con todo, hay un buen pu\u00f1ado de terapias en distintas fases de investigaci\u00f3n cl\u00ednica (es decir, ya prob\u00e1ndose en personas) que \u00abmerece la pena seguir con atenci\u00f3n, porque el desarrollo terap\u00e9utico en artrosis se est\u00e1 diversificando de una forma que no hab\u00edamos visto hasta ahora\u00bb.<\/p>\n<p class=\"paragraph\" id=\"paragraph_28\">Castro no cree, no obstante, que vaya a haber un \u00fanico f\u00e1rmaco que modifique el curso de la enfermedad, sino que habr\u00e1 \u00abtratamientos diferentes para distintos fenotipos y mecanismos de enfermedad. El salto realmente importante ser\u00e1 combinar nuevos tratamientos con biomarcadores, imagen cuantitativa, \u00f3micas e inteligencia artificial para seleccionar mejor a los pacientes m\u00e1s adecuados para cada tratamiento\u00bb.<\/p>\n","protected":false},"excerpt":{"rendered":"Afecta a uno de cada tres adultos mayores de 40 a\u00f1os y cada vez a m\u00e1s j\u00f3venes. Pero&hellip;\n","protected":false},"author":2,"featured_media":736444,"comment_status":"","ping_status":"","sticky":false,"template":"","format":"standard","meta":{"footnotes":""},"categories":[92],"tags":[68763,25,24,165,8311,166,1811,23],"class_list":["post-736443","post","type-post","status-publish","format-standard","has-post-thumbnail","category-salud","tag-artrosis","tag-es","tag-espana","tag-health","tag-observatorio-de-la-sanidad","tag-salud","tag-sanidad","tag-spain"],"share_on_mastodon":{"url":"https:\/\/pubeurope.com\/@es\/117177269146037212","error":""},"_links":{"self":[{"href":"https:\/\/www.europesays.com\/es\/wp-json\/wp\/v2\/posts\/736443","targetHints":{"allow":["GET"]}}],"collection":[{"href":"https:\/\/www.europesays.com\/es\/wp-json\/wp\/v2\/posts"}],"about":[{"href":"https:\/\/www.europesays.com\/es\/wp-json\/wp\/v2\/types\/post"}],"author":[{"embeddable":true,"href":"https:\/\/www.europesays.com\/es\/wp-json\/wp\/v2\/users\/2"}],"replies":[{"embeddable":true,"href":"https:\/\/www.europesays.com\/es\/wp-json\/wp\/v2\/comments?post=736443"}],"version-history":[{"count":0,"href":"https:\/\/www.europesays.com\/es\/wp-json\/wp\/v2\/posts\/736443\/revisions"}],"wp:featuredmedia":[{"embeddable":true,"href":"https:\/\/www.europesays.com\/es\/wp-json\/wp\/v2\/media\/736444"}],"wp:attachment":[{"href":"https:\/\/www.europesays.com\/es\/wp-json\/wp\/v2\/media?parent=736443"}],"wp:term":[{"taxonomy":"category","embeddable":true,"href":"https:\/\/www.europesays.com\/es\/wp-json\/wp\/v2\/categories?post=736443"},{"taxonomy":"post_tag","embeddable":true,"href":"https:\/\/www.europesays.com\/es\/wp-json\/wp\/v2\/tags?post=736443"}],"curies":[{"name":"wp","href":"https:\/\/api.w.org\/{rel}","templated":true}]}}