{"id":736583,"date":"2026-08-29T07:50:15","date_gmt":"2026-08-29T07:50:15","guid":{"rendered":"https:\/\/www.europesays.com\/es\/736583\/"},"modified":"2026-08-29T07:50:15","modified_gmt":"2026-08-29T07:50:15","slug":"mercado-de-fichajes-hoy-en-directo-ultima-hora-de-fc-barcelona-real-madrid-y-todas-las-altas-y-bajas-de-las-grandes-ligas-25","status":"publish","type":"post","link":"https:\/\/www.europesays.com\/es\/736583\/","title":{"rendered":"Mercado de fichajes, hoy, en directo: \u00faltima hora de FC Barcelona, Real Madrid y todas las altas y bajas de las grandes ligas"},"content":{"rendered":"<p class=\"ft-text\"><strong>El Newcastle United ha intensificado en las \u00faltimas horas su ofensiva por el delantero del Lille Mat\u00edas Fern\u00e1ndez-Pardo<\/strong>, seg\u00fan informa The Telegraph. El conjunto ingl\u00e9s trabaja para alcanzar un acuerdo con el club franc\u00e9s antes del cierre del mercado.<\/p>\n<p class=\"ft-text\">El atacante, de 21 a\u00f1os, estar\u00eda dispuesto a dar el visto bueno a su llegada a St James\u2019 Park, mientras el Newcastle avanza en las negociaciones con el Lille. <strong>El club franc\u00e9s valora al futbolista en torno a los 60 millones de libras.<\/strong><\/p>\n","protected":false},"excerpt":{"rendered":"El Newcastle United ha intensificado en las \u00faltimas horas su ofensiva por el delantero del Lille Mat\u00edas Fern\u00e1ndez-Pardo,&hellip;\n","protected":false},"author":2,"featured_media":736584,"comment_status":"","ping_status":"","sticky":false,"template":"","format":"standard","meta":{"footnotes":""},"categories":[268],"tags":[168,2125,25,24,285,280,282,315,1239,281,23,167,1885],"class_list":["post-736583","post","type-post","status-publish","format-standard","has-post-thumbnail","category-futbol","tag-deportes","tag-directo","tag-es","tag-espana","tag-fichajes","tag-football","tag-futbol","tag-hoy","tag-mercado","tag-soccer","tag-spain","tag-sports","tag-ultima"],"share_on_mastodon":{"url":"https:\/\/pubeurope.com\/@es\/117177707801682076","error":""},"_links":{"self":[{"href":"https:\/\/www.europesays.com\/es\/wp-json\/wp\/v2\/posts\/736583","targetHints":{"allow":["GET"]}}],"collection":[{"href":"https:\/\/www.europesays.com\/es\/wp-json\/wp\/v2\/posts"}],"about":[{"href":"https:\/\/www.europesays.com\/es\/wp-json\/wp\/v2\/types\/post"}],"author":[{"embeddable":true,"href":"https:\/\/www.europesays.com\/es\/wp-json\/wp\/v2\/users\/2"}],"replies":[{"embeddable":true,"href":"https:\/\/www.europesays.com\/es\/wp-json\/wp\/v2\/comments?post=736583"}],"version-history":[{"count":0,"href":"https:\/\/www.europesays.com\/es\/wp-json\/wp\/v2\/posts\/736583\/revisions"}],"wp:featuredmedia":[{"embeddable":true,"href":"https:\/\/www.europesays.com\/es\/wp-json\/wp\/v2\/media\/736584"}],"wp:attachment":[{"href":"https:\/\/www.europesays.com\/es\/wp-json\/wp\/v2\/media?parent=736583"}],"wp:term":[{"taxonomy":"category","embeddable":true,"href":"https:\/\/www.europesays.com\/es\/wp-json\/wp\/v2\/categories?post=736583"},{"taxonomy":"post_tag","embeddable":true,"href":"https:\/\/www.europesays.com\/es\/wp-json\/wp\/v2\/tags?post=736583"}],"curies":[{"name":"wp","href":"https:\/\/api.w.org\/{rel}","templated":true}]}}