{"id":736689,"date":"2026-08-29T09:07:15","date_gmt":"2026-08-29T09:07:15","guid":{"rendered":"https:\/\/www.europesays.com\/es\/736689\/"},"modified":"2026-08-29T09:07:15","modified_gmt":"2026-08-29T09:07:15","slug":"fear-factory-lanzan-roboticist-primer-tema-con-su-nuevo-cantante","status":"publish","type":"post","link":"https:\/\/www.europesays.com\/es\/736689\/","title":{"rendered":"Fear Factory lanzan &#8216;Roboticist, primer tema con su nuevo cantante"},"content":{"rendered":"<p><strong><a href=\"https:\/\/www.rockzonemag.com\/tag\/fear-factory\/\" rel=\"nofollow noopener\" target=\"_blank\">Fear Factory<\/a> han estrenado \u2018Roboticist\u2019, su primera canci\u00f3n con Milo Silvestro como vocalista y tambi\u00e9n el primer material nuevo de la banda desde Aggression Continuum, publicado en 2021.<\/strong><\/p>\n<p><a href=\"https:\/\/entradium.com\/ca\/events\/catalunya-triomfant-2\" target=\"_blank\" rel=\"nofollow noopener\"><img decoding=\"async\" src=\"https:\/\/www.europesays.com\/es\/wp-content\/uploads\/2026\/08\/1787994435_380_Banner-Catalunya-Triomfant-2026-1060-200-copia.gif\"\/><\/a><\/p>\n<p>Aunque Silvestro se incorpor\u00f3 oficialmente a Fear Factory en 2023 como sustituto de Burton C. Bell y desde entonces ha girado extensamente con el grupo, hasta ahora no hab\u00eda participado en ninguna grabaci\u00f3n de estudio. \u2018Roboticist\u2019 supone, por tanto, el verdadero punto de partida discogr\u00e1fico de esta nueva formaci\u00f3n, completada por el bater\u00eda Pete Webber, tambi\u00e9n incorporado hace tres a\u00f1os.<\/p>\n<p>Seg\u00fan la banda, \u2018Roboticist\u2019 presenta una realidad dist\u00f3pica en la que el cuerpo humano acaba fallando y \u00fanicamente sobrevive la conciencia, retomando as\u00ed la eterna confrontaci\u00f3n entre hombre y m\u00e1quina que ha marcado buena parte de la obra de Fear Factory.<\/p>\n<p>\u2018Roboticist\u2019 se estren\u00f3 exactamente a las 2:14 de la madrugada del 29 de agosto, el momento en el que, dentro del universo de Terminator, Skynet toma conciencia de s\u00ed misma en 1997. El grupo tambi\u00e9n inicia hoy una gira europea junto a Crystal Lake, Hate y The Nocturnal Affair sin fechas en Espa\u00f1a.<\/p>\n<p>El tema ha sido producido, grabado, mezclado y masterizado por Damien Rainaud, mientras que Vicente Cordero (Cradle Of Filth, Hollywood Undead) se ha encargado de dirigir su videoclip. Puedes verlo a continuaci\u00f3n:<\/p>\n","protected":false},"excerpt":{"rendered":"Fear Factory han estrenado \u2018Roboticist\u2019, su primera canci\u00f3n con Milo Silvestro como vocalista y tambi\u00e9n el primer material&hellip;\n","protected":false},"author":2,"featured_media":736690,"comment_status":"","ping_status":"","sticky":false,"template":"","format":"standard","meta":{"footnotes":""},"categories":[170],"tags":[146,147,25,24,90750,112397,184,185,10,31127,23,2338],"class_list":["post-736689","post","type-post","status-publish","format-standard","has-post-thumbnail","category-musica","tag-entertainment","tag-entretenimiento","tag-es","tag-espana","tag-fear-factory","tag-metal-industrial","tag-music","tag-musica","tag-noticias","tag-nuclear-blast","tag-spain","tag-video"],"share_on_mastodon":{"url":"https:\/\/pubeurope.com\/@es\/117178011488294568","error":""},"_links":{"self":[{"href":"https:\/\/www.europesays.com\/es\/wp-json\/wp\/v2\/posts\/736689","targetHints":{"allow":["GET"]}}],"collection":[{"href":"https:\/\/www.europesays.com\/es\/wp-json\/wp\/v2\/posts"}],"about":[{"href":"https:\/\/www.europesays.com\/es\/wp-json\/wp\/v2\/types\/post"}],"author":[{"embeddable":true,"href":"https:\/\/www.europesays.com\/es\/wp-json\/wp\/v2\/users\/2"}],"replies":[{"embeddable":true,"href":"https:\/\/www.europesays.com\/es\/wp-json\/wp\/v2\/comments?post=736689"}],"version-history":[{"count":0,"href":"https:\/\/www.europesays.com\/es\/wp-json\/wp\/v2\/posts\/736689\/revisions"}],"wp:featuredmedia":[{"embeddable":true,"href":"https:\/\/www.europesays.com\/es\/wp-json\/wp\/v2\/media\/736690"}],"wp:attachment":[{"href":"https:\/\/www.europesays.com\/es\/wp-json\/wp\/v2\/media?parent=736689"}],"wp:term":[{"taxonomy":"category","embeddable":true,"href":"https:\/\/www.europesays.com\/es\/wp-json\/wp\/v2\/categories?post=736689"},{"taxonomy":"post_tag","embeddable":true,"href":"https:\/\/www.europesays.com\/es\/wp-json\/wp\/v2\/tags?post=736689"}],"curies":[{"name":"wp","href":"https:\/\/api.w.org\/{rel}","templated":true}]}}