{"id":736695,"date":"2026-08-29T09:11:41","date_gmt":"2026-08-29T09:11:41","guid":{"rendered":"https:\/\/www.europesays.com\/es\/736695\/"},"modified":"2026-08-29T09:11:41","modified_gmt":"2026-08-29T09:11:41","slug":"tremenda-cogida-y-cornada-de-un-monosabio-que-pudo-acabar-en-tragedia-en-bilbao","status":"publish","type":"post","link":"https:\/\/www.europesays.com\/es\/736695\/","title":{"rendered":"Tremenda cogida y cornada de un monosabio que pudo acabar en tragedia en Bilbao"},"content":{"rendered":"<p class=\"isSelectedEnd\">En el tercio de varas del cuarto toro de la tarde se vivi\u00f3 uno de esos instantes que devuelven <b>al ruedo toda su dimensi\u00f3n de peligro<\/b>. Mientras el de Domingo Hern\u00e1ndez empujaba con violencia al caballo contra las tablas y los monosabios trataban de auxiliar al picador, coleando al equino para sacarlo de la embestida, el toro encontr\u00f3 de repente un objetivo distinto.<\/p>\n<p class=\"isSelectedEnd\">Se volvi\u00f3 con una rapidez seca, casi imperceptible hasta que ya era demasiado tarde, y alcanz\u00f3 de lleno a uno de los monosabios. Lo levant\u00f3 con brutalidad y, cuando ya estaba en el suelo, v<b>olvi\u00f3 sobre \u00e9l para voltearlo antes de que sus compa\u00f1eros consiguieran apartarlo de los pitones.<\/b><\/p>\n<p class=\"isSelectedEnd\"><b>La escena fue de una enorme crudeza. <\/b>El monosabio fue llevado inmediatamente a la enfermer\u00eda, donde tuvo que ser atendido de una cornada en el gl\u00fateo. Durante unos segundos, el tiempo pareci\u00f3 detenerse en la plaza.<\/p>\n<p class=\"isSelectedEnd\">Porque tambi\u00e9n esto forma parte de la verdad del toreo. El peligro no distingue entre quien se viste de luces y quien trabaja en la sombra del ruedo. No entiende de jerarqu\u00edas ni de oficios. Basta un giro inesperado del toro para que todos los que est\u00e1n dentro de la arena queden expuestos.<\/p>\n","protected":false},"excerpt":{"rendered":"En el tercio de varas del cuarto toro de la tarde se vivi\u00f3 uno de esos instantes que&hellip;\n","protected":false},"author":2,"featured_media":736696,"comment_status":"","ping_status":"","sticky":false,"template":"","format":"standard","meta":{"footnotes":""},"categories":[91],"tags":[2601,146,147,25,24,11225,129713,23,444],"class_list":["post-736695","post","type-post","status-publish","format-standard","has-post-thumbnail","category-entretenimiento","tag-bilbao","tag-entertainment","tag-entretenimiento","tag-es","tag-espana","tag-heridos","tag-patricia-navarro","tag-spain","tag-toros"],"share_on_mastodon":{"url":"https:\/\/pubeurope.com\/@es\/117178026336374387","error":""},"_links":{"self":[{"href":"https:\/\/www.europesays.com\/es\/wp-json\/wp\/v2\/posts\/736695","targetHints":{"allow":["GET"]}}],"collection":[{"href":"https:\/\/www.europesays.com\/es\/wp-json\/wp\/v2\/posts"}],"about":[{"href":"https:\/\/www.europesays.com\/es\/wp-json\/wp\/v2\/types\/post"}],"author":[{"embeddable":true,"href":"https:\/\/www.europesays.com\/es\/wp-json\/wp\/v2\/users\/2"}],"replies":[{"embeddable":true,"href":"https:\/\/www.europesays.com\/es\/wp-json\/wp\/v2\/comments?post=736695"}],"version-history":[{"count":0,"href":"https:\/\/www.europesays.com\/es\/wp-json\/wp\/v2\/posts\/736695\/revisions"}],"wp:featuredmedia":[{"embeddable":true,"href":"https:\/\/www.europesays.com\/es\/wp-json\/wp\/v2\/media\/736696"}],"wp:attachment":[{"href":"https:\/\/www.europesays.com\/es\/wp-json\/wp\/v2\/media?parent=736695"}],"wp:term":[{"taxonomy":"category","embeddable":true,"href":"https:\/\/www.europesays.com\/es\/wp-json\/wp\/v2\/categories?post=736695"},{"taxonomy":"post_tag","embeddable":true,"href":"https:\/\/www.europesays.com\/es\/wp-json\/wp\/v2\/tags?post=736695"}],"curies":[{"name":"wp","href":"https:\/\/api.w.org\/{rel}","templated":true}]}}