{"id":736725,"date":"2026-08-29T09:34:10","date_gmt":"2026-08-29T09:34:10","guid":{"rendered":"https:\/\/www.europesays.com\/es\/736725\/"},"modified":"2026-08-29T09:34:10","modified_gmt":"2026-08-29T09:34:10","slug":"no-todo-gira-en-torno-a-la-champions-league-alvaro-morata-explica-su-sorprendente-cesion-al-leganes-desde-el-como-de-cesc-fabregas","status":"publish","type":"post","link":"https:\/\/www.europesays.com\/es\/736725\/","title":{"rendered":"\u00abNo todo gira en torno a la Champions League\u00bb: \u00c1lvaro Morata explica su sorprendente cesi\u00f3n al Legan\u00e9s desde el Como de Cesc F\u00e0bregas"},"content":{"rendered":"<p>Con una cifra acumulada de traspasos a lo largo de su carrera de 229 millones de euros, se espera que Morata se adapte con rapidez tras haber marcado anteriormente 12 goles en Segunda Divisi\u00f3n con el Real Madrid Castilla en la temporada 2012-13. El delantero recalc\u00f3 que su decisi\u00f3n de bajar una categor\u00eda estuvo impulsada por su total confianza en la visi\u00f3n del club y en su apuesta por el ascenso a LaLiga.<\/p>\n<p>Al explicar su decisi\u00f3n de fichar, Morata a\u00f1adi\u00f3: \u00abConvincente. Ellos cre\u00edan en m\u00ed y yo cre\u00eda en el proyecto; no hac\u00eda falta convencerme. Fue una decisi\u00f3n f\u00e1cil. En la vida no todo es jugar la Champions League o ganar t\u00edtulos.<\/p>\n<p>\u00abHe pasado unos a\u00f1os dif\u00edciles en los que me he enfrentado a muchos retos personales. He tenido que luchar contra muchas cr\u00edticas, y fichar por el Legan\u00e9s me hace sentir como en mi primer d\u00eda, como un chaval que firma por su primer club. Est\u00e1 bien no centrarse en la categor\u00eda o en otros factores.<\/p>\n<p>\u00abAqu\u00ed estoy en casa, y esa era la parte m\u00e1s dif\u00edcil. Podr\u00eda haberme ido a alg\u00fan sitio con menos exigencia futbol\u00edstica; la Segunda Divisi\u00f3n a veces es m\u00e1s exigente que la Primera. Estoy aqu\u00ed para ayudar en todo lo que pueda, y creo que los pr\u00f3ximos a\u00f1os del Legan\u00e9s van a ser fant\u00e1sticos.\u00bb<\/p>\n<p>Sobre la cl\u00e1usula de compra, insisti\u00f3: \u00abMe gustar\u00eda mucho quedarme aqu\u00ed. Captas las sensaciones r\u00e1pidamente, y mis primeras impresiones han hecho que tenga muchas ganas de volver ma\u00f1ana. Espero que los resultados nos acompa\u00f1en; puedo prometer que voy a darlo todo para cumplir nuestros objetivos. Luchar por el ascenso a Primera Divisi\u00f3n tambi\u00e9n es algo hist\u00f3rico.\u00bb<\/p>\n","protected":false},"excerpt":{"rendered":"Con una cifra acumulada de traspasos a lo largo de su carrera de 229 millones de euros, se&hellip;\n","protected":false},"author":2,"featured_media":736726,"comment_status":"","ping_status":"","sticky":false,"template":"","format":"standard","meta":{"footnotes":""},"categories":[93],"tags":[130802,16471,2170,168,25,24,285,7384,7640,4523,23,167,76226],"class_list":["post-736725","post","type-post","status-publish","format-standard","has-post-thumbnail","category-deportes","tag-a-morata","tag-alvaro-morata","tag-como","tag-deportes","tag-es","tag-espana","tag-fichajes","tag-leganes","tag-segunda-division","tag-serie-a","tag-spain","tag-sports","tag-transfers"],"share_on_mastodon":{"url":"https:\/\/pubeurope.com\/@es\/117178117080347139","error":""},"_links":{"self":[{"href":"https:\/\/www.europesays.com\/es\/wp-json\/wp\/v2\/posts\/736725","targetHints":{"allow":["GET"]}}],"collection":[{"href":"https:\/\/www.europesays.com\/es\/wp-json\/wp\/v2\/posts"}],"about":[{"href":"https:\/\/www.europesays.com\/es\/wp-json\/wp\/v2\/types\/post"}],"author":[{"embeddable":true,"href":"https:\/\/www.europesays.com\/es\/wp-json\/wp\/v2\/users\/2"}],"replies":[{"embeddable":true,"href":"https:\/\/www.europesays.com\/es\/wp-json\/wp\/v2\/comments?post=736725"}],"version-history":[{"count":0,"href":"https:\/\/www.europesays.com\/es\/wp-json\/wp\/v2\/posts\/736725\/revisions"}],"wp:featuredmedia":[{"embeddable":true,"href":"https:\/\/www.europesays.com\/es\/wp-json\/wp\/v2\/media\/736726"}],"wp:attachment":[{"href":"https:\/\/www.europesays.com\/es\/wp-json\/wp\/v2\/media?parent=736725"}],"wp:term":[{"taxonomy":"category","embeddable":true,"href":"https:\/\/www.europesays.com\/es\/wp-json\/wp\/v2\/categories?post=736725"},{"taxonomy":"post_tag","embeddable":true,"href":"https:\/\/www.europesays.com\/es\/wp-json\/wp\/v2\/tags?post=736725"}],"curies":[{"name":"wp","href":"https:\/\/api.w.org\/{rel}","templated":true}]}}