{"id":736761,"date":"2026-08-29T09:59:30","date_gmt":"2026-08-29T09:59:30","guid":{"rendered":"https:\/\/www.europesays.com\/es\/736761\/"},"modified":"2026-08-29T09:59:30","modified_gmt":"2026-08-29T09:59:30","slug":"el-look-que-le-pide-a-lourdes-montes-su-hijo-de-ano-y-medio-es-espanol-de-lino-bordado-y-conecta-con-la-reina-letizia-solo-quiere-que-me-ponga-este-mono","status":"publish","type":"post","link":"https:\/\/www.europesays.com\/es\/736761\/","title":{"rendered":"El look que le pide a Lourdes Montes su hijo de a\u00f1o y medio es espa\u00f1ol, de lino bordado y conecta con la reina Letizia: \u00abSolo quiere que me ponga este mono\u00bb"},"content":{"rendered":"<p id=\"eePLH5kkLX\" data-wc=\"88\">A lo largo de los \u00faltimos a\u00f1os, <strong>Lourdes Montes<\/strong> se ha convertido en un referente de estilo en nuestro pa\u00eds gracias a sus cuidadas elecciones. Elegante y natural, convertida ya en uno de los rostros habituales de la alta sociedad andaluza, <a class=\"hm-link ho-link\" href=\"https:\/\/www.hola.com\/moda\/20251129870254\/lourdes-montes-mejores-looks-grandes-ocasiones\/\" data-mrf-recirculation=\"article-body-link\" rel=\"nofollow noopener\" target=\"_blank\">consigue sorprender especialmente con sus elecciones de invitada<\/a>, entre las que predominan la moda espa\u00f1ola, el color y los estampados. No es sencillo hacer encajar estos dos \u00faltimos elementos sin pecar de exceso, pero la esposa de Fran Rivera domina el arte de combinarlos a la perfecci\u00f3n.<\/p>\n<p>Te recomendamosSeguir leyendo<\/p>\n<p id=\"esBnWzmZhhb\" data-wc=\"48\">En su armario guarda prendas vibrantes que no siempre son aptas para las amantes del minimalismo y este verano ha mostrado la que es sin duda una de las m\u00e1s especiales. Y es que se ha convertido en <strong>la favorita de uno de sus mayores admiradores: su hijo<\/strong>.\u00a0<\/p>\n<p> <img src=\"https:\/\/www.europesays.com\/es\/wp-content\/uploads\/2026\/08\/6b067ca62339-lourdes-montes-conjunto-rosa-elefantes-2.jpg\"   width=\"1080\" height=\"1800\" loading=\"lazy\" decoding=\"async\" alt=\"Lourdes montes con mono largo rosa de estampado de elefantes, de Michonet\" fetchpriority=\"auto\" class=\"image ho-image\"\/>\u00a9 @lmontesoficial<br \/>\nLa nueva obsesi\u00f3n de Nicol\u00e1s, el hijo m\u00e1s peque\u00f1o de Lourdes Montes: un mono espa\u00f1ol de lino<\/p>\n<p id=\"eInGkU1loEd\" data-wc=\"73\">\u00abTengo un ni\u00f1o de un a\u00f1o y medio que solo quiere que me ponga el mono de &#8216;fantes'\u00bb, ha comentado con humor la sevillana, refiri\u00e9ndose a <a class=\"hm-link ho-link\" href=\"https:\/\/www.hola.com\/actualidad\/20260705911055\/nicolas-hijo-pequeno-lourdes-montes-francisco-rivera-imagen-verano\/\" data-mrf-recirculation=\"article-body-link\" rel=\"nofollow noopener\" target=\"_blank\">Nicol\u00e1s, el menor de los tres hijos que tiene junto al extorero<\/a>. El benjam\u00edn se refiere, en concreto, a este mono color fresa de lino y viscosa bordado con elefantes con hilo dorado y negro, enriquecido con peque\u00f1as piedras aplicadas que aportan luz y relieve al dibujo.<\/p>\n<p> <img src=\"https:\/\/www.europesays.com\/es\/wp-content\/uploads\/2026\/08\/79512a82411a-20260224michonetss26-3154.jpg\"   width=\"682\" height=\"1024\" loading=\"lazy\" decoding=\"async\" alt=\"El mono de Lourdes Montes\" fetchpriority=\"auto\" class=\"image ho-image\"\/>\u00a9 Michonet<br \/>\nBordado de elefantes y un dise\u00f1o que estiliza<\/p>\n<p id=\"eUlccGpIWc1\" data-wc=\"99\">Se trata de un dise\u00f1o de <strong>escote en &#8216;V&#8217; cruzado<\/strong>, cuya intenci\u00f3n es estilizar al m\u00e1ximo la zona del torso, mientras que los pliegues en la cintura estructuran la silueta y aportan definici\u00f3n. El ligero ajuste sobre el abdomen se contrapone, as\u00ed con los hombros pronunciados y dan el aspecto de<strong>\u00a0una figura &#8216;reloj de arena&#8217;\u00a0<\/strong>sin importar el tipo de cuerpo de la mujer que lo lleve. Aunque, en el caso de Lourdes, no es secreto para nadie que <a class=\"hm-link ho-link\" href=\"https:\/\/www.hola.com\/actualidad\/20260612906784\/lourdes-montes-espectacular-bikini-42-anyos-despues-dar-luz-tercer-hijo\/\" data-mrf-recirculation=\"article-body-link\" rel=\"nofollow noopener\" target=\"_blank\">se mantiene en forma y puede presumir de tipazo en bikini<\/a>, una ayuda adicional para lucir favorecidas se agradece.\u00a0<\/p>\n<p> <img src=\"https:\/\/www.europesays.com\/es\/wp-content\/uploads\/2026\/08\/4866f50806b1-lourdes-montes-conjunto-rosa-elefantes-1.jpg\"   width=\"1080\" height=\"1800\" loading=\"lazy\" decoding=\"async\" alt=\"Lourdes montes con mono largo rosa de estampado de elefantes, de Michonet\" fetchpriority=\"auto\" class=\"image ho-image\"\/>\u00a9 @lmontesoficial<\/p>\n<p id=\"eIJK6JsvyQw\" data-wc=\"58\">El mono color fresa que tanto gusta a Nicol\u00e1s y, por supuesto, a Lourdes Montes es el modelo\u00a0Elefante -el nombre m\u00e1s apropiado- de la firma espa\u00f1ola <strong>Michonet (198 euros)<\/strong>, una ense\u00f1a que tambi\u00e9n ha conquistado en los \u00faltimos a\u00f1os a otros referentes de moda nacional como <strong>Nuria Roca, Tamara Falc\u00f3, Paula Echevarr\u00eda y hasta la reina Letizia<\/strong>.\u00a0<\/p>\n<p id=\"eUKOeDHc8M\" data-wc=\"75\">Su directora creativa, <strong>Natividad Pacheco<\/strong>, quien a su vez es la fundadora, nos comentaba en exclusiva que la confianza que estas grandes figuras de estilo han depositado en su marca es reconfortante y que la repercusi\u00f3n que esta ha tenido para su negocio es un reflejo de que las buenas embajadoras pueden impulsar cualquier proyecto a lo m\u00e1s alto:<strong>\u00a0\u00ab<\/strong><a class=\"hm-link ho-link\" href=\"https:\/\/www.hola.com\/moda\/20260206882403\/nuria-roca-jersey-verde-serpiente-lentejuelas-el-hormiguero\/\" data-mrf-recirculation=\"article-body-link\" rel=\"nofollow noopener\" target=\"_blank\">Cada vez que llevan Michonet se nota much\u00edsimo<\/a><strong>, tanto en redes sociales como en ventas\u00bb<\/strong>, confiesa.\u00a0<\/p>\n<p> <img src=\"https:\/\/www.europesays.com\/es\/wp-content\/uploads\/2026\/08\/479c8ba66d0e-lourdes-montes-conjunto-rosa-elefantes-3.jpg\"   width=\"1080\" height=\"1800\" loading=\"lazy\" decoding=\"async\" alt=\"Lourdes montes con mono largo rosa de estampado de elefantes, de Michonet\" fetchpriority=\"auto\" class=\"image ho-image\"\/>\u00a9 @lmontesoficial<br \/>\nEl &#8216;efecto Lourdes&#8217; que sigue la estela de la reina Letizia<\/p>\n<p id=\"eRe8b4QZ0Rm\" data-wc=\"88\">Lourdes Montes marca tendencia con sus elecciones. Y es que, adem\u00e1s, tiene una masa de fieles seguidores que la conocen como mujer de Fran Rivera, pero tambi\u00e9n como <a class=\"hm-link ho-link\" href=\"https:\/\/www.hola.com\/actualidad\/20251106866000\/lourdes-montes-londres-trajes-flamenca\/\" data-mrf-recirculation=\"article-body-link\" rel=\"nofollow noopener\" target=\"_blank\">dise\u00f1adora de vestidos de flamenca e invitadas<\/a> y creadora de contenido. Desde Michonet, certifican el impacto que un posado como el de la sevillana tiene para una empresa peque\u00f1a y local: \u00abEs una ilusi\u00f3n enorme.<strong>\u00a0Supone un empuj\u00f3n muy importante para seguir adelante. Te da much\u00edsima energ\u00eda para continuar luchando y creando prendas aut\u00e9nticas, especiales y con alma, como esta<\/strong>\u00ab.\u00a0<\/p>\n<p id=\"eOMyJO6J1knS\" data-wc=\"38\">Como \u00fanico complemento, ha calzado unas alpargatas de cu\u00f1a negras, de lo m\u00e1s sofisticadas, que incluso podr\u00edan confundirse con unos salones de plataforma. \u00bfNo te parece el look de invitada perfecto para una boda a principios de septiembre?<\/p>\n","protected":false},"excerpt":{"rendered":"A lo largo de los \u00faltimos a\u00f1os, Lourdes Montes se ha convertido en un referente de estilo en&hellip;\n","protected":false},"author":2,"featured_media":736762,"comment_status":"","ping_status":"","sticky":false,"template":"","format":"standard","meta":{"footnotes":""},"categories":[91],"tags":[1024,253,146,147,25,24,6486,1023,4259,338,11362,23],"class_list":["post-736761","post","type-post","status-publish","format-standard","has-post-thumbnail","category-entretenimiento","tag-actualidad-moda","tag-discover","tag-entertainment","tag-entretenimiento","tag-es","tag-espana","tag-lourdes-montes","tag-moda","tag-nuria-roca","tag-portada","tag-reina-letizia","tag-spain"],"share_on_mastodon":{"url":"https:\/\/pubeurope.com\/@es\/117178216149384130","error":""},"_links":{"self":[{"href":"https:\/\/www.europesays.com\/es\/wp-json\/wp\/v2\/posts\/736761","targetHints":{"allow":["GET"]}}],"collection":[{"href":"https:\/\/www.europesays.com\/es\/wp-json\/wp\/v2\/posts"}],"about":[{"href":"https:\/\/www.europesays.com\/es\/wp-json\/wp\/v2\/types\/post"}],"author":[{"embeddable":true,"href":"https:\/\/www.europesays.com\/es\/wp-json\/wp\/v2\/users\/2"}],"replies":[{"embeddable":true,"href":"https:\/\/www.europesays.com\/es\/wp-json\/wp\/v2\/comments?post=736761"}],"version-history":[{"count":0,"href":"https:\/\/www.europesays.com\/es\/wp-json\/wp\/v2\/posts\/736761\/revisions"}],"wp:featuredmedia":[{"embeddable":true,"href":"https:\/\/www.europesays.com\/es\/wp-json\/wp\/v2\/media\/736762"}],"wp:attachment":[{"href":"https:\/\/www.europesays.com\/es\/wp-json\/wp\/v2\/media?parent=736761"}],"wp:term":[{"taxonomy":"category","embeddable":true,"href":"https:\/\/www.europesays.com\/es\/wp-json\/wp\/v2\/categories?post=736761"},{"taxonomy":"post_tag","embeddable":true,"href":"https:\/\/www.europesays.com\/es\/wp-json\/wp\/v2\/tags?post=736761"}],"curies":[{"name":"wp","href":"https:\/\/api.w.org\/{rel}","templated":true}]}}