{"id":736767,"date":"2026-08-29T10:02:17","date_gmt":"2026-08-29T10:02:17","guid":{"rendered":"https:\/\/www.europesays.com\/es\/736767\/"},"modified":"2026-08-29T10:02:17","modified_gmt":"2026-08-29T10:02:17","slug":"putin-se-pone-al-volante-del-nuevo-volga-disenado-a-imagen-y-semejanza-del-geely-chino","status":"publish","type":"post","link":"https:\/\/www.europesays.com\/es\/736767\/","title":{"rendered":"Putin se pone al volante del nuevo Volga dise\u00f1ado a imagen y semejanza del Geely chino"},"content":{"rendered":"<p class=\"c-paragraph\">El presidente ruso, <a href=\"https:\/\/www.20minutos.es\/tags\/temas\/vladimir-putin.html\" rel=\"nofollow noopener\" target=\"_blank\">Vlad\u00edmir Putin<\/a>, se ha puesto este viernes al volante del <b>Volga K50<\/b>, <b>el nuevo modelo<\/b> de la legendaria f\u00e1brica de coches con sede en la ciudad de Nizhni N\u00f3vgorod, en <a href=\"https:\/\/www.20minutos.es\/tags\/lugares\/rusia.html\" rel=\"nofollow noopener\" target=\"_blank\">Rusia<\/a>.<\/p>\n<p class=\"c-paragraph\">Putin se subi\u00f3 al autom\u00f3vil y se desplaz\u00f3 entre dos talleres de la factor\u00eda acompa\u00f1ado por representantes de la corporaci\u00f3n estatal.\u00a0Al descender, coment\u00f3 a la prensa que el coche <b>era muy c\u00f3modo y silencioso<\/b>: \u00abMuy f\u00e1cil de conducir\u00bb. Seguidamente, estamp\u00f3 su firma en el autom\u00f3vil.<\/p>\n<p class=\"c-paragraph\">El Volga K50 es una versi\u00f3n pr\u00e1cticamente id\u00e9ntica del <b>Geely Monjaro chino<\/b>, aunque el ensamblaje del coche tiene lugar en las antiguas instalaciones de Volkswagen en Nizhni N\u00f3vgorod.<\/p>\n<p class=\"c-paragraph\">Putin se ha sentado en un Volga en otras ocasiones, como cuando <b>comparti\u00f3 coche en 2005 con<\/b> el entonces l\u00edder de EEUU, <b><a href=\"https:\/\/www.20minutos.es\/tags\/personas\/george-w-bush.html\" rel=\"nofollow noopener\" target=\"_blank\">George W. Bush<\/a><\/b>, en un modelo de 1956.<\/p>\n<p class=\"c-paragraph\">Precisamente, debido a los ataques ucranianos contra sus refiner\u00edas, Rusia experimenta actualmente una <b>grave crisis de combustible<\/b> que obliga a los conductores a hacer grandes colas ante las gasolineras, lo que ha provocado, entre otros factores, un desplome en la popularidad del jefe del Kremlin.<\/p>\n","protected":false},"excerpt":{"rendered":"El presidente ruso, Vlad\u00edmir Putin, se ha puesto este viernes al volante del Volga K50, el nuevo modelo&hellip;\n","protected":false},"author":2,"featured_media":736768,"comment_status":"","ping_status":"","sticky":false,"template":"","format":"standard","meta":{"footnotes":""},"categories":[42],"tags":[17,18,13,14,11,61,62,63,64,19,20,9,10,15,16,10981,1614,12,21,22,65,66,67],"class_list":["post-736767","post","type-post","status-publish","format-standard","has-post-thumbnail","category-internacional","tag-breaking-news","tag-breakingnews","tag-featured-news","tag-featurednews","tag-headlines","tag-internacional","tag-international","tag-international-news","tag-internationalnews","tag-latest-news","tag-latestnews","tag-news","tag-noticias","tag-noticias-destacadas","tag-noticiasdestacadas","tag-putin","tag-rusia","tag-titulares","tag-ultimas-noticias","tag-ultimasnoticias","tag-world","tag-world-news","tag-worldnews"],"share_on_mastodon":{"url":"https:\/\/pubeurope.com\/@es\/117178226534504732","error":""},"_links":{"self":[{"href":"https:\/\/www.europesays.com\/es\/wp-json\/wp\/v2\/posts\/736767","targetHints":{"allow":["GET"]}}],"collection":[{"href":"https:\/\/www.europesays.com\/es\/wp-json\/wp\/v2\/posts"}],"about":[{"href":"https:\/\/www.europesays.com\/es\/wp-json\/wp\/v2\/types\/post"}],"author":[{"embeddable":true,"href":"https:\/\/www.europesays.com\/es\/wp-json\/wp\/v2\/users\/2"}],"replies":[{"embeddable":true,"href":"https:\/\/www.europesays.com\/es\/wp-json\/wp\/v2\/comments?post=736767"}],"version-history":[{"count":0,"href":"https:\/\/www.europesays.com\/es\/wp-json\/wp\/v2\/posts\/736767\/revisions"}],"wp:featuredmedia":[{"embeddable":true,"href":"https:\/\/www.europesays.com\/es\/wp-json\/wp\/v2\/media\/736768"}],"wp:attachment":[{"href":"https:\/\/www.europesays.com\/es\/wp-json\/wp\/v2\/media?parent=736767"}],"wp:term":[{"taxonomy":"category","embeddable":true,"href":"https:\/\/www.europesays.com\/es\/wp-json\/wp\/v2\/categories?post=736767"},{"taxonomy":"post_tag","embeddable":true,"href":"https:\/\/www.europesays.com\/es\/wp-json\/wp\/v2\/tags?post=736767"}],"curies":[{"name":"wp","href":"https:\/\/api.w.org\/{rel}","templated":true}]}}