{"id":736815,"date":"2026-08-29T10:43:29","date_gmt":"2026-08-29T10:43:29","guid":{"rendered":"https:\/\/www.europesays.com\/es\/736815\/"},"modified":"2026-08-29T10:43:29","modified_gmt":"2026-08-29T10:43:29","slug":"timeless-un-album-postumo-que-recoge-ineditos-y-rarezas-de-prince","status":"publish","type":"post","link":"https:\/\/www.europesays.com\/es\/736815\/","title":{"rendered":"&#8216;Timeless&#8217;, un \u00e1lbum p\u00f3stumo que recoge in\u00e9ditos y rarezas de Prince"},"content":{"rendered":"<p class=\"c-paragraph\">Diez \u00abrarezas y grabaciones hasta ahora in\u00e9ditas del legendario archivo de Prince\u00bb. Eso es lo que contiene el \u00e1lbum Timeless\u00bb, <b>lazando este viernes<\/b> por la discogr\u00e1fica Sony Music, diez a\u00f1os despu\u00e9s de la muerte del genio de Minneapolis.<\/p>\n<p class=\"c-paragraph\">Timeless recorre la evoluci\u00f3n art\u00edstica de Prince a lo largo de casi cuatro d\u00e9cadas, con <b>grabaciones hechas entre 1977 y 2016<\/b>, desde sus primeras grabaciones en estudio como prodigio adolescente hasta una de sus \u00faltimas interpretaciones registradas, precisa Sony Music en un comunicado.<\/p>\n<p class=\"c-paragraph\">La colecci\u00f3n muestra un amplio retrato de uno de los creadores m\u00e1s <b>innovadores e influyentes de la m\u00fasica<\/b>, y permite escuchar cap\u00edtulos in\u00e9ditos de su trayectoria.<\/p>\n<p class=\"c-paragraph\">Las canciones han sido masterizadas por el <b>ingeniero y productor nominado al Grammy Chris James<\/b>, antiguo colaborador de Prince, con el que trabaj\u00f3 en discos como HITnRUN Phase Two\u00a0(2015), Art Official Age (2014) y Plectrumelectrum (2014).<\/p>\n<p class=\"c-paragraph\">Seg\u00fan se\u00f1ala Sony, Timeless \u00abofrece un poderoso recordatorio de la extraordinaria <b>amplitud, riqueza y atemporalidad<\/b> de su legado art\u00edstico\u00bb. El pasado cuatro de junio se public\u00f3 el primer sencillo del disco, Stone, una grabaci\u00f3n in\u00e9dita de 1995, escrita por Sandra St. Victor, Tom Hammer y Jules Van Even.<\/p>\n<p class=\"c-paragraph\">Este no es el primer \u00e1lbum que se publica tras el fallecimiento de Prince el 21 de abril de 2016. <b>El primero fue Prince 4Ever<\/b> (2016), un recopilatorio que incluy\u00f3 un \u00fanico tema in\u00e9dito: Moonbeam Levels. Dos a\u00f1os despu\u00e9s llegaron Anthology: 1995-2010, igualmente de \u00e9xitos, y Piano &amp; A Microphone 1983, compuesto enteramente por material nuevo, ya fueran temas in\u00e9ditos o grabaciones de calidad de material poco conocido que solo hab\u00eda circulado entre coleccionistas.<\/p>\n<p class=\"c-paragraph\">Luego lleg\u00f3 Originals (2019), con <b>catorce grabaciones in\u00e9ditas<\/b> y la versi\u00f3n original de Nothing Compares 2 U de 1984 , y en 2021 Welcome 2 America, igualmente de in\u00e9ditos y que inclu\u00eda algunas de las \u00fanicas colaboraciones de estudio de Prince con la bajista Tal Wilkenfeld, el bater\u00eda Chris Coleman y el ingeniero Jason Agel.<\/p>\n<p class=\"c-paragraph\">Prince muri\u00f3 a causa de<b> una sobredosis accidental de fentanilo<\/b> en 2016 en su residencia y estudio de grabaci\u00f3n ubicado en Paisley Park, en Minnesota.<\/p>\n<p class=\"c-paragraph\">Est\u00e1 considerado una de las <b>leyendas musicales m\u00e1s importantes<\/b> de la historia por su virtuosismo como multiinstrumentista, su impresionante rango vocal y su audaz originalidad al mezclar g\u00e9neros como el pop, funk, rock y R&amp;B.\u00a0<\/p>\n","protected":false},"excerpt":{"rendered":"Diez \u00abrarezas y grabaciones hasta ahora in\u00e9ditas del legendario archivo de Prince\u00bb. Eso es lo que contiene el&hellip;\n","protected":false},"author":2,"featured_media":736816,"comment_status":"","ping_status":"","sticky":false,"template":"","format":"standard","meta":{"footnotes":""},"categories":[170],"tags":[1837,146,147,25,24,184,185,27679,23,130807,16743],"class_list":["post-736815","post","type-post","status-publish","format-standard","has-post-thumbnail","category-musica","tag-album","tag-entertainment","tag-entretenimiento","tag-es","tag-espana","tag-music","tag-musica","tag-prince","tag-spain","tag-timeless","tag-un"],"share_on_mastodon":{"url":"https:\/\/pubeurope.com\/@es\/117178388428951370","error":""},"_links":{"self":[{"href":"https:\/\/www.europesays.com\/es\/wp-json\/wp\/v2\/posts\/736815","targetHints":{"allow":["GET"]}}],"collection":[{"href":"https:\/\/www.europesays.com\/es\/wp-json\/wp\/v2\/posts"}],"about":[{"href":"https:\/\/www.europesays.com\/es\/wp-json\/wp\/v2\/types\/post"}],"author":[{"embeddable":true,"href":"https:\/\/www.europesays.com\/es\/wp-json\/wp\/v2\/users\/2"}],"replies":[{"embeddable":true,"href":"https:\/\/www.europesays.com\/es\/wp-json\/wp\/v2\/comments?post=736815"}],"version-history":[{"count":0,"href":"https:\/\/www.europesays.com\/es\/wp-json\/wp\/v2\/posts\/736815\/revisions"}],"wp:featuredmedia":[{"embeddable":true,"href":"https:\/\/www.europesays.com\/es\/wp-json\/wp\/v2\/media\/736816"}],"wp:attachment":[{"href":"https:\/\/www.europesays.com\/es\/wp-json\/wp\/v2\/media?parent=736815"}],"wp:term":[{"taxonomy":"category","embeddable":true,"href":"https:\/\/www.europesays.com\/es\/wp-json\/wp\/v2\/categories?post=736815"},{"taxonomy":"post_tag","embeddable":true,"href":"https:\/\/www.europesays.com\/es\/wp-json\/wp\/v2\/tags?post=736815"}],"curies":[{"name":"wp","href":"https:\/\/api.w.org\/{rel}","templated":true}]}}