{"id":736819,"date":"2026-08-29T10:45:15","date_gmt":"2026-08-29T10:45:15","guid":{"rendered":"https:\/\/www.europesays.com\/es\/736819\/"},"modified":"2026-08-29T10:45:15","modified_gmt":"2026-08-29T10:45:15","slug":"el-barcelona-ante-el-gran-relevo-en-la-medular-y-seguir-aspirando-a-todo-futbol-deportes","status":"publish","type":"post","link":"https:\/\/www.europesays.com\/es\/736819\/","title":{"rendered":"El Barcelona, ante el gran relevo en la medular y seguir aspirando a todo | F\u00fatbol | Deportes"},"content":{"rendered":"<p class=\"\">El Bar\u00e7a Femenino inaugura este domingo, a las 19.00 en el Estadi Johan Cruyff, la Liga F 2026-27 frente al Costa Adeje Tenerife. Lo hace como vigente campe\u00f3n de las cuatro grandes competiciones que gan\u00f3 la pasada temporada, <a href=\"https:\/\/elpais.com\/deportes\/futbol\/2026-05-16\/el-barcelona-alza-la-copa-de-la-reina-y-tambien-va-a-por-la-champions.html\" target=\"_self\" rel=\"nofollow noopener\" title=\"https:\/\/elpais.com\/deportes\/futbol\/2026-05-16\/el-barcelona-alza-la-copa-de-la-reina-y-tambien-va-a-por-la-champions.html\">Liga F, Copa de la Reina<\/a>, Supercopa de Espa\u00f1a y Champions, aunque con bajas de peso y caras nuevas todav\u00eda por asentarse. Alexia Putellas, Mapi Le\u00f3n, Ona Batlle y Salma Paralluelo han hecho las maletas, y Pere Romeu tendr\u00e1 que encajar cuanto antes a las nuevas incorporaciones.<\/p>\n<p class=\"\">Las cuatro marchas simbolizan el fin del bloque que llev\u00f3 al equipo a dominar Europa. <a href=\"https:\/\/elpais.com\/deportes\/futbol\/2026-05-26\/alexia-putellas-se-despide-del-barca-adios-a-la-jugadora-que-cambio-la-historia.html\" target=\"_self\" rel=\"nofollow noopener\" title=\"https:\/\/elpais.com\/deportes\/futbol\/2026-05-26\/alexia-putellas-se-despide-del-barca-adios-a-la-jugadora-que-cambio-la-historia.html\">Putellas firma por el London City Lionesses<\/a> tras 14 cursos de blaugrana; Mapi Le\u00f3n recala en el mismo club ingl\u00e9s; Batlle regresa al f\u00fatbol brit\u00e1nico de la mano del Arsenal; y Paralluelo, la \u00faltima en marcharse, pone rumbo a Lyon.<\/p>\n<p class=\"\">El club ha resuelto el vac\u00edo de la capitan\u00eda con una estructura de cinco futbolistas. Patri Guijarro estrena el brazalete, acompa\u00f1ada por Marta Torrej\u00f3n, Irene Paredes, <a href=\"https:\/\/elpais.com\/opinion\/2025-09-24\/aitana-bonmati-en-la-historia-del-deporte-mundial.html\" target=\"_self\" rel=\"nofollow noopener\" title=\"https:\/\/elpais.com\/opinion\/2025-09-24\/aitana-bonmati-en-la-historia-del-deporte-mundial.html\">Aitana Bonmat\u00ed <\/a>y Caroline Graham Hansen en la nueva jerarqu\u00eda presentada en el Trofeu Gamper. Guijarro se defini\u00f3 aquella noche como \u201ccapitana del mejor equipo del mundo\u201d y avis\u00f3 de que el objetivo pasa de nuevo por pelear todos los t\u00edtulos.<\/p>\n<p class=\"\">No todo son ausencias. El eje del proyecto sigue intacto y llega con nombres propios. Bonmat\u00ed, triple Bal\u00f3n de Oro, arrastr\u00f3 molestias en el tobillo izquierdo durante la pretemporada, la misma articulaci\u00f3n por la que se oper\u00f3 en diciembre, aunque las pruebas m\u00e9dicas descartaron una reca\u00edda. El club trabaja para que est\u00e9 disponible en el estreno. <a href=\"https:\/\/elpais.com\/deportes\/futbol\/2026-03-29\/ewa-pajor-quiero-demostrar-que-independientemente-de-donde-vengas-ahora-puedes-jugar-al-futbol.html\" target=\"_self\" rel=\"nofollow noopener\" title=\"https:\/\/elpais.com\/deportes\/futbol\/2026-03-29\/ewa-pajor-quiero-demostrar-que-independientemente-de-donde-vengas-ahora-puedes-jugar-al-futbol.html\">Ewa Pajor<\/a>, autora de un doblete y elegida mejor jugadora en la final de Oslo, encabeza un ataque que completan Claudia Pina y Graham Hansen. El otro gran activo es generacional. Vicky L\u00f3pez, ganadora del Trofeo Kopa a la mejor futbolista sub-21 del mundo, ha ido ganando minutos y galones en el once de Romeu. A su nombre se suman A\u00efcha C\u00e1mara y Carla Juli\u00e0, llamadas a competir por los carriles tras la salida de Batlle, en una plantilla que sigue apostando por la Masia para no disparar el gasto en fichajes.<\/p>\n<p class=\"\">La direcci\u00f3n deportiva, con Marc Viv\u00e9s al frente, ha cerrado hasta ahora cuatro incorporaciones. La central neerlandesa Renee van Asten, procedente del Ajax, lleg\u00f3 como primera pieza del verano con un contrato hasta 2030. Le siguieron el regreso de la catalana Martina Fern\u00e1ndez desde el Everton y el fichaje de la portera estadounidense Tyler McCamey, libre tras su etapa en el Dallas Trinity. La operaci\u00f3n m\u00e1s sonada lleg\u00f3 ya en agosto: Kerolin Nicoli, delantera brasile\u00f1a de 26 a\u00f1os procedente del <a href=\"https:\/\/elpais.com\/deportes\/resultados\/futbol\/champions_league_femenina\/2024_2025\/directo\/grupos-d-1-510106\/\" target=\"_self\" rel=\"nofollow noopener\" title=\"https:\/\/elpais.com\/deportes\/resultados\/futbol\/champions_league_femenina\/2024_2025\/directo\/grupos-d-1-510106\/\">Manchester City<\/a>, se convirti\u00f3 en el traspaso m\u00e1s caro de la historia de la secci\u00f3n femenina, con un pago de 1,2 millones de euros fijos m\u00e1s variables. Firm\u00f3 hasta el 30 de junio de 2030.<\/p>\n<p class=\"\">El once inicial se decidir\u00e1 con varias bajas sensibles. Clara Serrajordi sufre una lesi\u00f3n en el radio que la mantendr\u00e1 fuera hasta octubre. Esmee Brugts se perder\u00e1 al menos dos semanas por una dolencia en el tibial posterior derecho sufrida el mi\u00e9rcoles. Van Asten, por su parte, arrastra una sobrecarga en el cu\u00e1driceps que ya la dej\u00f3 fuera del Gamper y siembra dudas sobre su disponibilidad para el domingo. Con esas ausencias, Torrej\u00f3n queda como \u00fanica lateral disponible para las dos primeras jornadas.<\/p>\n<p>Trabajo en Andorra<\/p>\n<p class=\"\">El Bar\u00e7a arranc\u00f3 la preparaci\u00f3n con una concentraci\u00f3n de cinco d\u00edas en Andorra la Vella, la primera de la historia del equipo femenino. Lleg\u00f3 despu\u00e9s el primer amistoso, el 12 de agosto: victoria por 3-1 ante el Montpellier en el Johan Cruyff, con goles de Guijarro, Pina y Mayssa Baha. El examen m\u00e1s exigente lleg\u00f3 unos d\u00edas m\u00e1s tarde en M\u00e1nchester, con un 2-2 ante el City, campe\u00f3n de la WSL: las azulgranas se adelantaron con goles de Graham Hansen y Vicky L\u00f3pez antes de que las inglesas remontaran, ya con Romeu haciendo rotaciones masivas. El \u00faltimo ensayo, el Trofeu Gamper, termin\u00f3 con un 3-1 ante el Brighton &amp; Hove Albion y goles de Brugts, Pina y Hansen.<\/p>\n<p class=\"\">Ma\u00f1ana estar\u00e1 enfrente el Tenerife de Yerai Mart\u00edn, que termin\u00f3 cuarto la pasada Liga F y tiene fama de bloque s\u00f3lido, aunque visita un <a href=\"https:\/\/elpais.com\/deportes\/futbol\/2025-09-14\/el-barcelona-encuentra-en-el-johan-un-pequeno-refugio.html\" target=\"_self\" rel=\"nofollow noopener\" title=\"https:\/\/elpais.com\/deportes\/futbol\/2025-09-14\/el-barcelona-encuentra-en-el-johan-un-pequeno-refugio.html\">Johan Cruyff <\/a>que sigue siendo terreno hostil. Pisco, capitana del equipo insular, prefiere \u201cjugar contra ellas cuanto antes\u201d, en referencia al Bar\u00e7a, y afronta su duod\u00e9cimo curso consecutivo en la categor\u00eda.<\/p>\n<p class=\"\">El reto para Pere Romeu va m\u00e1s all\u00e1 de lo deportivo. Despu\u00e9s del cuadruplete logrado la temporada pasada, el t\u00e9cnico catal\u00e1n debe demostrar que el proyecto azulgrana puede sostenerse con un bloque renovado. La respuesta empezar\u00e1 a escribirse este domingo.<\/p>\n","protected":false},"excerpt":{"rendered":"El Bar\u00e7a Femenino inaugura este domingo, a las 19.00 en el Estadi Johan Cruyff, la Liga F 2026-27&hellip;\n","protected":false},"author":2,"featured_media":736820,"comment_status":"","ping_status":"","sticky":false,"template":"","format":"standard","meta":{"footnotes":""},"categories":[93],"tags":[1548,1540,79896,168,1539,25,24,44460,5039,282,1538,17452,54685,7517,23,167],"class_list":["post-736819","post","type-post","status-publish","format-standard","has-post-thumbnail","category-deportes","tag-alexia-putellas","tag-competiciones","tag-copa-reina-futbol","tag-deportes","tag-entrenadores","tag-es","tag-espana","tag-ewa-pajor","tag-fc-barcelona-femenino","tag-futbol","tag-futbolistas","tag-liga-f-finetwork","tag-ona-batlle","tag-salma-paralluelo","tag-spain","tag-sports"],"share_on_mastodon":{"url":"https:\/\/pubeurope.com\/@es\/117178395913599445","error":""},"_links":{"self":[{"href":"https:\/\/www.europesays.com\/es\/wp-json\/wp\/v2\/posts\/736819","targetHints":{"allow":["GET"]}}],"collection":[{"href":"https:\/\/www.europesays.com\/es\/wp-json\/wp\/v2\/posts"}],"about":[{"href":"https:\/\/www.europesays.com\/es\/wp-json\/wp\/v2\/types\/post"}],"author":[{"embeddable":true,"href":"https:\/\/www.europesays.com\/es\/wp-json\/wp\/v2\/users\/2"}],"replies":[{"embeddable":true,"href":"https:\/\/www.europesays.com\/es\/wp-json\/wp\/v2\/comments?post=736819"}],"version-history":[{"count":0,"href":"https:\/\/www.europesays.com\/es\/wp-json\/wp\/v2\/posts\/736819\/revisions"}],"wp:featuredmedia":[{"embeddable":true,"href":"https:\/\/www.europesays.com\/es\/wp-json\/wp\/v2\/media\/736820"}],"wp:attachment":[{"href":"https:\/\/www.europesays.com\/es\/wp-json\/wp\/v2\/media?parent=736819"}],"wp:term":[{"taxonomy":"category","embeddable":true,"href":"https:\/\/www.europesays.com\/es\/wp-json\/wp\/v2\/categories?post=736819"},{"taxonomy":"post_tag","embeddable":true,"href":"https:\/\/www.europesays.com\/es\/wp-json\/wp\/v2\/tags?post=736819"}],"curies":[{"name":"wp","href":"https:\/\/api.w.org\/{rel}","templated":true}]}}