{"id":736847,"date":"2026-08-29T11:07:31","date_gmt":"2026-08-29T11:07:31","guid":{"rendered":"https:\/\/www.europesays.com\/es\/736847\/"},"modified":"2026-08-29T11:07:31","modified_gmt":"2026-08-29T11:07:31","slug":"jesus-vazquez-presentara-los-premios-juventud-en-rtve-con-el-esperado-debut-de-la-oreja-de-van-gogh","status":"publish","type":"post","link":"https:\/\/www.europesays.com\/es\/736847\/","title":{"rendered":"Jes\u00fas V\u00e1zquez presentar\u00e1 los Premios Juventud en RTVE con el esperado debut de La Oreja de Van Gogh"},"content":{"rendered":"<p class=\"ft-text ft-helper-closenews\">Jes\u00fas V\u00e1zquez suma un nuevo gran directo a su trayectoria televisiva. El presentador conducir\u00e1 la <strong>23\u00aa edici\u00f3n de los Premios Juventud<\/strong>, que se celebrar\u00e1 el jueves 3 de septiembre en el auditorio de Starlite Marbella. Ser\u00e1 la primera vez que la gala abandone el continente americano y llegue a Europa gracias a una alianza entre RTVE, TelevisaUnivision y Starlite. <\/p>\n<p class=\"ft-text\">El gallego compartir\u00e1 la conducci\u00f3n con Alejandra Espinoza y Clarissa Molina, dos rostros habituales de la televisi\u00f3n latina. <strong>RTVE emitir\u00e1 la ceremonia en Espa\u00f1a<\/strong>, mientras que en Estados Unidos podr\u00e1 seguirse a trav\u00e9s de Univision, UNIM\u00c1S, Galavisi\u00f3n y ViX. Antes de la entrega tendr\u00e1 lugar la tradicional &#8216;Noche de Estrellas&#8217;, con alfombra roja, entrevistas, actuaciones y acceso a los preparativos. <\/p>\n<p class=\"ft-text\">Uno de los grandes reclamos ser\u00e1 <strong>el debut de La Oreja de Van Gogh en los Premios Juventud<\/strong>. En pleno regreso de Amaia Montero y coincidiendo con sus 30 a\u00f1os de trayectoria, la banda interpretar\u00e1 &#8216;Rosas&#8217; y ser\u00e1 distinguida como Agente de Cambio por su implicaci\u00f3n en distintas causas sociales. Entre ellas figura su participaci\u00f3n en &#8216;Guitarras Solidarias&#8217;, una iniciativa destinada a ayudar a las familias afectadas por la DANA de 2025. <\/p>\n<p>Una noche clave para el grupo<\/p>\n<p class=\"ft-text\">La formaci\u00f3n donostiarra llegar\u00e1 adem\u00e1s con dos nominaciones: <strong>Grupo o D\u00fao Favorito del A\u00f1o<\/strong> y Mejor Euro-Song por &#8216;Todos estamos bailando la misma canci\u00f3n&#8217;. Su actuaci\u00f3n se integrar\u00e1 en un cartel que tambi\u00e9n incluye a <strong>Manuel Carrasco, Ana Mena, Quevedo, Marc Anthony, Morat, Camilo, Farruko, Eladio Carri\u00f3n, Christian Nodal, Juan Mag\u00e1n, Wisin y Yandel<\/strong>, entre otros artistas. <\/p>\n<p class=\"ft-text\">La gala reconocer\u00e1 igualmente como <strong>Agentes de Cambio a Antonio Banderas, Marc Anthony y Yandel.<\/strong> El actor malague\u00f1o ser\u00e1 homenajeado por el trabajo social y educativo que desarrolla mediante la Fundaci\u00f3n L\u00e1grimas y Favores. De esta forma, los Premios Juventud desembarcar\u00e1n en Espa\u00f1a combinando m\u00fasica latina, figuras nacionales y el regreso de Jes\u00fas V\u00e1zquez a una gala internacional retransmitida por RTVE. <\/p>\n<p data-close=\"closedContent\" class=\"subscribeHideForDisplay\">Suscr\u00edbete para seguir leyendo<\/p>\n","protected":false},"excerpt":{"rendered":"Jes\u00fas V\u00e1zquez suma un nuevo gran directo a su trayectoria televisiva. El presentador conducir\u00e1 la 23\u00aa edici\u00f3n de&hellip;\n","protected":false},"author":2,"featured_media":736848,"comment_status":"","ping_status":"","sticky":false,"template":"","format":"standard","meta":{"footnotes":""},"categories":[170],"tags":[5437,146,147,25,24,947,13964,5782,38778,6850,184,185,4801,532,17178,518,23,6174,5783],"class_list":["post-736847","post","type-post","status-publish","format-standard","has-post-thumbnail","category-musica","tag-debut","tag-entertainment","tag-entretenimiento","tag-es","tag-espana","tag-esperado","tag-gogh","tag-jesus","tag-jesus-vazquez","tag-juventud","tag-music","tag-musica","tag-oreja","tag-premios","tag-presentara","tag-rtve","tag-spain","tag-van","tag-vazquez"],"share_on_mastodon":{"url":"https:\/\/pubeurope.com\/@es\/117178482922375819","error":""},"_links":{"self":[{"href":"https:\/\/www.europesays.com\/es\/wp-json\/wp\/v2\/posts\/736847","targetHints":{"allow":["GET"]}}],"collection":[{"href":"https:\/\/www.europesays.com\/es\/wp-json\/wp\/v2\/posts"}],"about":[{"href":"https:\/\/www.europesays.com\/es\/wp-json\/wp\/v2\/types\/post"}],"author":[{"embeddable":true,"href":"https:\/\/www.europesays.com\/es\/wp-json\/wp\/v2\/users\/2"}],"replies":[{"embeddable":true,"href":"https:\/\/www.europesays.com\/es\/wp-json\/wp\/v2\/comments?post=736847"}],"version-history":[{"count":0,"href":"https:\/\/www.europesays.com\/es\/wp-json\/wp\/v2\/posts\/736847\/revisions"}],"wp:featuredmedia":[{"embeddable":true,"href":"https:\/\/www.europesays.com\/es\/wp-json\/wp\/v2\/media\/736848"}],"wp:attachment":[{"href":"https:\/\/www.europesays.com\/es\/wp-json\/wp\/v2\/media?parent=736847"}],"wp:term":[{"taxonomy":"category","embeddable":true,"href":"https:\/\/www.europesays.com\/es\/wp-json\/wp\/v2\/categories?post=736847"},{"taxonomy":"post_tag","embeddable":true,"href":"https:\/\/www.europesays.com\/es\/wp-json\/wp\/v2\/tags?post=736847"}],"curies":[{"name":"wp","href":"https:\/\/api.w.org\/{rel}","templated":true}]}}