{"id":736901,"date":"2026-08-29T11:51:24","date_gmt":"2026-08-29T11:51:24","guid":{"rendered":"https:\/\/www.europesays.com\/es\/736901\/"},"modified":"2026-08-29T11:51:24","modified_gmt":"2026-08-29T11:51:24","slug":"assumpta-serna-68-actriz-mi-madre-sufrio-mucho-conmigo-por-querer-ser-actriz","status":"publish","type":"post","link":"https:\/\/www.europesays.com\/es\/736901\/","title":{"rendered":"Assumpta Serna (68), actriz: \u00abMi madre sufri\u00f3 mucho conmigo por querer ser actriz\u00bb"},"content":{"rendered":"<p data-journey-content=\"true\" data-node-id=\"3\" class=\"css-1ood0zq emevuu60\">Se acaba de celebrar el D\u00eda Internacional del Actor, por eso es ideal conversar con <strong data-node-id=\"3.1\">Assumpta Serna, <\/strong>que cruz\u00f3 nuestras fronteras d\u00e9cadas atr\u00e1s, convirti\u00e9ndose en un orgullo nacional. La actriz, muy activa en sus redes sociales, vive un momento crucial, con el cuidado de su madre e ilusionada con el inminente rodaje de una pr\u00f3xima pel\u00edcula. Aquella estudiante de Derecho quiz\u00e1s no imaginaba que rodar\u00eda m\u00e1s de un centenar de pel\u00edculas. \u00abNunca he tenido la idea de programar un futuro y las cosas han ido saliendo un poco conforme a mis deseos, que es una gran suerte. <strong data-node-id=\"3.3\">He hecho muy pocas cosas que realmente no me gustara hacer. Y ahora, a esta edad (68), pienso que no hay nada de lo que me arrepienta y creo que he sido consecuente<\/strong>. En nuestro trabajo es fundamental aceptar la inseguridad y que nunca llegas a ninguna parte\u00bb, dice Assumpta. Y recuerda que \u00abmi madre sufri\u00f3 mucho conmigo por querer ser actriz\u00bb.<\/p>\n<p><img draggable=\"true\" alt=\"assumpta serna entrevista con valeria vegas\" title=\"Assumpta Serna\" loading=\"lazy\" width=\"3749\" height=\"2500\" decoding=\"async\" data-nimg=\"1\" style=\"color:transparent;width:100%;height:auto;\"   src=\"https:\/\/www.europesays.com\/es\/wp-content\/uploads\/2026\/08\/2025d2ac-4a99-4525-8a17-d0f65e962214.jpg\" class=\"css-0 e1ddfba50\"\/><\/p>\n<p>Ana Ruiz Ayudante: Sara Guill\u00e9n<\/p>\n<p>Assumpta Serna: \u00abMi madre sufri\u00f3 mucho conmigo por querer ser actriz\u00bb<\/p>\n<p data-journey-content=\"true\" data-node-id=\"14\" class=\"css-1ood0zq emevuu60\">En Instagram, Assumpta visibiliza el cuidado de su madre, centenaria: \u00abMi madre empez\u00f3 a vivir de los 50 a los 60, porque antes era muy nerviosa, y sufri\u00f3 mucho conmigo, por querer ser actriz. Pero ha aceptado su vejez de una manera muy org\u00e1nica. Ha asumido el ir dejando de hacer cosas que le gustaban mucho, como leer, y ah\u00ed hay una gran lecci\u00f3n, el dejar ir, que es algo que a mi padre le cost\u00f3 m\u00e1s. Creo que mi madre est\u00e1 en una profunda paz. <strong data-node-id=\"14.1\">No hay que ver la muerte con miedo, es una oportunidad para encontrarte a ti mismo. Estoy en un momento muy crucial de mi vida y lo vivo con pasi\u00f3n<\/strong>\u00ab. Volviendo a su carrera, me cuenta que lleg\u00f3 a Hollywood \u00abpor la curiosidad de conocer la industria. Y recuerdo que la pel\u00edcula m\u00e1s grande que hice, para Sony, fue &#8216;J\u00f3venes y Brujas&#8217;, con un presupuesto de 30 millones de d\u00f3lares. <strong data-node-id=\"14.3\">Hab\u00eda una primera capa que era todo superficialidad y no me gustaba, pero hab\u00eda un Hollywood cl\u00e1sico que siempre respet\u00e9. Ten\u00eda un manager que se llamaba Hillard Elkins, y que llevaba a James Coburn y Steve McQueen<\/strong>, y era entrar en un mundo de personas que amaban el oficio, y me encant\u00f3\u00bb.<\/p>\n<p><img draggable=\"true\" alt=\"assumpta serna entrevista con valeria vegas\" title=\"Assumpta Serna\" loading=\"lazy\" width=\"2500\" height=\"3749\" decoding=\"async\" data-nimg=\"1\" style=\"color:transparent;width:100%;height:auto;\"   src=\"https:\/\/www.europesays.com\/es\/wp-content\/uploads\/2026\/08\/0d065005-2711-4a2b-ab6a-a4f18ffa20d9.jpg\" class=\"css-0 e1ddfba50\"\/><\/p>\n<p>Ana Ruiz Ayudante: Sara Guill\u00e9n<\/p>\n<p>Assumpta Serna: \u00abHe procurado que en las escenas er\u00f3ticas la gente me mirase a los ojos\u00bb<\/p>\n<p data-journey-content=\"true\" data-node-id=\"21\" class=\"css-1ood0zq emevuu60\">En ocasiones, el cine la erigi\u00f3 como sex symbol y le pregunto c\u00f3mo lo vivi\u00f3: \u00abHab\u00eda escenas que no entend\u00edas qu\u00e9 funci\u00f3n ten\u00edan y era gratuito a veces. Pero he procurado que en esas escenas la gente me mirase a los ojos. Pero no me pesaba, porque el deseo es el motor del mundo y el placer es algo que buscamos todos. <strong data-node-id=\"21.1\">He sido muy abierta y no he tenido prejuicios. Hubo en ocasiones que me molest\u00f3, como en la pel\u00edcula &#8216;Polvos m\u00e1gicos&#8217;, que era completamente gratuito, pero necesitaba hacerla y comprarme un colch\u00f3n<\/strong>. Y hab\u00eda gente que quer\u00eda aprovecharse de una serie de cosas, para conseguir otras, pero siempre he sabido decir que no. <strong data-node-id=\"21.3\">Y he visto a gente llegar a puestos porque estaban utilizando su seducci\u00f3n<\/strong>\u00ab. El trabajo le trajo el amor, ya que rodando conoci\u00f3 a su marido Scott Cleverdon, con quien lleva 33 a\u00f1os: \u00ab\u00a1Creo que eso lo he hecho bien! Lleg\u00f3 en un momento en mi vida, con 39 a\u00f1os, que quer\u00eda tener hijos y no los pude tener, pero encontr\u00e9 a la persona. Los dos nos tenemos profundo respeto como profesionales y como personas. <strong data-node-id=\"21.5\">A Scott le veo inteligente, cari\u00f1oso, divertido. Y hemos ido limando las cosas que no nos gustaban y reajust\u00e1ndolas, como todas las parejas. Somos muy distintos, \u00e9l va m\u00e1s por la cabeza y yo por el coraz\u00f3n<\/strong>, pero hemos tenido siempre un objetivo com\u00fan, como fue la escuela, o ahora nuestras redes\u00bb.<\/p>\n<p><img draggable=\"true\" alt=\"assumpta serna entrevista con valeria vegas\" title=\"Assumpta Serna\" loading=\"lazy\" width=\"2500\" height=\"3749\" decoding=\"async\" data-nimg=\"1\" style=\"color:transparent;width:100%;height:auto;\"   src=\"https:\/\/www.europesays.com\/es\/wp-content\/uploads\/2026\/08\/757dca8b-2d00-4e08-93bb-92318c8d27b7.jpg\" class=\"css-0 e1ddfba50\"\/><\/p>\n<p>Ana Ruiz Ayudante: Sara Guill\u00e9n<\/p>\n<p>Assumpta Serna: \u00abHe llegado a dar clases de interpretaci\u00f3n a curas\u00bb<\/p>\n<p data-journey-content=\"true\" data-node-id=\"28\" class=\"css-1ood0zq emevuu60\">Assumpta tambi\u00e9n es profesora de interpretaci\u00f3n y en esa faceta asegura que es \u00abextremadamente honesta, y a veces eso puede molestar, pero lo intento decir con cari\u00f1o para que la persona no se frustre\u00bb. Intento buscar las cosas positivas de las personas. Hemos ayudado a personas autistas y he llegado a dar clases de interpretaci\u00f3n a curas. Nos lo propusieron y los retos son interesantes. Escribimos un libro, &#8216;Entre la espada y la pared&#8217;, con un cura maravilloso llamado Juan Carlos. Y <strong data-node-id=\"28.1\">muchas parroquias vieron que necesitaban una comunicaci\u00f3n m\u00e1s personal. Eso me cur\u00f3 de muchos prejuicios que uno tiene sobre la iglesia. Romper prejuicios ha sido siempre una de mis preocupaciones<\/strong>\u00ab. Ha trabajado con <a href=\"https:\/\/www.diezminutos.es\/teleprograma\/series-tv\/a65315803\/pedro-almodovar-filmografia-director-madre-infancia-madrid\/\" target=\"_blank\" data-vars-ga-outbound-link=\"https:\/\/www.diezminutos.es\/teleprograma\/series-tv\/a65315803\/pedro-almodovar-filmografia-director-madre-infancia-madrid\/\" data-vars-ga-ux-element=\"Hyperlink\" data-vars-ga-call-to-action=\"Pedro Almod\u00f3var\" data-node-id=\"28.3\" class=\"body-link css-1v1lrc0 emevuu60\" rel=\"nofollow noopener\">Pedro Almod\u00f3var<\/a>, Pilar Mir\u00f3, Carlos Saura, Pedro Olea, Bigas Luna. Le pregunto a cu\u00e1l destacar\u00eda: \u00abSaura fue para m\u00ed un pilar, un antes y un despu\u00e9s a nivel profesional. Aprend\u00ed mucho de \u00e9l, de su generosidad\u00bb.<\/p>\n<p><img draggable=\"true\" alt=\"assumpta serna entrevista con valeria vegas\" title=\"Assumpta Serna\" loading=\"lazy\" width=\"2500\" height=\"3748\" decoding=\"async\" data-nimg=\"1\" style=\"color:transparent;width:100%;height:auto;\"   src=\"https:\/\/www.europesays.com\/es\/wp-content\/uploads\/2026\/08\/85a35ed9-2d65-47bf-9a4a-d7c49c29bdaf.jpg\" class=\"css-0 e1ddfba50\"\/><\/p>\n<p>Ana Ruiz Ayudante: Sara Guill\u00e9n<\/p>\n<p>Assumpta Serna: \u00abCuando me presentaron a Harvey Weinstein dije que ten\u00eda que ir al lavabo y no volv\u00ed\u201d\u00bb<\/p>\n<p data-journey-content=\"true\" data-node-id=\"35\" class=\"css-1ood0zq emevuu60\"><strong data-node-id=\"35.0\">En EE UU conoci\u00f3 a Harvey Weinstein: \u201cA este tipo de personas te las encontrabas y t\u00fa pod\u00edas decidir ir o no ir. Te tienes que proteger y en situaciones as\u00ed yo siempre dije, \u00abperdona, es que tengo que ir al lavabo\u00bb y ya no volv\u00eda<\/strong>. Y eso me pas\u00f3 con \u00e9l cuando me lo presentaron en House of Blues, una discoteca de Sunset Bulevard\u00bb. En m\u00e1s de 40 a\u00f1os de trayectoria ha aprendido que \u00abla vida te da herramientas para expresarte mejor. No tengo nostalgia, pero <strong data-node-id=\"35.2\">si me dices que firme para tener otra vez 20 a\u00f1os, lo firmo, eso s\u00ed, que Scott est\u00e9 cerquita<\/strong>\u00ab. Para terminar, me cuenta los proyectos que tiene ahora: \u00abEstoy con una pel\u00edcula sobre dos mujeres mayores que tienen un objetivo terror\u00edfico y a la vez c\u00f3mico. Es del director Caye Casas. Y con el proyecto &#8216;Segunda vida&#8217;, que es la recuperaci\u00f3n de todas mis pel\u00edculas, digitaliz\u00e1ndolas en 4k. Creo que despu\u00e9s de 30 a\u00f1os adquieren otro valor\u00bb. <\/p>\n<p>La foto favorita de Assumpta Serna<img draggable=\"true\" alt=\"foto favorita de assumpta serna\" title=\"Foto favorita de Assumpta Serna\" loading=\"lazy\" width=\"2500\" height=\"3249\" decoding=\"async\" data-nimg=\"1\" style=\"color:transparent;width:100%;height:auto;\"   src=\"https:\/\/www.europesays.com\/es\/wp-content\/uploads\/2026\/08\/4557b4e1-273b-4059-a822-b16a13a5a52e.jpg\" class=\"css-0 e1ddfba50\"\/><\/p>\n<p>Ana Ruiz Ayudante: Sara Guill\u00e9n<\/p>\n<p data-journey-content=\"true\" data-node-id=\"41\" class=\"css-1ood0zq emevuu60\">\u00abMe encanta esta polaroid de 1993, en el rodaje de Sharpe, la serie donde conoc\u00ed a Scott. Aqu\u00ed me recuerda su sentido del humor y lo bien que nos lo hemos pasado siempre juntos\u00bb.<\/p>\n<p data-journey-content=\"true\" data-node-id=\"45\" class=\"css-1ood0zq emevuu60\"><strong data-node-id=\"45.0\"><a href=\"https:\/\/www.esmadrid.com\/noche\/teatro-magno\" target=\"_blank\" rel=\"nofollow noopener\" data-vars-ga-outbound-link=\"https:\/\/www.esmadrid.com\/noche\/teatro-magno\" data-vars-ga-ux-element=\"Hyperlink\" data-vars-ga-call-to-action=\"Agradecimientos: Teatro Magno, Madrid.\" data-node-id=\"45.0.0\" class=\"body-link css-1v1lrc0 emevuu60\">Agradecimientos: Teatro Magno, Madrid.<\/a><\/strong><\/p>\n","protected":false},"excerpt":{"rendered":"Se acaba de celebrar el D\u00eda Internacional del Actor, por eso es ideal conversar con Assumpta Serna, que&hellip;\n","protected":false},"author":2,"featured_media":736902,"comment_status":"","ping_status":"","sticky":false,"template":"","format":"standard","meta":{"footnotes":""},"categories":[174],"tags":[255,253,1180,146,147,25,24,256,12719,23],"class_list":["post-736901","post","type-post","status-publish","format-standard","has-post-thumbnail","category-famosos","tag-celebrities","tag-discover","tag-editorial","tag-entertainment","tag-entretenimiento","tag-es","tag-espana","tag-famosos","tag-print","tag-spain"],"share_on_mastodon":{"url":"https:\/\/pubeurope.com\/@es\/117178655708763775","error":""},"_links":{"self":[{"href":"https:\/\/www.europesays.com\/es\/wp-json\/wp\/v2\/posts\/736901","targetHints":{"allow":["GET"]}}],"collection":[{"href":"https:\/\/www.europesays.com\/es\/wp-json\/wp\/v2\/posts"}],"about":[{"href":"https:\/\/www.europesays.com\/es\/wp-json\/wp\/v2\/types\/post"}],"author":[{"embeddable":true,"href":"https:\/\/www.europesays.com\/es\/wp-json\/wp\/v2\/users\/2"}],"replies":[{"embeddable":true,"href":"https:\/\/www.europesays.com\/es\/wp-json\/wp\/v2\/comments?post=736901"}],"version-history":[{"count":0,"href":"https:\/\/www.europesays.com\/es\/wp-json\/wp\/v2\/posts\/736901\/revisions"}],"wp:featuredmedia":[{"embeddable":true,"href":"https:\/\/www.europesays.com\/es\/wp-json\/wp\/v2\/media\/736902"}],"wp:attachment":[{"href":"https:\/\/www.europesays.com\/es\/wp-json\/wp\/v2\/media?parent=736901"}],"wp:term":[{"taxonomy":"category","embeddable":true,"href":"https:\/\/www.europesays.com\/es\/wp-json\/wp\/v2\/categories?post=736901"},{"taxonomy":"post_tag","embeddable":true,"href":"https:\/\/www.europesays.com\/es\/wp-json\/wp\/v2\/tags?post=736901"}],"curies":[{"name":"wp","href":"https:\/\/api.w.org\/{rel}","templated":true}]}}