{"id":736967,"date":"2026-08-29T12:45:14","date_gmt":"2026-08-29T12:45:14","guid":{"rendered":"https:\/\/www.europesays.com\/es\/736967\/"},"modified":"2026-08-29T12:45:14","modified_gmt":"2026-08-29T12:45:14","slug":"asi-te-hemos-contado-la-busqueda-del-numero-1","status":"publish","type":"post","link":"https:\/\/www.europesays.com\/es\/736967\/","title":{"rendered":"As\u00ed te hemos contado la b\u00fasqueda del n\u00famero 1"},"content":{"rendered":"<p class=\"paragraph-atom &#10;        A-500-300-700-N A-550-300-700-N--md  \">\n                    Cada s\u00e1bado, el programa \u00abCuenta Atr\u00e1s\u00bb presenta el Top50 de Canal Fiesta, la lista de \u00e9xitos de la radio musical de Andaluc\u00eda.\n            <\/p>\n<p class=\"paragraph-atom &#10;        A-500-300-700-N A-550-300-700-N--md  \">\n                    <a href=\"https:\/\/www.canalsur.es\/radio\/canal-fiesta\/top-50\/vota-favoritat-sea-numero-1_11_1428933.html\" target=\"_blank\" rel=\"nofollow noopener\">Vota aqu\u00ed por tu #N1CanalFiesta35 <\/a>\n            <\/p>\n<p class=\"paragraph-atom &#10;        A-500-300-700-N A-550-300-700-N--md  \">\n                    Hemos recordado n\u00fameros 1 de otros a\u00f1os, por estas mismas fechas.\n            <\/p>\n<p class=\"paragraph-atom &#10;        A-500-300-700-N A-550-300-700-N--md  \">\n                    MANUEL CARRASCO con \u00abPrefiero seguir presente\u00bb, hace 14 a\u00f1os estaba en el n\u00famero 1 del top50! La semana que viene actuar\u00e1 en Los Premios Juventud, en Marbella!\n            <\/p>\n<p class=\"paragraph-atom &#10;        A-500-300-700-N A-550-300-700-N--md  \">\n                    EL BARRIO con \u00abHe vuelto\u00bb estaba en lo m\u00e1s alto, por estas fechas, pero en 2014!! El a\u00f1o que viene gira, y ya hay muchas fechas con el cartel de \u00abTodo agotado\u00bb. \u00a1Qu\u00e9 ganas de Selu!\n            <\/p>\n<p class=\"paragraph-atom &#10;        A-500-300-700-N A-550-300-700-N--md  \">\n                    Incorporaciones en el Top50:\n            <\/p>\n<ul class=\"list-atom ul mt-6 left left\">\n<li class=\"B-500-300-700-N&#10;                   B-550-300-700-N--md&#10;                   &#10;                   color-bWBlack\">\n            Paula Koops con Juan Mag\u00e1n y Funzo, \u00abBrindemos\u00bb\n        <\/li>\n<li class=\"B-500-300-700-N&#10;                   B-550-300-700-N--md&#10;                   &#10;                   color-bWBlack\">\n            Blas cant\u00f3 \u00abPara qu\u00e9\u00bb\n        <\/li>\n<li class=\"B-500-300-700-N&#10;                   B-550-300-700-N--md&#10;                   &#10;                   color-bWBlack\">\n            Mar\u00eda Parrado \u00abVida de turista\u00bb\n        <\/li>\n<li class=\"B-500-300-700-N&#10;                   B-550-300-700-N--md&#10;                   &#10;                   color-bWBlack\">\n            Luis Fonsi \u00abMe despido\u00bb\n        <\/li>\n<\/ul>\n<p class=\"paragraph-atom &#10;        A-500-300-700-N A-550-300-700-N--md  \">\n                    Asi ha quedado el Top50 de esta semana, con La Plazuela en lo m\u00e1s alto con \u00abSi lo callo, muero\u00bb.\n            <\/p>\n<p class=\"paragraph-atom &#10;        A-500-300-700-N A-550-300-700-N--md  \">\n                    -50 Paula Koops, Juan Mag\u00e1n, Funzo \u00abBrindemos\u00bb\n            <\/p>\n<p class=\"paragraph-atom &#10;        A-500-300-700-N A-550-300-700-N--md  \">\n                    -49 Blas Cant\u00f3 \u00abPara qu\u00e9\u00bb\n            <\/p>\n<p class=\"paragraph-atom &#10;        A-500-300-700-N A-550-300-700-N--md  \">\n                    -48 La llave \u00abMi acierto\u00bb\n            <\/p>\n<p class=\"paragraph-atom &#10;        A-500-300-700-N A-550-300-700-N--md  \">\n                    -47 El Duende Callejero \u00abCon mis colegas\u00bb\n            <\/p>\n<p class=\"paragraph-atom &#10;        A-500-300-700-N A-550-300-700-N--md  \">\n                    -46 Mar\u00eda Parrado \u00abVida de turista\u00bb\n            <\/p>\n<p class=\"paragraph-atom &#10;        A-500-300-700-N A-550-300-700-N--md  \">\n                    -45 Rosal\u00eda \u00abReliquia\u00bb\n            <\/p>\n<p class=\"paragraph-atom &#10;        A-500-300-700-N A-550-300-700-N--md  \">\n                    -44 Luis Fonsi \u00abMe despido\u00bb\n            <\/p>\n<p class=\"paragraph-atom &#10;        A-500-300-700-N A-550-300-700-N--md  \">\n                    -43 \u00c1lvaro de Luna \u00abDime d\u00f3nde est\u00e1s\u00bb\n            <\/p>\n<p class=\"paragraph-atom &#10;        A-500-300-700-N A-550-300-700-N--md  \">\n                    -42 Al Liquindoi &amp; Luis Romero \u00abDame sal\u00bb\n            <\/p>\n<p class=\"paragraph-atom &#10;        A-500-300-700-N A-550-300-700-N--md  \">\n                    -41 Julia Medina \u00abLibre\u00bb\n            <\/p>\n<p class=\"paragraph-atom &#10;        A-500-300-700-N A-550-300-700-N--md  \">\n                    -40 Car\u00edn Le\u00f3n \u00abDesde que te tengo\u00bb\n            <\/p>\n<p class=\"paragraph-atom &#10;        A-500-300-700-N A-550-300-700-N--md  \">\n                    -39 Nil Moliner \u00abMe acuerdo de ti\u00bb\n            <\/p>\n<p class=\"paragraph-atom &#10;        A-500-300-700-N A-550-300-700-N--md  \">\n                    -38 Cepeda \u00abCoraz\u00f3n anestesiado\u00bb\n            <\/p>\n<p class=\"paragraph-atom &#10;        A-500-300-700-N A-550-300-700-N--md  \">\n                    -37 Javi Crespo \u00abSi fuera por mi\u00bb\n            <\/p>\n<p class=\"paragraph-atom &#10;        A-500-300-700-N A-550-300-700-N--md  \">\n                    -36 Ra\u00fale &amp; Marta Santos \u00abBronca\u00bb\n            <\/p>\n<p class=\"paragraph-atom &#10;        A-500-300-700-N A-550-300-700-N--md  \">\n                    -35 L\u00e9rica, Salistre, Pikeras \u00abLa flor de la vida\u00bb\n            <\/p>\n<p class=\"paragraph-atom &#10;        A-500-300-700-N A-550-300-700-N--md  \">\n                    -34 Sergio Contreras \u00abLa maleta\u00bb\n            <\/p>\n<p class=\"paragraph-atom &#10;        A-500-300-700-N A-550-300-700-N--md  \">\n                    -33 Aitana \u00abSuperestrella\u00bb\n            <\/p>\n<p class=\"paragraph-atom &#10;        A-500-300-700-N A-550-300-700-N--md  \">\n                    -32 Antonio Orozco \u00abDespierta\u00bb\n            <\/p>\n<p class=\"paragraph-atom &#10;        A-500-300-700-N A-550-300-700-N--md  \">\n                    -31 Merche \u00abLabios de rojo\u00bb\n            <\/p>\n<p class=\"paragraph-atom &#10;        A-500-300-700-N A-550-300-700-N--md  \">\n                    -30 Junior &amp; Juan Cid \u00abMe llaman loco\u00bb\n            <\/p>\n<p class=\"paragraph-atom &#10;        A-500-300-700-N A-550-300-700-N--md  \">\n                    -29 Dellaisla \u00abLa culpa\u00bb\n            <\/p>\n<p class=\"paragraph-atom &#10;        A-500-300-700-N A-550-300-700-N--md  \">\n                    -28 El Patio \u00abBonita la vida\u00bb\n            <\/p>\n<p class=\"paragraph-atom &#10;        A-500-300-700-N A-550-300-700-N--md  \">\n                    -27 El Barrio \u00abPelicul\u00f3n\u00bb\n            <\/p>\n<p class=\"paragraph-atom &#10;        A-500-300-700-N A-550-300-700-N--md  \">\n                    -26 Alejandro Astola \u00abPrometimos\u00bb\n            <\/p>\n<p class=\"paragraph-atom &#10;        A-500-300-700-N A-550-300-700-N--md  \">\n                    -25 Pastora Soler \u00abMi salvavidas\u00bb\n            <\/p>\n<p class=\"paragraph-atom &#10;        A-500-300-700-N A-550-300-700-N--md  \">\n                    -24 Luz\u00eda \u00abHe roto fotos\u00bb\n            <\/p>\n<p class=\"paragraph-atom &#10;        A-500-300-700-N A-550-300-700-N--md  \">\n                    -23 Vicco \u00abTiramis\u00fa\u00bb\n            <\/p>\n<p class=\"paragraph-atom &#10;        A-500-300-700-N A-550-300-700-N--md  \">\n                    -22 Pablo Albor\u00e1n \u00abAlgo de mi\u00bb\n            <\/p>\n<p class=\"paragraph-atom &#10;        A-500-300-700-N A-550-300-700-N--md  \">\n                    -21 La Corredera &amp; Carmen Beltr\u00e1n \u00abGranuja\u00bb\n            <\/p>\n<p class=\"paragraph-atom &#10;        A-500-300-700-N A-550-300-700-N--md  \">\n                    -20 Salistre, Jorge Luis Chac\u00edn \u00abA tu la\u00edto\u00bb\n            <\/p>\n<p class=\"paragraph-atom &#10;        A-500-300-700-N A-550-300-700-N--md  \">\n                    -19 Mar\u00eda Pel\u00e1e \u00abNo estoy cat\u00f3lica\u00bb\n            <\/p>\n<p class=\"paragraph-atom &#10;        A-500-300-700-N A-550-300-700-N--md  \">\n                    -18 Anto\u00f1ito Molina \u00abImparable\u00bb\n            <\/p>\n<p class=\"paragraph-atom &#10;        A-500-300-700-N A-550-300-700-N--md  \">\n                    -17 Quevedo &amp; Elvis Crespo \u00abLa Graciosa\u00bb\n            <\/p>\n<p class=\"paragraph-atom &#10;        A-500-300-700-N A-550-300-700-N--md  \">\n                    -16 M\u00f3nica Naranjo \u00abPuzzles\u00bb\n            <\/p>\n<p class=\"paragraph-atom &#10;        A-500-300-700-N A-550-300-700-N--md  \">\n                    -15 Natalia \u00abSoy yo\u00bb\n            <\/p>\n<p class=\"paragraph-atom &#10;        A-500-300-700-N A-550-300-700-N--md  \">\n                    -14 Gonzalo Hermida \u00abEsperanza al coraz\u00f3n\u00bb\n            <\/p>\n<p class=\"paragraph-atom &#10;        A-500-300-700-N A-550-300-700-N--md  \">\n                    -13 Fran Perea \u00abBala perdida\u00bb\n            <\/p>\n<p class=\"paragraph-atom &#10;        A-500-300-700-N A-550-300-700-N--md  \">\n                    -12 Pablo L\u00f3pez \u00abEsdr\u00fajula\u00bb\n            <\/p>\n<p class=\"paragraph-atom &#10;        A-500-300-700-N A-550-300-700-N--md  \">\n                    -11 Abraham Mateo &amp; Mar\u00eda Becerra \u00abAs\u00ed\u00bb\n            <\/p>\n<p class=\"paragraph-atom &#10;        A-500-300-700-N A-550-300-700-N--md  \">\n                    -10 Manuel Carrasco \u00abOh, si pudiera\u00bb\n            <\/p>\n<p class=\"paragraph-atom &#10;        A-500-300-700-N A-550-300-700-N--md  \">\n                    -09 Marta Santos \u00abTodo de mi\u00bb\n            <\/p>\n<p class=\"paragraph-atom &#10;        A-500-300-700-N A-550-300-700-N--md  \">\n                    -08 Alejandro Bejarano \u00abCarretera\u00bb\n            <\/p>\n<p class=\"paragraph-atom &#10;        A-500-300-700-N A-550-300-700-N--md  \">\n                    -07 Gato Ventura \u00abEs mejor\u00bb\n            <\/p>\n<p class=\"paragraph-atom &#10;        A-500-300-700-N A-550-300-700-N--md  \">\n                    -06 Lola \u00cdndigo &amp; Lucho RK \u00abEl bachat\u00f3n de la L\u00bb\n            <\/p>\n<p class=\"paragraph-atom &#10;        A-500-300-700-N A-550-300-700-N--md  \">\n                    -05 Leire Mart\u00ednez \u00abCabeza de rat\u00f3n\u00bb\n            <\/p>\n<p class=\"paragraph-atom &#10;        A-500-300-700-N A-550-300-700-N--md  \">\n                    -04 Antonio Jos\u00e9 \u00abLa canci\u00f3n de nuestro baile\u00bb\n            <\/p>\n<p class=\"paragraph-atom &#10;        A-500-300-700-N A-550-300-700-N--md  \">\n                    -03 Melendi \u00abVeneno y arena\u00bb\n            <\/p>\n<p class=\"paragraph-atom &#10;        A-500-300-700-N A-550-300-700-N--md  \">\n                    -02 Ana Mena \u00abPa ti toa\u00bb\n            <\/p>\n<p class=\"paragraph-atom &#10;        A-500-300-700-N A-550-300-700-N--md  \">\n                    -01 La Plazuela \u00abSi lo callo, muero\u00bb\n            <\/p>\n","protected":false},"excerpt":{"rendered":"Cada s\u00e1bado, el programa \u00abCuenta Atr\u00e1s\u00bb presenta el Top50 de Canal Fiesta, la lista de \u00e9xitos de la&hellip;\n","protected":false},"author":2,"featured_media":736968,"comment_status":"","ping_status":"","sticky":false,"template":"","format":"standard","meta":{"footnotes":""},"categories":[170],"tags":[20263,2125,146,147,25,24,184,185,130822,23],"class_list":["post-736967","post","type-post","status-publish","format-standard","has-post-thumbnail","category-musica","tag-busqueda","tag-directo","tag-entertainment","tag-entretenimiento","tag-es","tag-espana","tag-music","tag-musica","tag-n1canalfiesta35","tag-spain"],"share_on_mastodon":{"url":"https:\/\/pubeurope.com\/@es\/117178867544335281","error":""},"_links":{"self":[{"href":"https:\/\/www.europesays.com\/es\/wp-json\/wp\/v2\/posts\/736967","targetHints":{"allow":["GET"]}}],"collection":[{"href":"https:\/\/www.europesays.com\/es\/wp-json\/wp\/v2\/posts"}],"about":[{"href":"https:\/\/www.europesays.com\/es\/wp-json\/wp\/v2\/types\/post"}],"author":[{"embeddable":true,"href":"https:\/\/www.europesays.com\/es\/wp-json\/wp\/v2\/users\/2"}],"replies":[{"embeddable":true,"href":"https:\/\/www.europesays.com\/es\/wp-json\/wp\/v2\/comments?post=736967"}],"version-history":[{"count":0,"href":"https:\/\/www.europesays.com\/es\/wp-json\/wp\/v2\/posts\/736967\/revisions"}],"wp:featuredmedia":[{"embeddable":true,"href":"https:\/\/www.europesays.com\/es\/wp-json\/wp\/v2\/media\/736968"}],"wp:attachment":[{"href":"https:\/\/www.europesays.com\/es\/wp-json\/wp\/v2\/media?parent=736967"}],"wp:term":[{"taxonomy":"category","embeddable":true,"href":"https:\/\/www.europesays.com\/es\/wp-json\/wp\/v2\/categories?post=736967"},{"taxonomy":"post_tag","embeddable":true,"href":"https:\/\/www.europesays.com\/es\/wp-json\/wp\/v2\/tags?post=736967"}],"curies":[{"name":"wp","href":"https:\/\/api.w.org\/{rel}","templated":true}]}}