{"id":736973,"date":"2026-08-29T12:49:27","date_gmt":"2026-08-29T12:49:27","guid":{"rendered":"https:\/\/www.europesays.com\/es\/736973\/"},"modified":"2026-08-29T12:49:27","modified_gmt":"2026-08-29T12:49:27","slug":"corridas-generales-buen-debut-de-marco-perez-en-bilbao-cultura","status":"publish","type":"post","link":"https:\/\/www.europesays.com\/es\/736973\/","title":{"rendered":"Corridas Generales: Buen debut de Marco P\u00e9rez en Bilbao | Cultura"},"content":{"rendered":"<p class=\"\">La pen\u00faltima de las Corridas Generales de Bilbao se sald\u00f3 este viernes con una oreja para cada uno de los tres diestros que hicieron el pase\u00edllo, pero entre los que <a href=\"https:\/\/elpais.com\/cultura\/2026-03-17\/marco-perez-listo-y-decidido-por-la-puerta-grande.html\" target=\"_self\" rel=\"nofollow noopener\" title=\"https:\/\/elpais.com\/cultura\/2026-03-17\/marco-perez-listo-y-decidido-por-la-puerta-grande.html\">destac\u00f3 especialmente Marco P\u00e9rez<\/a>, el jovenc\u00edsimo matador que, de no fallar con la espada, hubiera abierto con mucha holgura la puerta grande del coso de Vista Alegre.<\/p>\n<p>M\u00e1s informaci\u00f3n<\/p>\n<p class=\"\">El salmantino tuvo una actuaci\u00f3n de gran nivel, tanto con su primero, un toro muy exigente por sus complicaciones, como con el sobrero que lidi\u00f3 en sexto lugar, que, para compensarle, dio un juego excelente por su brava e incansable profundidad.<\/p>\n<p class=\"\">El hecho es que el nov\u00edsimo matador que se destac\u00f3 por su ligera frescura en el escalaf\u00f3n menor, en su versi\u00f3n de ni\u00f1o prodigio, dio con esos dos toros tan distintos en Bilbao, la segunda plaza de primera que pisa desde su alternativa, una dimensi\u00f3n m\u00e1s trascendente y prometedora.<\/p>\n<p class=\"\">Ese mayor cuajo fue con el que asumi\u00f3 la lidia de un tercero que, sin fijeza ni entrega alguna, manse\u00f3 por toda la plaza, como casi todos sus hermanos de camada, en los dos primeros tercios hasta que P\u00e9rez lo fij\u00f3 con mucho mando en el inicio del trasteo de muleta.<\/p>\n<p class=\"\">Pero ni as\u00ed rompi\u00f3 a embestir el de Domingo Hern\u00e1ndez, sino que siempre se movi\u00f3 al paso, reserv\u00e1ndose y probando en cada pase, sin regalar ni una sola de sus cortas arrancadas, en una dura papeleta que, en cambio, el torero charro resolvi\u00f3 afianz\u00e1ndose m\u00e1s sobre la arena.<\/p>\n<p class=\"\">Sin una duda, sino con un intencionado valor, logr\u00f3 as\u00ed desenga\u00f1arle y hacerle ir a m\u00e1s en el tramo final con una madurez y una seguridad impropias de su incipiente nivel como torero de alternativa. Y a\u00fan le dio incluso para adornarse con unas ajustadas monde\u00f1inas antes de perder un m\u00e1s que seguro trofeo con dos pinchazos antes de la estocada.<\/p>\n<p class=\"\">Al haberse corrido turno tras devolverse el colocado como tercero, lidi\u00f3 despu\u00e9s de sexto a un sobrero m\u00e1s hondo que el resto de la corrida aunque igual de abanto de salida, lo que Marco P\u00e9rez aplac\u00f3 fij\u00e1ndolo en los medios con una asombrosa facilidad.<\/p>\n<p class=\"\">Tal vez por eso, porque no le dej\u00f3 desarrollar ese defecto, acab\u00f3 rompiendo a embestir enseguida el colorado, al que el salmantino llev\u00f3 al caballo con ritmadas chicuelinas al paso para luego lucirse, girando con el capote a la espalda, con el vistoso \u2018quite de oro\u2019 del legendario mexicano Pepe Ortiz.<\/p>\n<p class=\"\">La apertura con la muleta, en los mismos medios, no fue menos espectacular, con un pase cambiado y, sin soluci\u00f3n de continuidad, una serie de derechazos de rodillas en los que se hizo totalmente evidente la clase y la profundidad del animal, no menos exigente por eso mismo.<\/p>\n<p class=\"\">As\u00ed que el resto del vibrante trasteo consisti\u00f3 en saber si Marco P\u00e9rez llegaba a estar a la altura de tan gran ejemplar, lo que consigui\u00f3 m\u00e1s por intenci\u00f3n y ligaz\u00f3n de los pases que por el reposo que a\u00fan le es impropio tras varias temporadas de fresca ligereza.<\/p>\n<p class=\"\">Pero, con todo, hubo ajuste y sinceridad en lo que hizo P\u00e9rez, con buenos naturales salpicados entre tandas intensas con la diestra y una gran variedad de remates y adornos que entusiasmaron al tendido bilba\u00edno.<\/p>\n<p class=\"\">Solo que un pinchazo antes de la estocada fulminante enfri\u00f3 el ambiente e hizo que no solo no se pidiera la segunda oreja, sino que tambi\u00e9n todos se olvidaran de la que hubiera sido una merecida vuelta al ruedo en el arrastre para el animal.<\/p>\n<p class=\"\">En cambio, esos dos trofeos se le hab\u00edan pedido antes, en el quinto, al onubense David de Miranda, que tambi\u00e9n se presentaba como matador en la capital de Vizcaya. En su caso, la pa\u00f1olada estuvo motivada por una faena de extremadas cercan\u00edas a un toro casta\u00f1o soso y a menos con el que el arrim\u00f3n acab\u00f3 siendo el \u00faltimo recurso.<\/p>\n<p class=\"\">De ah\u00ed que en ese final de la faena De Miranda acabara pisando el terreno minado a cent\u00edmetros de los pitones, en el que tantos \u00e9xitos ha tenido \u00faltimamente y en el que se desenvuelve con impasible naturalidad, m\u00e1s all\u00e1 de otro tipo de resultados posteriores.<\/p>\n<p class=\"\">Pero, esta vez, el presidente supo aquilatar los m\u00e9ritos que deb\u00edan premiarse al torero de Huelva, que antes, con el segundo, no hab\u00eda terminado de acoplarse a un astado con movilidad y buen embroque pero a falta de mayor entrega en el remate de esas embestidas.<\/p>\n<p class=\"\">La oreja de menos peso de las tres concedidas fue la que pase\u00f3 Sebasti\u00e1n Castella del tercero, una vez que tuvo que abreviar con un primero totalmente rajado ya casi desde su salida al ruedo entre una inconcreta lidia. El otro tampoco fue gran cosa, pero aun con poco gas y escasa duraci\u00f3n, se dej\u00f3 hacer tras cornear duramente al monosabio Jes\u00fas San Jos\u00e9, que sali\u00f3 a defender al caballo de picar cuando el astado le atac\u00f3 por el lado menos protegido.<\/p>\n<p class=\"\">Y a partir de ah\u00ed el de Hern\u00e1ndez tuvo un pu\u00f1ado de sosas embestidas que el diestro franc\u00e9s sostuvo mejor al natural antes de buscar tambi\u00e9n las cercan\u00edas de forma insistente, con el animal ya apagad\u00edsimo, como \u00fanica forma de llegar a los hoy amables tendidos bilba\u00ednos.<\/p>\n<p>Hern\u00e1ndez, Castella, De Miranda, P\u00e9rez<\/p>\n<p class=\"ql-align-justify\">Toros de <strong style=\"color: black; background-color: white;\">Domingo Hern\u00e1ndez<\/strong>, el sexto como sobrero al devolverse el tercero por falta de fuerzas. Dentro de un trap\u00edo y unas hechuras muy dispares, varios tuvieron escaso cuajo y presencia para esta plaza. Y, salvo el excelente sobrero, con una brava profundidad en sus muchas embestidas, al resto, aun manejables, le falt\u00f3 raza y emoci\u00f3n en el \u00faltimo tercio tras mansear en los dos primeros. <\/p>\n<p class=\"ql-align-justify\"><strong style=\"background-color: white; color: black;\">Sebasti\u00e1n Castella<\/strong>: pinchazo, estocada ca\u00edda trasera y dos descabellos (silencio); estocada desprendida muy trasera (oreja).<\/p>\n<p class=\"ql-align-justify\"><strong style=\"background-color: white;\">David de Miranda<\/strong>: pinchazo y estocada ca\u00edda delantera (ovaci\u00f3n tras aviso); estocada trasera tendida (oreja con petici\u00f3n de la segunda y dos vueltas al ruedo).<\/p>\n<p class=\"ql-align-justify\"><strong style=\"background-color: white;\">Marco P\u00e9rez<\/strong>: dos pinchazos y estocada delantera (ovaci\u00f3n); pinchazo hondo y estocada (oreja).<\/p>\n<p class=\"ql-align-justify\">En el tercio de varas del cuarto result\u00f3 seriamente corneado el monosabio Jes\u00fas San Jos\u00e9, que fue trasladado al hospital de Basurto.<\/p>\n<p class=\"ql-align-justify\"><strong style=\"background-color: white;\">Plaza de toros de Bilbao<\/strong>. 28 de agosto. Quinto festejo de las Corridas Generales de Bilbao, con algo menos de medio aforo cubierto (unos 6.000 espectadores), en tarde fresca y con viento racheado.<\/p>\n","protected":false},"excerpt":{"rendered":"La pen\u00faltima de las Corridas Generales de Bilbao se sald\u00f3 este viernes con una oreja para cada uno&hellip;\n","protected":false},"author":2,"featured_media":736974,"comment_status":"","ping_status":"","sticky":false,"template":"","format":"standard","meta":{"footnotes":""},"categories":[91],"tags":[10520,2601,209,146,147,25,24,27010,13756,23,444],"class_list":["post-736973","post","type-post","status-publish","format-standard","has-post-thumbnail","category-entretenimiento","tag-aste-nagusia","tag-bilbao","tag-cultura","tag-entertainment","tag-entretenimiento","tag-es","tag-espana","tag-feria-bilbao","tag-sebastian-castella","tag-spain","tag-toros"],"share_on_mastodon":{"url":"https:\/\/pubeurope.com\/@es\/117178883789682993","error":""},"_links":{"self":[{"href":"https:\/\/www.europesays.com\/es\/wp-json\/wp\/v2\/posts\/736973","targetHints":{"allow":["GET"]}}],"collection":[{"href":"https:\/\/www.europesays.com\/es\/wp-json\/wp\/v2\/posts"}],"about":[{"href":"https:\/\/www.europesays.com\/es\/wp-json\/wp\/v2\/types\/post"}],"author":[{"embeddable":true,"href":"https:\/\/www.europesays.com\/es\/wp-json\/wp\/v2\/users\/2"}],"replies":[{"embeddable":true,"href":"https:\/\/www.europesays.com\/es\/wp-json\/wp\/v2\/comments?post=736973"}],"version-history":[{"count":0,"href":"https:\/\/www.europesays.com\/es\/wp-json\/wp\/v2\/posts\/736973\/revisions"}],"wp:featuredmedia":[{"embeddable":true,"href":"https:\/\/www.europesays.com\/es\/wp-json\/wp\/v2\/media\/736974"}],"wp:attachment":[{"href":"https:\/\/www.europesays.com\/es\/wp-json\/wp\/v2\/media?parent=736973"}],"wp:term":[{"taxonomy":"category","embeddable":true,"href":"https:\/\/www.europesays.com\/es\/wp-json\/wp\/v2\/categories?post=736973"},{"taxonomy":"post_tag","embeddable":true,"href":"https:\/\/www.europesays.com\/es\/wp-json\/wp\/v2\/tags?post=736973"}],"curies":[{"name":"wp","href":"https:\/\/api.w.org\/{rel}","templated":true}]}}