{"id":736999,"date":"2026-08-29T13:11:20","date_gmt":"2026-08-29T13:11:20","guid":{"rendered":"https:\/\/www.europesays.com\/es\/736999\/"},"modified":"2026-08-29T13:11:20","modified_gmt":"2026-08-29T13:11:20","slug":"marco-bezzecchi-suma-su-tercera-pole-de-la-temporada-y-el-record-absoluto-de-motorland","status":"publish","type":"post","link":"https:\/\/www.europesays.com\/es\/736999\/","title":{"rendered":"Marco Bezzecchi suma su tercera &#8216;pole&#8217; de la temporada y el r\u00e9cord absoluto de Motorland"},"content":{"rendered":"<p class=\"mb-4 text-lg md:leading-8 break-words\">Redacci\u00f3n deportes, 29 ago (EFE).- El italiano Marco Bezzecchi (Aprilia RS-GP) sum\u00f3 este s\u00e1bado su tercera &#8216;pole position&#8217; de la temporada y el r\u00e9cord absoluto del circuito Motorland de Alca\u00f1iz en la clasificaci\u00f3n parea el Gran Premio de Arag\u00f3n de MotoGP.<\/p>\n<p class=\"mb-4 text-lg md:leading-8 break-words\">Bezzecchi ya fue el m\u00e1s r\u00e1pido de entrenamientos en Tailandia (Buriram) e Italia (Mugello) en la actual temporada, con lo que suma doce &#8216;pole position&#8217; desde que lleg\u00f3 a MotoGP y la decimosexta mejor clasificaci\u00f3n de entrenamientos desde que disputa el campeonato del mundo de motociclismo.<\/p>\n<p class=\"mb-4 text-lg md:leading-8 break-words\">El piloto italiano ya domin\u00f3 la segunda tanda de entrenamientos libres, que por algunos momentos encabez\u00f3 Marc M\u00e1rquez, quien tuvo que ver como el italiano le superaba por s\u00f3lo dos d\u00e9cimas de segundo, con un registro de 1:46.216, que se quedaba lejos del r\u00e9cord que ayer estableciese el italiano en 1:45.455.<\/p>\n<p class=\"mb-4 text-lg md:leading-8 break-words\">As\u00ed se lleg\u00f3 a las dos clasificaciones de la carrera aragonesa, en la primera de las cuales hab\u00eda nombres como los de Fabio Quartararo (Yamaha YZR M 1 V4), Francesco &#8216;Pecco&#8217; Bagnaia (Ducati Desmosedici GP26), Diogo Moreira (Honda RC 213 V) o Joan Mir (Honda RC 213 V) que deb\u00edan buscar su pase la segunda clasificaci\u00f3n.<\/p>\n<p class=\"mb-4 text-lg md:leading-8 break-words\">Pero en esa lucha por entrar en la segunda clasificaci\u00f3n, a los favoritos se les colaron inicialmente Luca Marini (Honda RC 213 V) y Brad Binder (KTM RC 16), que supieron aprovechar muy bien el rebufo de las motos de sus rivales.<\/p>\n<p class=\"mb-4 text-lg md:leading-8 break-words\">A la primera no pudo ser, pero en el segundo intento de vuelta lanzada, con el mismo neum\u00e1tico, Bagnaia par\u00f3 el cron\u00f3metro en 1:45.959, superado poco despu\u00e9s por Diogo Moreira, con 1:45.841, pero ambos en las dos primeras posiciones de la sesi\u00f3n y todav\u00eda con un neum\u00e1tico m\u00e1s para intentar mejorar su situaci\u00f3n.<\/p>\n<p class=\"mb-4 text-lg md:leading-8 break-words\">Con ese segundo neum\u00e1tico, &#8216;Pecco&#8217; Bagnaia mejor\u00f3 su situaci\u00f3n al rodar en 1:45.820, con el que bat\u00eda a Moreira, quien poco despu\u00e9s se fue por los suelos en la curva dos, quedando imposibilitado para defender su segunda posici\u00f3n y con ello el pase a la segunda clasificaci\u00f3n y aunque el campe\u00f3n del mundo de MotoGP en 2020, Joan Mir, lo intent\u00f3, al final fall\u00f3 en el tercer parcial.<\/p>\n<p class=\"mb-4 text-lg md:leading-8 break-words\">As\u00ed, pasaron a la segunda clasificaci\u00f3n Bagnaia, que fue el \u00faltimo en salir en esa sesi\u00f3n, y Moreira.<\/p>\n<p><img alt=\"\" loading=\"lazy\" width=\"960\" height=\"640\" decoding=\"async\" data-nimg=\"1\" class=\"rounded-lg\" style=\"color:transparent\" src=\"https:\/\/www.europesays.com\/es\/wp-content\/uploads\/2026\/08\/https:\/\/media.zenfs.com\/es\/efe.es\/70543afb58e1424a7b0f6a9c32067ba5.jpg\"\/><\/p>\n<p class=\"mb-4 text-lg md:leading-8 break-words\">No dud\u00f3 desde el momento de la salida a pista Marc M\u00e1rquez en tirar con fuerza, a pesar de que tras su estela rodaban Johann Zarco y Jorge Mart\u00edn, que no consiguieron &#8216;engancharse&#8217; a su rueda.<\/p>\n<p class=\"mb-4 text-lg md:leading-8 break-words\">En su primera vuelta r\u00e1pida el nueve veces campe\u00f3n del mundo rod\u00f3 en 1:45.136, nuevo r\u00e9cord absoluto de la categor\u00eda y eso que los tres primeros parciales no eran los m\u00e1s r\u00e1pidos, pero en el cuarto lo bord\u00f3 y bati\u00f3 el registro que el viernes estableciese Bezzecchi, 1:45.455.<\/p>\n<p class=\"mb-4 text-lg md:leading-8 break-words\">La respuesta de Marco Bezzecchi no tard\u00f3 en llegar, con otro r\u00e9cord absoluto, 1:44.984, el primer piloto en rodar en ese segundo.<\/p>\n<p class=\"mb-4 text-lg md:leading-8 break-words\">Ese era el primer neum\u00e1tico blando que empleaban los pilotos, que regresaron a sus talleres para montar el segundo y \u00faltimo, cuando &#8216;Pecco&#8217; Bagnaia decidi\u00f3 salir a pista en solitario para jugarse a una sola baza su posici\u00f3n en la formaci\u00f3n de salida.<\/p>\n<p class=\"mb-4 text-lg md:leading-8 break-words\">El primero en intentar mejorar fue Jorge Mart\u00edn, con Marc M\u00e1rquez un poco m\u00e1s atr\u00e1s, perseguido por Pedro Acosta como si fuera su sombra.<\/p>\n<p class=\"mb-4 text-lg md:leading-8 break-words\">Mart\u00edn, con 1:45.436, ascendi\u00f3 hasta la quinta posici\u00f3n, mientras que M\u00e1rquez mejoraba su mejor tiempo personal, 1:45.051, pero no pod\u00eda con el tiempo de Bezzecchi, quien por detr\u00e1s volvi\u00f3 a batir el r\u00e9cord con 1:44.962, mientras que Acosta se iba por los suelos en la curva ocho y daba al traste con sus aspiraciones de mejorar. Era sexto.<\/p>\n<p class=\"mb-4 text-lg md:leading-8 break-words\">Marc M\u00e1rquez a\u00fan ten\u00eda una oportunidad m\u00e1s de mejorar, pero en el primer parcial de la vuelta no pudo con el registro de Bezzecchi, en el segundo se acerc\u00f3, pero en el tercero fall\u00f3 y se tuvo que conformar con la segunda posici\u00f3n, por detr\u00e1s de un italiano inalcanzable.<\/p>\n<p class=\"mb-4 text-lg md:leading-8 break-words\">Bezzecchi saldr\u00e1 desde la &#8216;pole&#8217;, con Marc M\u00e1rquez y Alex M\u00e1rquez en la misma l\u00ednea; Ra\u00fal Fern\u00e1ndez, Jorge Mart\u00edn y Pedro Acosta -que pudo mantener el sexto puesto a pesar de la ca\u00edda, en la segunda; Fabio di Giannantonio, &#8216;Pecco&#8217; Bagnaia y Johann Zarco, en la tercera; y Diogo Moreira, Ferm\u00edn Aldeguer y Franco Morbidelli, en la cuarta. EFE<\/p>\n<p><img alt=\"\" loading=\"lazy\" width=\"960\" height=\"640\" decoding=\"async\" data-nimg=\"1\" class=\"rounded-lg\" style=\"color:transparent\" src=\"https:\/\/www.europesays.com\/es\/wp-content\/uploads\/2026\/08\/https:\/\/media.zenfs.com\/es\/efe.es\/057b71cf8cc0d36efe87a28b92e58890.jpg\"\/><\/p>\n<p class=\"mb-4 text-lg md:leading-8 break-words\">Juan Antonio Llad\u00f3s<\/p>\n<p class=\"mb-4 text-lg md:leading-8 break-words\">(c) Agencia EFE<\/p>\n","protected":false},"excerpt":{"rendered":"Redacci\u00f3n deportes, 29 ago (EFE).- El italiano Marco Bezzecchi (Aprilia RS-GP) sum\u00f3 este s\u00e1bado su tercera &#8216;pole position&#8217;&hellip;\n","protected":false},"author":2,"featured_media":737000,"comment_status":"","ping_status":"","sticky":false,"template":"","format":"standard","meta":{"footnotes":""},"categories":[93],"tags":[130841,130833,130835,130828,130683,130840,130830,130842,130837,56312,130836,130826,130847,130838,168,89728,79843,130824,130827,25,24,89725,130844,8720,2042,64444,89716,47718,130843,130846,130839,89722,13638,28078,1730,30894,43455,130834,23445,130829,130845,130832,130831,6205,130698,19218,23,167,130825],"class_list":["post-736999","post","type-post","status-publish","format-standard","has-post-thumbnail","category-deportes","tag-145-455","tag-29-ago","tag-39pecco","tag-acosta-se","tag-aprilia-rs-gp","tag-aprovechar-muy-bien-el-rebufo","tag-bagnaia","tag-bagnaia-paro-el-cronometro-en-145-959","tag-bezzecchi-saldra-desde-la-pole","tag-brad-binder","tag-buriram","tag-clasificacion-bagnaia","tag-con-ese-segundo-neumatico","tag-debian-buscar-su-pase-la-segunda-clasificacion","tag-deportes","tag-diogo-moreira","tag-el-italiano","tag-el-piloto-italiano-ya-domino-la","tag-el-primero-en-intentar-mejorar-fue","tag-es","tag-espana","tag-fabio-di-giannantonio","tag-francesco-pecco","tag-fuerza","tag-honda","tag-joan-mir","tag-johann-zarco","tag-jorge-martin","tag-ktm-rc-16","tag-la-respuesta-de-marco-bezzecchi","tag-lejos-del-record-que-ayer-estableciese","tag-luca-marini","tag-marc-marquez","tag-marco-bezzecchi","tag-martin","tag-moreira","tag-mugello","tag-parcial-de-la","tag-pedro-acosta","tag-pedro-acosta-como-si-fuera-su-sombra","tag-pero-en-esa","tag-piloto-en-rodar-en-ese-segundo","tag-pista-en","tag-posicion","tag-rc-213-v","tag-redaccion","tag-spain","tag-sports","tag-sumo-este-sabado-su-tercera-pole"],"share_on_mastodon":{"url":"","error":"Validation failed: Text character limit of 500 exceeded"},"_links":{"self":[{"href":"https:\/\/www.europesays.com\/es\/wp-json\/wp\/v2\/posts\/736999","targetHints":{"allow":["GET"]}}],"collection":[{"href":"https:\/\/www.europesays.com\/es\/wp-json\/wp\/v2\/posts"}],"about":[{"href":"https:\/\/www.europesays.com\/es\/wp-json\/wp\/v2\/types\/post"}],"author":[{"embeddable":true,"href":"https:\/\/www.europesays.com\/es\/wp-json\/wp\/v2\/users\/2"}],"replies":[{"embeddable":true,"href":"https:\/\/www.europesays.com\/es\/wp-json\/wp\/v2\/comments?post=736999"}],"version-history":[{"count":0,"href":"https:\/\/www.europesays.com\/es\/wp-json\/wp\/v2\/posts\/736999\/revisions"}],"wp:featuredmedia":[{"embeddable":true,"href":"https:\/\/www.europesays.com\/es\/wp-json\/wp\/v2\/media\/737000"}],"wp:attachment":[{"href":"https:\/\/www.europesays.com\/es\/wp-json\/wp\/v2\/media?parent=736999"}],"wp:term":[{"taxonomy":"category","embeddable":true,"href":"https:\/\/www.europesays.com\/es\/wp-json\/wp\/v2\/categories?post=736999"},{"taxonomy":"post_tag","embeddable":true,"href":"https:\/\/www.europesays.com\/es\/wp-json\/wp\/v2\/tags?post=736999"}],"curies":[{"name":"wp","href":"https:\/\/api.w.org\/{rel}","templated":true}]}}