{"id":737009,"date":"2026-08-29T13:16:11","date_gmt":"2026-08-29T13:16:11","guid":{"rendered":"https:\/\/www.europesays.com\/es\/737009\/"},"modified":"2026-08-29T13:16:11","modified_gmt":"2026-08-29T13:16:11","slug":"al-menos-38-muertos-en-un-bombardeo-ruso-contra-kiev-en-uno-de-los-peores-ataques-de-la-guerra-internacional","status":"publish","type":"post","link":"https:\/\/www.europesays.com\/es\/737009\/","title":{"rendered":"Al menos 38 muertos en un bombardeo ruso contra Kiev en uno de los peores ataques de la guerra | Internacional"},"content":{"rendered":"<p class=\"\">Un gran <a href=\"https:\/\/elpais.com\/internacional\/2026-08-26\/los-bombardeos-rusos-se-ceban-con-los-ninos.html\" target=\"_self\" rel=\"nofollow noopener\" title=\"https:\/\/elpais.com\/internacional\/2026-08-26\/los-bombardeos-rusos-se-ceban-con-los-ninos.html\">ataque ruso con cientos de drones y misiles<\/a> ha sacudido entre el viernes y el s\u00e1bado varias regiones del pa\u00eds, entre ellas la de Kiev, capital de Ucrania. All\u00ed, hasta el momento, la cifra de muertos en el entorno de un dep\u00f3sito militar asciende a 37, seg\u00fan las autoridades. Esas v\u00edctimas mortales se han sucedido en un bombardeo con drones sobre el distrito de <a href=\"https:\/\/elpais.com\/videos\/2023-03-06\/video-regreso-al-144-de-la-calle-yablonska-flores-y-lagrimas-por-los-ejecutados-en-bucha.html?autoplay=1\" target=\"_self\" rel=\"nofollow noopener\" title=\"https:\/\/elpais.com\/videos\/2023-03-06\/video-regreso-al-144-de-la-calle-yablonska-flores-y-lagrimas-por-los-ejecutados-en-bucha.html?autoplay=1\">Bucha, localidad de infausta memoria y s\u00edmbolo de la barbarie<\/a> de esta guerra donde en torno a 400 civiles fueron asesinados durante el mes largo de ocupaci\u00f3n rusa en 2022.<\/p>\n<p class=\"\">Hay que sumar, adem\u00e1s, la muerte de una ni\u00f1a de dos a\u00f1os tras el impacto de un dron a mediod\u00eda del s\u00e1bado contra un caf\u00e9 de la capital, seg\u00fan ha informado el alcalde, <a href=\"https:\/\/elpais.com\/internacional\/2023-12-04\/el-alcalde-de-kiev-abre-las-hostilidades-politicas-en-ucrania-al-acusar-a-zelenski-de-autoritarismo.html\" target=\"_self\" rel=\"nofollow noopener\" title=\"https:\/\/elpais.com\/internacional\/2023-12-04\/el-alcalde-de-kiev-abre-las-hostilidades-politicas-en-ucrania-al-acusar-a-zelenski-de-autoritarismo.html\">Vitali Klitschko<\/a>.<\/p>\n<p class=\"\"><a href=\"https:\/\/elpais.com\/internacional\/2026-08-26\/zelenski-condecora-a-musk-en-plena-polemica-por-el-papel-de-starlink-en-la-guerra.html\" target=\"_self\" rel=\"nofollow noopener\" title=\"https:\/\/elpais.com\/internacional\/2026-08-26\/zelenski-condecora-a-musk-en-plena-polemica-por-el-papel-de-starlink-en-la-guerra.html\">El propio presidente Volod\u00edmir Zelenski<\/a> ha informado de la apertura de una investigaci\u00f3n tras el ataque en Bucha ante una posible negligencia por ubicar un dep\u00f3sito de armas cerca de zonas residenciales, lo que, seg\u00fan su explicaci\u00f3n, podr\u00eda haber provocado el alto n\u00famero de muertos. El primer ministro, <a href=\"https:\/\/elpais.com\/internacional\/2026-07-12\/zelenski-releva-a-la-primera-ministra-de-ucrania-menos-de-un-ano-despues-de-su-nombramiento.html#\/sign-in?event_log=oklogin&amp;o=cerrsus&amp;prod=SUSDIGCRART\" target=\"_self\" rel=\"nofollow noopener\" title=\"https:\/\/elpais.com\/internacional\/2026-07-12\/zelenski-releva-a-la-primera-ministra-de-ucrania-menos-de-un-ano-despues-de-su-nombramiento.html#\/sign-in?event_log=oklogin&amp;o=cerrsus&amp;prod=SUSDIGCRART\">Sergii Koretskyi<\/a>, habla incluso de \u201cnegligencia criminal\u201d. Las primeras im\u00e1genes que llegaban a las redes sociales al anochecer del viernes indicaban ya un posible ataque sobre instalaciones con munici\u00f3n o armas debido a las sucesivas explosiones que estaban teniendo lugar.<\/p>\n<p class=\"\">Entre los m\u00e1s de 40 heridos de diversa consideraci\u00f3n hay cuatro ni\u00f1os, aunque las autoridades reconocen que el balance de v\u00edctimas no es definitivo. El impacto ha causado da\u00f1os en torno a medio centenar de construcciones.<\/p>\n<p class=\"\">Las autoridades locales han informado de que sus defensas antia\u00e9reas han logrado derribar una parte importante del armamento empleado, pero, aun as\u00ed, no han podido impedir una de las m\u00e1s <a href=\"https:\/\/elpais.com\/internacional\/2026-08-26\/el-kremlin-confirma-que-el-director-de-la-cia-se-reunio-durante-su-visita-a-moscu-con-los-servicios-de-inteligencia-rusos.html\" target=\"_self\" rel=\"nofollow noopener\" title=\"https:\/\/elpais.com\/internacional\/2026-08-26\/el-kremlin-confirma-que-el-director-de-la-cia-se-reunio-durante-su-visita-a-moscu-con-los-servicios-de-inteligencia-rusos.html\">mort\u00edferas ofensivas desde que el Kremlin<\/a> desat\u00f3 la gran invasi\u00f3n sobre el pa\u00eds vecino en febrero de 2022.<\/p>\n<p class=\"\">Rusia, seg\u00fan la Fuerza A\u00e9rea ucrania, ha lanzado 267 drones, un misil antibuque Oniks y un misil bal\u00edstico Iskander-M, cuya trayectoria es muy dif\u00edcil de interceptar con el armamento del que dispone Ucrania. Inform\u00f3 adem\u00e1s de que han logrado derribar o neutralizar un total de 233 drones de los tipos Shahed, Gerbera y otros en diferentes regiones del pa\u00eds.<\/p>\n<p class=\"\">El principal lugar atacado se sit\u00faa en la aldea de Myla, a una decena de kil\u00f3metros al oeste de Kiev. El impacto con drones, a \u00faltima hora del viernes, ha provocado un gran incendio y diversas explosiones adem\u00e1s de v\u00edctimas mortales adem\u00e1s de obligar a desalojar a casi 400 personas. Ante la gravedad de los hechos y para facilitar los trabajos de los empleados de emergencia, la carretera que lleva desde Kiev a la ciudad occidental de Chop lleva cortada desde \u00faltima hora del viernes.<\/p>\n<p class=\"\">Es en ese cintur\u00f3n metropolitano de la capital donde, en 2022, las tropas rusas que iban a derrocar al presidente Zelenski fueron frenadas en una <a href=\"https:\/\/elpais.com\/internacional\/2023-02-23\/los-heroes-de-la-resistencia-a-las-puertas-de-kiev.html\" target=\"_self\" rel=\"nofollow noopener\" title=\"https:\/\/elpais.com\/internacional\/2023-02-23\/los-heroes-de-la-resistencia-a-las-puertas-de-kiev.html\">batalla con el ej\u00e9rcito local que acab\u00f3 marcando el curso de la gran invasi\u00f3n<\/a> orquestada por el presidente Vlad\u00edmir Putin, que trat\u00f3 de tomar el centro de poder para hacerse con toda Ucrania.<\/p>\n<p class=\"\">El mandatario ha explicado en un comunicado que hasta el lugar se han desplazado unos 300 empleados de los diferentes cuerpos de seguridad y emergencias. Se\u00f1ala que, tras un primer impacto sobre un almac\u00e9n, hubo una nueva detonaci\u00f3n dando a entender que hab\u00eda sido golpeado un dep\u00f3sito de municiones o armamento.<\/p>\n<p class=\"\">De hecho, seg\u00fan Zelenski, una de las autoridades locales que acudi\u00f3 en un primer momento y se hallaba llevando a cabo rescates se encuentra entre las v\u00edctimas mortales. En el entorno se han producido da\u00f1os significativos sobre edificios residenciales una residencia de ancianos y personas discapacitadas, seg\u00fan el testimonio del mandatario. <\/p>\n<p><img alt=\"\" decoding=\"auto\" class=\"_re lazyload a_m-h\" height=\"276\"  width=\"414\"  src=\"https:\/\/www.europesays.com\/es\/wp-content\/uploads\/2026\/08\/YY6QJAN4VJDLJDWYRLGY7SJETE.jpg\" loading=\"lazy\" fetchpriority=\"low\"\/>Un vecino inspecciona los escombros de una de las  viviendas destruidas tras el ataque ruso. Libkos (Getty Images)<\/p>\n<p class=\"\">Zelenski se ha referido de inmediato a la pol\u00e9mica del arsenal probablemente atacado y ha se\u00f1alado que \u201clas municiones no pueden almacenarse cerca de hogares u otras \u00e1reas residenciales\u201d. \u201cQuienes permitieron que esto ocurriera deben rendir cuentas por sus decisiones. Investigadores de la Polic\u00eda Nacional y del Servicio de Seguridad de Ucrania est\u00e1n llevando a cabo una investigaci\u00f3n previa al juicio, y se han iniciado procedimientos penales por cargos de negligencia oficial\u201d, ha agregado en su comunicado.<\/p>\n<p class=\"\">La regi\u00f3n de Kiev sufri\u00f3 un incidente similar el 6 de junio. Un ataque ruso sobre Vyshneve caus\u00f3 la muerte a nueve personas. \u201cLamentablemente, est\u00e1 claro que la terrible tragedia de Vyshneve no ha servido de lecci\u00f3n. En el quinto a\u00f1o de una invasi\u00f3n a gran escala, cometer los mismos errores una y otra vez constituye una negligencia criminal. Y todos los responsables, sin excepci\u00f3n, deben afrontar un castigo severo\u201d, ha advertid en sus redes sociales el <a href=\"https:\/\/elpais.com\/internacional\/2026-07-12\/zelenski-releva-a-la-primera-ministra-de-ucrania-menos-de-un-ano-despues-de-su-nombramiento.html#\/sign-in?event_log=oklogin&amp;o=cerrsus&amp;prod=SUSDIGCRART\" target=\"_self\" rel=\"nofollow noopener\" title=\"https:\/\/elpais.com\/internacional\/2026-07-12\/zelenski-releva-a-la-primera-ministra-de-ucrania-menos-de-un-ano-despues-de-su-nombramiento.html#\/sign-in?event_log=oklogin&amp;o=cerrsus&amp;prod=SUSDIGCRART\">primer ministro, Sergii Koretskyi<\/a>.<\/p>\n<p class=\"\">Adem\u00e1s de en Kiev, en las \u00faltimas horas han sido golpeadas por los rusos las regiones de Odesa, Dnipro, Kyiv, Zaporiyia, Sumy, Jers\u00f3n, J\u00e1rkov, Mikolaiv, Donetsk y Chern\u00edhiv. \u201c<a href=\"https:\/\/elpais.com\/internacional\/2026-08-24\/costa-y-burnham-llegan-a-kiev-para-conmemorar-con-zelenski-el-dia-de-la-independencia-de-ucrania.html\" target=\"_self\" rel=\"nofollow noopener\" title=\"https:\/\/elpais.com\/internacional\/2026-08-24\/costa-y-burnham-llegan-a-kiev-para-conmemorar-con-zelenski-el-dia-de-la-independencia-de-ucrania.html\">Ucrania no puede ser dejada sola<\/a> para encontrar soluciones para defenderse contra tales ataques, y agradezco a todos los que est\u00e1n ayudando con paquetes adicionales de apoyo y pasos de sanciones contra Rusia\u201d, ha comentado Zelenski.<\/p>\n","protected":false},"excerpt":{"rendered":"Un gran ataque ruso con cientos de drones y misiles ha sacudido entre el viernes y el s\u00e1bado&hellip;\n","protected":false},"author":2,"featured_media":737010,"comment_status":"","ping_status":"","sticky":false,"template":"","format":"standard","meta":{"footnotes":""},"categories":[42],"tags":[8738,17,18,70,71,72,700,13,14,69,7082,11,61,62,63,64,19,20,9,10,15,16,1613,1614,12,7081,21,22,1617,65,66,67],"class_list":["post-737009","post","type-post","status-publish","format-standard","has-post-thumbnail","category-internacional","tag-ataques-militares","tag-breaking-news","tag-breakingnews","tag-conflictos","tag-conflictos-armados","tag-conflictos-internacionales","tag-europa","tag-featured-news","tag-featurednews","tag-guerra","tag-guerra-de-rusia-en-ucrania","tag-headlines","tag-internacional","tag-international","tag-international-news","tag-internationalnews","tag-latest-news","tag-latestnews","tag-news","tag-noticias","tag-noticias-destacadas","tag-noticiasdestacadas","tag-otan","tag-rusia","tag-titulares","tag-ucrania","tag-ultimas-noticias","tag-ultimasnoticias","tag-union-europea","tag-world","tag-world-news","tag-worldnews"],"share_on_mastodon":{"url":"","error":"Validation failed: Text character limit of 500 exceeded"},"_links":{"self":[{"href":"https:\/\/www.europesays.com\/es\/wp-json\/wp\/v2\/posts\/737009","targetHints":{"allow":["GET"]}}],"collection":[{"href":"https:\/\/www.europesays.com\/es\/wp-json\/wp\/v2\/posts"}],"about":[{"href":"https:\/\/www.europesays.com\/es\/wp-json\/wp\/v2\/types\/post"}],"author":[{"embeddable":true,"href":"https:\/\/www.europesays.com\/es\/wp-json\/wp\/v2\/users\/2"}],"replies":[{"embeddable":true,"href":"https:\/\/www.europesays.com\/es\/wp-json\/wp\/v2\/comments?post=737009"}],"version-history":[{"count":0,"href":"https:\/\/www.europesays.com\/es\/wp-json\/wp\/v2\/posts\/737009\/revisions"}],"wp:featuredmedia":[{"embeddable":true,"href":"https:\/\/www.europesays.com\/es\/wp-json\/wp\/v2\/media\/737010"}],"wp:attachment":[{"href":"https:\/\/www.europesays.com\/es\/wp-json\/wp\/v2\/media?parent=737009"}],"wp:term":[{"taxonomy":"category","embeddable":true,"href":"https:\/\/www.europesays.com\/es\/wp-json\/wp\/v2\/categories?post=737009"},{"taxonomy":"post_tag","embeddable":true,"href":"https:\/\/www.europesays.com\/es\/wp-json\/wp\/v2\/tags?post=737009"}],"curies":[{"name":"wp","href":"https:\/\/api.w.org\/{rel}","templated":true}]}}