{"id":737047,"date":"2026-08-29T13:50:26","date_gmt":"2026-08-29T13:50:26","guid":{"rendered":"https:\/\/www.europesays.com\/es\/737047\/"},"modified":"2026-08-29T13:50:26","modified_gmt":"2026-08-29T13:50:26","slug":"asi-queda-la-clasificacion-general-de-la-vuelta-a-espana-2026-hoy-tras-la-etapa-7","status":"publish","type":"post","link":"https:\/\/www.europesays.com\/es\/737047\/","title":{"rendered":"As\u00ed queda la clasificaci\u00f3n general de la Vuelta a Espa\u00f1a 2026 hoy tras la etapa 7"},"content":{"rendered":"<p class=\"ft-text\"><strong>Andreas Leknessund se apunta la victoria en la s\u00e9ptima etapa de la Vuelta a Espa\u00f1a 2026, con inicio en Vall d&#8217;Alba y final en Aram\u00f3n Valdelinares<\/strong>, lo que le permite mantener el liderato de la clasificaci\u00f3n general antes de enfrentarse a una nueva jornada de alta monta\u00f1a que promete volver a tener incidencia en la general.<\/p>\n<p class=\"ft-text\">El corredor del Uno-X Mobility fue el primero en cruzar la meta <strong>despu\u00e9s de imponerse a su compa\u00f1ero Tobias Halland Johannessen y Wout Van Aert, de quienes tom\u00f3 ventaja en la ascensi\u00f3n a Aram\u00f3n Valdelinares (9,8 km al 5,9%).<\/strong><\/p>\n<p class=\"ft-text\">Pese al ataque del equipo Decathlon en la ascensi\u00f3n final para que Felix Gall suba posiciones en la general,  no trae consigo cambios significativos. <strong>Tadej Pogacar<\/strong> se mantiene al frente de la clasificaci\u00f3n, al igual que <strong>Enric Mas en el segundo caj\u00f3n, que se mantiene a +3:50 del esloveno<\/strong>. Primoz Roglic es el encargado de completar el podio, aunque sigue perdiendo terreno y queda a +4:50 de la cabeza.<\/p>\n<p><img decoding=\"async\" src=\"https:\/\/www.europesays.com\/es\/wp-content\/uploads\/2026\/08\/3c2c4803-53ce-4fe3-a54a-cb45809d96f9_alta-libre-aspect-ratio_default_0_x600y225.jpg\" width=\"1200\" height=\"675\" alt=\"Leknessund, al ataque en Valdelinares\" class=\"ft-helper-img-rd\" loading=\"lazy\" fetchpriority=\"auto\"\/><\/p>\n<p class=\"ft-helper-fontColor-quaternary ft-helper-fontSize-body-S ft-helper-spacer-t-xxs\">Leknessund, al ataque en Valdelinares  \/ Javier Lizon<\/p>\n<p>La clasificaci\u00f3n de la etapa 7 de la Vuelta a Espa\u00f1a<\/p>\n<ol class=\"ft-list ft-list--numbered\">\n<li class=\"ft-list__item\">Andreas Leknessund (Uno-X Mobility): 3:49:47<\/li>\n<li class=\"ft-list__item\">Tobias Halland Johannessen (Uno-X Mobility): +0:34<\/li>\n<li class=\"ft-list__item\">Wout van Aert (Team Visma | Lease a Bike): +0:47<\/li>\n<li class=\"ft-list__item\">Jakob Omrzel (Bahrain &#8211; Victorious): +0:58<\/li>\n<li class=\"ft-list__item\">Juan Felipe Rodriguez (EF Education &#8211; EasyPost): +1:13<\/li>\n<li class=\"ft-list__item\">Alexey Lutsenko (Equipo Kern Pharma): +1:16<\/li>\n<li class=\"ft-list__item\">Iv\u00e1n Ramiro Sosa (NSN Cycling Team): +1:44<\/li>\n<li class=\"ft-list__item\">Eddie Dunbar (Pinarello Q36.5 Pro Cycling Team): +1:51<\/li>\n<li class=\"ft-list__item\">L\u00e9o Bisiaux (Decathlon CMA CGM Team): +1:53<\/li>\n<li class=\"ft-list__item\">Ra\u00fal Garc\u00eda Pierna (Movistar Team): +2:14<\/li>\n<li class=\"ft-list__item\">Valentin Paret-Peintre (Soudal Quick-Step): +2:43<\/li>\n<li class=\"ft-list__item\">Filippo Zana (Soudal Quick-Step): +2:55<\/li>\n<li class=\"ft-list__item\">Larry Warbasse (Tudor Pro Cycling Team): m.t.<\/li>\n<li class=\"ft-list__item\">Guillaume Martin (Groupama &#8211; FDJ United): +2:57<\/li>\n<li class=\"ft-list__item\">Finlay Pickering (Cofidis): +3:01<\/li>\n<li class=\"ft-list__item\">Sergio Samitier (Team Jayco AlUla): +3:24<\/li>\n<li class=\"ft-list__item\">Koen Bouwman (Team Jayco AlUla): +4:05<\/li>\n<li class=\"ft-list__item\">Mats Wenzel (Equipo Kern Pharma): m.t.<\/li>\n<li class=\"ft-list__item\">Tadej Poga\u010dar (UAE Team Emirates &#8211; XRG): +4:23<\/li>\n<li class=\"ft-list__item\">Felix Gall (Decathlon CMA CGM Team): +4:29<\/li>\n<li class=\"ft-list__item\">Enric Mas (Movistar Team): +4:39<\/li>\n<li class=\"ft-list__item\">Sepp Kuss (Team Visma | Lease a Bike): +4:52<\/li>\n<li class=\"ft-list__item\">Primo\u017e Rogli\u010d (Red Bull &#8211; BORA &#8211; hansgrohe): m.t.<\/li>\n<li class=\"ft-list__item\">Oscar Onley (Netcompany INEOS): m.t.<\/li>\n<li class=\"ft-list__item\">Gregor M\u00fchlberger (Decathlon CMA CGM Team): +5:16<\/li>\n<li class=\"ft-list__item\">Matthew Riccitello (Decathlon CMA CGM Team): m.t.<\/li>\n<li class=\"ft-list__item\">Harold Tejada (XDS Astana Team): +5:39<\/li>\n<li class=\"ft-list__item\">Mattias Skjelmose (Lidl &#8211; Trek): +5:42<\/li>\n<li class=\"ft-list__item\">Richard Carapaz (XDS Astana Team): m.t.<\/li>\n<li class=\"ft-list__item\">Cristi\u00e1n Rodr\u00edguez (EF Education &#8211; EasyPost): +5:45<\/li>\n<li class=\"ft-list__item\">Pablo Torres (UAE Team Emirates &#8211; XRG): m.t.<\/li>\n<li class=\"ft-list__item\">Pello Bilbao (Bahrain &#8211; Victorious): +5:48<\/li>\n<\/ol>\n<p>As\u00ed est\u00e1 la clasificaci\u00f3n general de La Vuelta tras la etapa 7<\/p>\n<ol class=\"ft-list ft-list--numbered\">\n<li class=\"ft-list__item\">Tadej Poga\u010dar (UAE Team Emirates &#8211; XRG): 19:32:37<\/li>\n<li class=\"ft-list__item\">Enric Mas (Movistar Team): +0:34<\/li>\n<li class=\"ft-list__item\">Primo\u017e Rogli\u010d (Red Bull &#8211; BORA &#8211; hansgrohe): +0:48<\/li>\n<li class=\"ft-list__item\">Felix Gall (Decathlon CMA CGM Team): +0:54<\/li>\n<li class=\"ft-list__item\">Sepp Kuss (Team Visma | Lease a Bike): +1:11<\/li>\n<li class=\"ft-list__item\">Richard Carapaz (Netcompany INEOS): +1:12<\/li>\n<li class=\"ft-list__item\">Oscar Onley (EF Education &#8211; EasyPost): +1:18<\/li>\n<li class=\"ft-list__item\">Mattias Skjelmose (Lidl &#8211; Trek): +1:43<\/li>\n<li class=\"ft-list__item\">Harold Tejada (XDS Astana Team): +2:06<\/li>\n<li class=\"ft-list__item\">Gregor M\u00fchlberger (Decathlon CMA CGM Team): +2:54<\/li>\n<li class=\"ft-list__item\">Jakob Omrzel (Bahrain &#8211; Victorious): +3:17<\/li>\n<\/ol>\n<p class=\"ft-text\">Tras la disputa de cada una de las 21 etapas que conforman la presente edici\u00f3n de la ronda espa\u00f1ola, puedes consultar en SPORT <strong>todas las clasificaciones de la Vuelta a Espa\u00f1a 2026 con los resultados de los principales aspirantes a la victoria<\/strong>, adem\u00e1s de los espa\u00f1oles mejor clasificados.<\/p>\n<p class=\"ft-text\"><strong>La presente edici\u00f3n de la Vuelta a Espa\u00f1a contar\u00e1 con un recorrido de 3.275 kil\u00f3metros repartidos a lo largo de las tradicionales 21 etapas<\/strong> y en los que la monta\u00f1a tendr\u00e1 gran protagonismo. Estas contar\u00e1n con perfiles de todo tipo, incluyendo 4 etapas llanas, 5 onduladas, 4 de media monta\u00f1a, 6 de monta\u00f1a y 2 contrarrelojes individuales.<\/p>\n<p><img decoding=\"async\" src=\"https:\/\/www.europesays.com\/es\/wp-content\/uploads\/2026\/08\/1788011426_861_2d0143c9-b680-4e7a-b4d1-bb7d545e0e44_alta-libre-aspect-ratio_default_0_x819y512.jpg\" width=\"1200\" height=\"1125\" alt=\"El recorrido de la Vuelta a Espa\u00f1a 2026\" class=\"ft-helper-img-rd\" loading=\"lazy\" fetchpriority=\"auto\"\/><\/p>\n<p class=\"ft-helper-fontColor-quaternary ft-helper-fontSize-body-S ft-helper-spacer-t-xxs\">El recorrido de la Vuelta a Espa\u00f1a 2026  \/ La Vuelta<\/p>\n<p>Los \u00faltimos ganadores de la Vuelta a Espa\u00f1a<\/p>\n<p class=\"ft-text\">2025 &#8211; Jonas Vingegaard (DIN)<\/p>\n<p class=\"ft-text\">2024 &#8211; Primoz Roglic (ESL)<\/p>\n<p class=\"ft-text\">2023 &#8211; Sepp Kuss (EEUU)<\/p>\n<p class=\"ft-text\">2022 &#8211; Remco Evenepoel (BEL)<\/p>\n<p class=\"ft-text\">2021 &#8211; Primoz Roglic (ESL)<\/p>\n<p class=\"ft-text\">2020 &#8211; Primoz Roglic (ESL)<\/p>\n<p class=\"ft-text\">2019 &#8211; Primoz Roglic (ESL)<\/p>\n<p>\u00bfD\u00f3nde ver la Vuelta a Espa\u00f1a 2026 gratis y en abierto por TV?<\/p>\n<p class=\"ft-text\">En Espa\u00f1a, cada una de las 21 etapas que componen la Vuelta a Espa\u00f1a 2026 se podr\u00e1n ver <strong>gratis <\/strong>y <strong>en abierto<\/strong> a trav\u00e9s de los diferentes canales de <strong>RTVE<\/strong>. La emisi\u00f3n televisiva arrancar\u00e1 en <strong>Teledeporte <\/strong>y cambiar\u00e1 a <strong>La 2<\/strong> o a <strong>La 1<\/strong> para el tramo final de cada jornada.<\/p>\n<p class=\"ft-text\">Otra opci\u00f3n alternativa para seguir la ronda espa\u00f1ola online y en streaming son las plataformas de pago <strong>Eurosport <\/strong>y <strong>HBO Max<\/strong>, habituales en todo tipo de coberturas ciclistas. La retransmisi\u00f3n televisiva correr\u00e1 al cargo de los canales <strong>Eurosport 1 y 2<\/strong>.<\/p>\n<p class=\"ft-text\">Desde <strong>SPORT<\/strong>, te contamos todo lo que suceda en cada una de las 21 etapas de la Vuelta a Espa\u00f1a 2026 con el mejor resumen, todas las clasificaciones actualizadas y las reacciones de los protagonistas.<\/p>\n","protected":false},"excerpt":{"rendered":"Andreas Leknessund se apunta la victoria en la s\u00e9ptima etapa de la Vuelta a Espa\u00f1a 2026, con inicio&hellip;\n","protected":false},"author":2,"featured_media":737048,"comment_status":"","ping_status":"","sticky":false,"template":"","format":"standard","meta":{"footnotes":""},"categories":[273],"tags":[3076,6834,313,4616,312,168,25,24,314,23,167,1357],"class_list":["post-737047","post","type-post","status-publish","format-standard","has-post-thumbnail","category-ciclismo","tag-3076","tag-6834","tag-ciclismo","tag-clasificacion","tag-cycling","tag-deportes","tag-es","tag-espana","tag-etapa","tag-spain","tag-sports","tag-vuelta"],"share_on_mastodon":{"url":"https:\/\/pubeurope.com\/@es\/117179124229195510","error":""},"_links":{"self":[{"href":"https:\/\/www.europesays.com\/es\/wp-json\/wp\/v2\/posts\/737047","targetHints":{"allow":["GET"]}}],"collection":[{"href":"https:\/\/www.europesays.com\/es\/wp-json\/wp\/v2\/posts"}],"about":[{"href":"https:\/\/www.europesays.com\/es\/wp-json\/wp\/v2\/types\/post"}],"author":[{"embeddable":true,"href":"https:\/\/www.europesays.com\/es\/wp-json\/wp\/v2\/users\/2"}],"replies":[{"embeddable":true,"href":"https:\/\/www.europesays.com\/es\/wp-json\/wp\/v2\/comments?post=737047"}],"version-history":[{"count":0,"href":"https:\/\/www.europesays.com\/es\/wp-json\/wp\/v2\/posts\/737047\/revisions"}],"wp:featuredmedia":[{"embeddable":true,"href":"https:\/\/www.europesays.com\/es\/wp-json\/wp\/v2\/media\/737048"}],"wp:attachment":[{"href":"https:\/\/www.europesays.com\/es\/wp-json\/wp\/v2\/media?parent=737047"}],"wp:term":[{"taxonomy":"category","embeddable":true,"href":"https:\/\/www.europesays.com\/es\/wp-json\/wp\/v2\/categories?post=737047"},{"taxonomy":"post_tag","embeddable":true,"href":"https:\/\/www.europesays.com\/es\/wp-json\/wp\/v2\/tags?post=737047"}],"curies":[{"name":"wp","href":"https:\/\/api.w.org\/{rel}","templated":true}]}}