{"id":737049,"date":"2026-08-29T13:52:12","date_gmt":"2026-08-29T13:52:12","guid":{"rendered":"https:\/\/www.europesays.com\/es\/737049\/"},"modified":"2026-08-29T13:52:12","modified_gmt":"2026-08-29T13:52:12","slug":"el-exjugador-del-casademont-zaragoza-devin-robinson-encuentra-acomodo-en-el-wks-slask-wroclaw-polaco","status":"publish","type":"post","link":"https:\/\/www.europesays.com\/es\/737049\/","title":{"rendered":"El exjugador del Casademont Zaragoza Devin Robinson encuentra acomodo en el WKS \u015al\u0105sk Wroc\u0142aw polaco"},"content":{"rendered":"<p class=\"ft-text\">El futuro deportivo de <strong>Devin Robinson<\/strong> ya tiene destino oficial. Tras desvincularse del <strong>Casademont Zaragoza<\/strong> este verano al finalizar su compromiso contractual, el ala-p\u00edvot estadounidense ha alcanzado un acuerdo para enrolarse en las filas del <strong>WKS \u015al\u0105sk Wroc\u0142aw<\/strong>, referente hist\u00f3rico del baloncesto en Polonia. <\/p>\n<p class=\"ft-text\">Robinson aterriz\u00f3 en el Pr\u00edncipe Felipe en el <strong>verano de 2025<\/strong> para reforzar el juego interior del conjunto aragon\u00e9s. Durante su \u00fanica campa\u00f1a en el club rojillo, el jugador de <strong>2,03 metros<\/strong>, promedi\u00f3 <strong>14,5 puntos<\/strong> y<strong> 5,5 rebotes<\/strong> por encuentro en la <a class=\"ft-link ft-link--decoration\" href=\"https:\/\/www.acb.com\/es\/liga\" rel=\"nofollow noopener\" target=\"_blank\">Liga Endesa<\/a>, adem\u00e1s de participar en el esquema aragon\u00e9s durante la <strong>FIBA Europe Cup<\/strong>.<\/p>\n<p class=\"ft-text\">A sus 31 a\u00f1os y con un bagaje que incluye etapas en la NBA (<strong>Washington Wizards<\/strong>), el <strong>BAXI Manresa<\/strong> o el <strong>Cedevita Olimpija<\/strong>, donde integr\u00f3 el segundo mejor quinteto de la Eurocup, el interior norteamericano emprende ahora una nueva experiencia europea en <strong>Breslavia <\/strong>en la <strong>temporada 2026-27<\/strong>.<\/p>\n","protected":false},"excerpt":{"rendered":"El futuro deportivo de Devin Robinson ya tiene destino oficial. Tras desvincularse del Casademont Zaragoza este verano al&hellip;\n","protected":false},"author":2,"featured_media":737050,"comment_status":"","ping_status":"","sticky":false,"template":"","format":"standard","meta":{"footnotes":""},"categories":[269],"tags":[299,298,168,38044,25,24,1750,38045,130854,23,167,130855],"class_list":["post-737049","post","type-post","status-publish","format-standard","has-post-thumbnail","category-baloncesto","tag-baloncesto","tag-basketball","tag-deportes","tag-devin","tag-es","tag-espana","tag-ficha","tag-robinson","tag-slask","tag-spain","tag-sports","tag-wroclaw"],"share_on_mastodon":{"url":"https:\/\/pubeurope.com\/@es\/117179131572551032","error":""},"_links":{"self":[{"href":"https:\/\/www.europesays.com\/es\/wp-json\/wp\/v2\/posts\/737049","targetHints":{"allow":["GET"]}}],"collection":[{"href":"https:\/\/www.europesays.com\/es\/wp-json\/wp\/v2\/posts"}],"about":[{"href":"https:\/\/www.europesays.com\/es\/wp-json\/wp\/v2\/types\/post"}],"author":[{"embeddable":true,"href":"https:\/\/www.europesays.com\/es\/wp-json\/wp\/v2\/users\/2"}],"replies":[{"embeddable":true,"href":"https:\/\/www.europesays.com\/es\/wp-json\/wp\/v2\/comments?post=737049"}],"version-history":[{"count":0,"href":"https:\/\/www.europesays.com\/es\/wp-json\/wp\/v2\/posts\/737049\/revisions"}],"wp:featuredmedia":[{"embeddable":true,"href":"https:\/\/www.europesays.com\/es\/wp-json\/wp\/v2\/media\/737050"}],"wp:attachment":[{"href":"https:\/\/www.europesays.com\/es\/wp-json\/wp\/v2\/media?parent=737049"}],"wp:term":[{"taxonomy":"category","embeddable":true,"href":"https:\/\/www.europesays.com\/es\/wp-json\/wp\/v2\/categories?post=737049"},{"taxonomy":"post_tag","embeddable":true,"href":"https:\/\/www.europesays.com\/es\/wp-json\/wp\/v2\/tags?post=737049"}],"curies":[{"name":"wp","href":"https:\/\/api.w.org\/{rel}","templated":true}]}}