{"id":737053,"date":"2026-08-29T13:54:19","date_gmt":"2026-08-29T13:54:19","guid":{"rendered":"https:\/\/www.europesays.com\/es\/737053\/"},"modified":"2026-08-29T13:54:19","modified_gmt":"2026-08-29T13:54:19","slug":"alice-campello-puro-lujo-en-leganes-con-los-vaqueros-favoritos-de-victoria-beckham-que-hacen-efecto-tipazo-y-un-exotico-bolso-de-edicion-limitada","status":"publish","type":"post","link":"https:\/\/www.europesays.com\/es\/737053\/","title":{"rendered":"Alice Campello, puro lujo en Legan\u00e9s con los vaqueros favoritos de Victoria Beckham que hacen &#8216;efecto tipazo&#8217; y un ex\u00f3tico bolso de edici\u00f3n limitada"},"content":{"rendered":"<p id=\"edqj0z6I13\" data-wc=\"121\">Como editora de moda especializada en an\u00e1lisis de tendencias, me resulta fascinante observar c\u00f3mo las prendas m\u00e1s exclusivas consiguen integrarse de manera natural y espont\u00e1nea a eventos deportivos y escenarios m\u00e1s urbanos. Lejos de los excesos visuales que propon\u00edan <a class=\"hm-link ho-link\" href=\"https:\/\/www.hola.com\/moda\/20260615907392\/victoria-beckham-look-mundial-2006\/\" data-mrf-recirculation=\"article-body-link\" rel=\"nofollow noopener\" target=\"_blank\">las WAGs en otras \u00e9pocas, de quienes Victoria Beckham fue la mejor embajadora<\/a>, los estilismos que vemos ahora a pie de campo dictan lecciones completamente diferentes, basadas en la sofisticaci\u00f3n sutil. Un ejemplo perfecto de ello lo hemos vivido en <a class=\"hm-link ho-link\" href=\"https:\/\/www.hola.com\/actualidad\/20260827920311\/alvaro-morata-y-alice-campello-planean-su-posible-regreso-a-madrid-mudanza\/\" data-mrf-recirculation=\"article-body-link\" rel=\"nofollow noopener\" target=\"_blank\">la presentaci\u00f3n oficial de \u00c1lvaro Morata en Legan\u00e9s<\/a>, un momento tremendamente especial y emotivo para la carrera del delantero madrile\u00f1o, donde muchas miradas se desviaron inevitablemente hacia el c\u00e9sped por motivos que trascend\u00edan el f\u00fatbol. All\u00ed, se encontraba<strong>\u00a0su mujer, Alice Campello<\/strong>.<\/p>\n<p>Te recomendamosSeguir leyendo<br \/>\n <img src=\"https:\/\/www.europesays.com\/es\/wp-content\/uploads\/2026\/08\/97d62c9616bc-u616675096.jpg\"   width=\"682\" height=\"1024\" loading=\"lazy\" decoding=\"async\" alt=\"Alice Campello en la presentaci\u00f3n oficial de \u00c1lvaro Morata en Legan\u00e9s\" fetchpriority=\"auto\" class=\"image ho-image\"\/>\u00a9 GTRES<br \/>\nAlice Campello descubre el truco visual de los vaqueros de Victoria Beckham en un look monocrom\u00e1tico<\/p>\n<p id=\"eLTCaHGzcb\" data-wc=\"59\">La empresaria de belleza e influencer opt\u00f3 por una f\u00f3rmula infalible que disimula el presupuesto con el que compuso este look: combin\u00f3 prendas aparentemente b\u00e1sicas, con patrones adecuados para su figura, \u00a0y las remat\u00f3 con un exclusivo accesorio de coleccionista. El resultado es un look relajado, pero profundamente estudiado, digno de una de <a class=\"hm-link ho-link\" href=\"https:\/\/www.hola.com\/actualidad\/20260615906830\/paddy-noarbe-ines-garcia-nueva-generacion-wags-seleccion-mundial-2026\/\" data-mrf-recirculation=\"article-body-link\" rel=\"nofollow noopener\" target=\"_blank\">las principales WAGs de la actualidad<\/a>.<\/p>\n<p id=\"eqsFTiezTos\" data-wc=\"88\">Los vaqueros de la italiana, por ejemplo, tienen <strong>el sello caracter\u00edstico de\u00a0<\/strong><strong>Victoria Beckham<\/strong> y esconden uno de sus grandes trucos para verse much\u00edsimo m\u00e1s alta. Hablamos de los Alina Jeans\u00a0(450 euros),\u00a0el pantal\u00f3n m\u00e1s repetido en el armario de la ex Spice Girl. Este modelo, que se distingue por sus llamativos bolsillos delanteros de parche y un sutil efecto desgastado en la zona de la rodilla, se ajusta firmemente a la cintura antes de caer en una pernera ancha que cubre casi por completo el calzado.<\/p>\n<p> <img src=\"https:\/\/www.europesays.com\/es\/wp-content\/uploads\/2026\/08\/1bcb0650e711-u616675090.jpg\"   width=\"682\" height=\"1024\" loading=\"lazy\" decoding=\"async\" alt=\"Alice Campello en la presentaci\u00f3n oficial de \u00c1lvaro Morata en Legan\u00e9s\" fetchpriority=\"auto\" class=\"image ho-image\"\/>\u00a9 GTRES<\/p>\n<p id=\"eFOWbgym4c9\" data-wc=\"91\">Seg\u00fan la misma mujer de David Beckham desvel\u00f3 durante <a class=\"hm-link ho-link\" href=\"https:\/\/www.hola.com\/fashion\/20251022863109\/victoria-beckham-moda-prenda-favorita-entrevista\/\" data-mrf-recirculation=\"article-body-link\" rel=\"nofollow noopener\" target=\"_blank\">una entrevista in\u00e9dita en el exitoso podcast Call her daddy<\/a>,\u00a0en noviembre de 2025:<strong>\u00a0\u00abSon perfectos, de tiro alto y largos, y hacen que tus piernas se vean m\u00e1s largas. Todo va sobre la ilusi\u00f3n \u00f3ptica, por eso me met\u00ed en este negocio\u00bb<\/strong>. Tal es su idilio con estos tejanos de inspiraci\u00f3n setentera que, una vez m\u00e1s, cuando le preguntaron cu\u00e1l es la prenda que toda mujer deber\u00eda tener en su vestidor, respondi\u00f3: \u00abla chaqueta de esmoquin perfecta o los vaqueros perfectos\u00bb.<\/p>\n<p>Sus claves para equilibrar la silueta con b\u00e1sicos<\/p>\n<p id=\"eEcOSYFAMTI\" data-wc=\"89\">Acto seguido, tras escoger sus\u00a0jeans,\u00a0Alice aplic\u00f3 la regla de la compensaci\u00f3n a trav\u00e9s de prendas y accesorios muy bien pensados. En la parte superior, se puso<strong>\u00a0una sencilla camiseta de tirantes finos en color azul marino<\/strong>, confeccionada en punto liso y con escote recto, una pieza minimalista que armoniza la paleta crom\u00e1tica sin recargar el look. Bajo la amplia campana de los vaqueros, en la misma l\u00ednea, llev\u00f3 <strong>unas sandalias negras cl\u00e1sicas de tiras finas y tac\u00f3n<\/strong>, para completar la ilusi\u00f3n \u00f3ptica que alarga infinitamente las piernas.\u00a0<\/p>\n<p> <img src=\"https:\/\/www.europesays.com\/es\/wp-content\/uploads\/2026\/08\/16b15f8bc851-u616675111.jpg\"   width=\"682\" height=\"1024\" loading=\"lazy\" decoding=\"async\" alt=\"Alice Campello en la presentaci\u00f3n oficial de \u00c1lvaro Morata en Legan\u00e9s\" fetchpriority=\"auto\" class=\"image ho-image\"\/>\u00a9 GTRES<br \/>\nLujo en formato mini: bolso de piel ex\u00f3tica y pulseras de diamantes<\/p>\n<p id=\"ehuM9ipNMjY\" data-wc=\"94\">R\u00e1pidamente, el accesorio que pend\u00eda de su mano elev\u00f3 el conjunto a la categor\u00eda de ultralujo. Nos referimos al bolso que la fundadora de Masqmai cargaba: un modelo de edici\u00f3n limitada del <strong>m\u00edtico\u00a0Lady Dior, realizado en una ex\u00f3tica piel de anguila &#8216;efecto cocodrilo&#8217; en color azul marino<\/strong> con herrajes en plata. Este dise\u00f1o, si bien no se encuentra en la web ni en las boutiques de la casa francesa, se vende en portales de moda de lujo de segunda mano, como Vestiaire Collective o TheRealReal, por aproximadamente <strong>7.000 d\u00f3lares (alrededor de 6.000 euros)<\/strong>.\u00a0<\/p>\n<p id=\"e9zxTKS7vPa\" data-wc=\"39\">Por \u00faltimo, para acompa\u00f1ar en la mu\u00f1eca derecha a su reloj inteligente, la italiana a\u00f1adi\u00f3 unas delicadas pulseras de diamantes, el colof\u00f3n de un estilismo que combina el m\u00e1ximo derroche est\u00e9tico con la simpleza de los b\u00e1sicos bien pensados.<\/p>\n","protected":false},"excerpt":{"rendered":"Como editora de moda especializada en an\u00e1lisis de tendencias, me resulta fascinante observar c\u00f3mo las prendas m\u00e1s exclusivas&hellip;\n","protected":false},"author":2,"featured_media":737054,"comment_status":"","ping_status":"","sticky":false,"template":"","format":"standard","meta":{"footnotes":""},"categories":[174],"tags":[1024,16472,255,253,146,147,25,24,256,1023,338,23,3063],"class_list":["post-737053","post","type-post","status-publish","format-standard","has-post-thumbnail","category-famosos","tag-actualidad-moda","tag-alice-campello","tag-celebrities","tag-discover","tag-entertainment","tag-entretenimiento","tag-es","tag-espana","tag-famosos","tag-moda","tag-portada","tag-spain","tag-victoria-beckham"],"share_on_mastodon":{"url":"https:\/\/pubeurope.com\/@es\/117179139238856233","error":""},"_links":{"self":[{"href":"https:\/\/www.europesays.com\/es\/wp-json\/wp\/v2\/posts\/737053","targetHints":{"allow":["GET"]}}],"collection":[{"href":"https:\/\/www.europesays.com\/es\/wp-json\/wp\/v2\/posts"}],"about":[{"href":"https:\/\/www.europesays.com\/es\/wp-json\/wp\/v2\/types\/post"}],"author":[{"embeddable":true,"href":"https:\/\/www.europesays.com\/es\/wp-json\/wp\/v2\/users\/2"}],"replies":[{"embeddable":true,"href":"https:\/\/www.europesays.com\/es\/wp-json\/wp\/v2\/comments?post=737053"}],"version-history":[{"count":0,"href":"https:\/\/www.europesays.com\/es\/wp-json\/wp\/v2\/posts\/737053\/revisions"}],"wp:featuredmedia":[{"embeddable":true,"href":"https:\/\/www.europesays.com\/es\/wp-json\/wp\/v2\/media\/737054"}],"wp:attachment":[{"href":"https:\/\/www.europesays.com\/es\/wp-json\/wp\/v2\/media?parent=737053"}],"wp:term":[{"taxonomy":"category","embeddable":true,"href":"https:\/\/www.europesays.com\/es\/wp-json\/wp\/v2\/categories?post=737053"},{"taxonomy":"post_tag","embeddable":true,"href":"https:\/\/www.europesays.com\/es\/wp-json\/wp\/v2\/tags?post=737053"}],"curies":[{"name":"wp","href":"https:\/\/api.w.org\/{rel}","templated":true}]}}