{"id":737059,"date":"2026-08-29T14:00:20","date_gmt":"2026-08-29T14:00:20","guid":{"rendered":"https:\/\/www.europesays.com\/es\/737059\/"},"modified":"2026-08-29T14:00:20","modified_gmt":"2026-08-29T14:00:20","slug":"la-legendaria-inspiracion-de-alcaraz-para-ganar-el-us-open-federer-y-nadal-han-demostrado","status":"publish","type":"post","link":"https:\/\/www.europesays.com\/es\/737059\/","title":{"rendered":"La legendaria inspiraci\u00f3n de Alcaraz para ganar el US Open: \u00abFederer y Nadal han demostrado&#8230;\u00bb"},"content":{"rendered":"<p class=\"L6-news-detail__text\">A falta de unas horas para el estreno de <b><a title=\"Carlos Alcaraz\" href=\"https:\/\/www.lasexta.com\/noticias\/deportes\/tenis\/llamativa-reaccion-alcaraz-ausencia-sinner-open-situacion-rara_202608296a929a5bae2f3735da1c18a9.html\" target=\"_blank\" rel=\"nofollow noopener\">Carlos Alcaraz<\/a><\/b> en el <b>US Open<\/b>, el murciano ha atendido a los medios presentes en <b>Nueva York<\/b> para confirmar su buen estado de forma y fijar las expectativas para el \u00faltimo &#8216;Grand Slam&#8217; del a\u00f1o. En sus declaraciones recurri\u00f3 a algunas leyendas del tenis pera demostrar el buen papel que puede firmar en el torneo a pesar de llevar <b>m\u00e1s de cuatro meses alejado de las pistas<\/b>.<\/p>\n<p class=\"L6-news-detail__text\">\u00ab<b><a title=\"Federer\" href=\"https:\/\/www.lasexta.com\/noticias\/deportes\/tenis\/federer-rinde-jodar-antes-open-nadie-hubiera-creido_202608286a915109d16f763504a33f43.html\" target=\"_blank\" rel=\"nofollow noopener\">Federer<\/a><\/b>, <b><a title=\"Nadal\" href=\"https:\/\/www.lasexta.com\/noticias\/deportes\/motor\/nadal-djokovic-pudieron-ella-maldicion-interminable-que-enfrenta-alcaraz-open_202608286a915be0d16f763504a358e1.html\" target=\"_blank\" rel=\"nofollow noopener\">Nadal<\/a><\/b>, mucha gente ha demostrado que <b>se puede ganar un &#8216;Grand Slam&#8217;<\/b> despu\u00e9s de haber estado <b>lesionado mucho tiempo<\/b>\u00ab, aseguraba Carlos. El de El Palmar sufri\u00f3 problemas en la mu\u00f1eca durante el <b>God\u00f3 de Barcelona en abril<\/b> y tras meses de recuperaci\u00f3n espera una vuelta por todo lo alto.<\/p>\n<p class=\"L6-news-detail__text\">Durante este tiempo ha sido visto entrenando en casa, en<b> Murcia<\/b>, donde el dan\u00e9s <b>Holger Rune<\/b> ha tenido la oportunidad de acompa\u00f1arlo: \u00abFue una semana muy importante para m\u00ed. Tengo que agradecer a Holger que viniera a entrenar conmigo. Est\u00e1 en muy buena forma. Obviamente todav\u00eda necesita m\u00e1s rehabilitaci\u00f3n, pero <b>me ayud\u00f3 mucho a darme cuenta de que estoy preparado para volver aqu\u00ed y competir<\/b>\u00ab.<\/p>\n<p class=\"L6-news-detail__text\">\u00abEs bienvenido all\u00ed siempre que lo necesite. Me alegr\u00f3 mucho verlo de nuevo en pista\u00bb, a\u00f1adi\u00f3 <b>Alcaraz <\/b>sobre el tenista de 22 a\u00f1os. <b>Rune <\/b>lleva desde octubre de baja tras sufrir una rotura del tend\u00f3n de Aquiles, aunque se espera su vuelta antes de que acabe el a\u00f1o.<\/p>\n<p class=\"L6-news-detail__text\"><b><a title=\"*A\u00f1ade laSexta como tu medio de referencia en Google y no te pierdas toda la actualidad y el mejor contenido\" href=\"https:\/\/www.google.com\/preferences\/source?q=lasexta.com\" target=\"_blank\" rel=\"nofollow noopener\">*A\u00f1ade laSexta como tu medio de referencia en Google y no te pierdas toda la actualidad y el mejor contenido<\/a><\/b><\/p>\n<p class=\"L6-support-news-video__title\">En redes<\/p>\n<p> <a href=\"https:\/\/www.lasexta.com\/noticias\/deportes\/ciclismo\/indignacion-duras-criticas-influencer-erola-jones-vuelta-espana-tiene-nulo-conocimiento_202608246a8c5850a1aaa80b041f27d3.html\" class=\"L6-news__link\" rel=\"nofollow noopener\" target=\"_blank\">Indignaci\u00f3n y duras cr\u00edticas con la influencer Erola Jones en La Vuelta: \u00abTiene nulo conocimiento\u00bb<\/p>\n<p class=\"recirculation-video-desc\">Las redes han estallado contra la &#8216;Tiktoker&#8217; por un encuentro con el ciclista Tadej Pogacar en el que dejaba comentarios muy fuera de lugar. El mundo del ciclismo, indignado.<\/p>\n<p> <\/a><\/p>\n","protected":false},"excerpt":{"rendered":"A falta de unas horas para el estreno de Carlos Alcaraz en el US Open, el murciano ha&hellip;\n","protected":false},"author":2,"featured_media":737060,"comment_status":"","ping_status":"","sticky":false,"template":"","format":"standard","meta":{"footnotes":""},"categories":[93],"tags":[114511,168,25,24,110362,6894,3440,23,167,541],"class_list":["post-737059","post","type-post","status-publish","format-standard","has-post-thumbnail","category-deportes","tag-carlos-alcaraz-garfia","tag-deportes","tag-es","tag-espana","tag-noticias-ultima-hora","tag-rafa-nadal","tag-roger-federer","tag-spain","tag-sports","tag-us-open"],"share_on_mastodon":{"url":"https:\/\/pubeurope.com\/@es\/117179162621931863","error":""},"_links":{"self":[{"href":"https:\/\/www.europesays.com\/es\/wp-json\/wp\/v2\/posts\/737059","targetHints":{"allow":["GET"]}}],"collection":[{"href":"https:\/\/www.europesays.com\/es\/wp-json\/wp\/v2\/posts"}],"about":[{"href":"https:\/\/www.europesays.com\/es\/wp-json\/wp\/v2\/types\/post"}],"author":[{"embeddable":true,"href":"https:\/\/www.europesays.com\/es\/wp-json\/wp\/v2\/users\/2"}],"replies":[{"embeddable":true,"href":"https:\/\/www.europesays.com\/es\/wp-json\/wp\/v2\/comments?post=737059"}],"version-history":[{"count":0,"href":"https:\/\/www.europesays.com\/es\/wp-json\/wp\/v2\/posts\/737059\/revisions"}],"wp:featuredmedia":[{"embeddable":true,"href":"https:\/\/www.europesays.com\/es\/wp-json\/wp\/v2\/media\/737060"}],"wp:attachment":[{"href":"https:\/\/www.europesays.com\/es\/wp-json\/wp\/v2\/media?parent=737059"}],"wp:term":[{"taxonomy":"category","embeddable":true,"href":"https:\/\/www.europesays.com\/es\/wp-json\/wp\/v2\/categories?post=737059"},{"taxonomy":"post_tag","embeddable":true,"href":"https:\/\/www.europesays.com\/es\/wp-json\/wp\/v2\/tags?post=737059"}],"curies":[{"name":"wp","href":"https:\/\/api.w.org\/{rel}","templated":true}]}}