{"id":737103,"date":"2026-08-29T14:31:17","date_gmt":"2026-08-29T14:31:17","guid":{"rendered":"https:\/\/www.europesays.com\/es\/737103\/"},"modified":"2026-08-29T14:31:17","modified_gmt":"2026-08-29T14:31:17","slug":"bruselas-ya-trabaja-en-la-peticion-de-espana-para-recibir-el-apoyo-de-frontex-en-ceuta","status":"publish","type":"post","link":"https:\/\/www.europesays.com\/es\/737103\/","title":{"rendered":"Bruselas ya trabaja en la petici\u00f3n de Espa\u00f1a para recibir el apoyo de Frontex en Ceuta"},"content":{"rendered":"<p class=\"article-text\">\n        El comisario europeo de Interior y Migraci\u00f3n, Magnus Brunner, asegur\u00f3 este s\u00e1bado que la Uni\u00f3n Europea (UE) ya trabaja para dar respuesta a <a href=\"https:\/\/www.eldiario.es\/politica\/espana-solicita-comision-europea-apoyo-frontex-europol-triaje-migrantes-ceuta_1_13473628.html\" target=\"_blank\" data-mrf-recirculation=\"links-noticia\" class=\"link\" rel=\"nofollow noopener\">la solicitud de Espa\u00f1a de recibir apoyo de la Agencia Europea de Fronteras y Costas (Frontex)<\/a>, entre otras agencias europeas, para las labores de triaje de las personas migrantes que quedan en Ceuta tras la entrada del pasado mes de julio.\n    <\/p>\n<p>    <a href=\"https:\/\/www.eldiario.es\/galicia\/feijoo-reclama-comparecencia-directora-cni-crisis-ceuta_1_13474276.html\" data-mrf-recirculation=\"saber-mas\" data-dl-event=\"saber-mas\" rel=\"nofollow noopener\" target=\"_blank\"><\/p>\n<p class=\"know-more__title\">Feij\u00f3o exige la comparecencia de la directora del CNI por Ceuta y anuncia que el PP se personar\u00e1 en la causa judicial en la Audiencia Nacional<\/p>\n<p>            <img decoding=\"async\" class=\"lazy\" loading=\"lazy\" data-src=\"https:\/\/static.eldiario.es\/clip\/82dd6a52-01bd-499c-9c93-46461daf4853_16-9-aspect-ratio_default_0_x1079y829.jpg\" src=\"data:image\/svg+xml,%3Csvg xmlns=\" http:=\"\" viewbox=\"0 0 880 495\" alt=\"Feij\u00f3o exige la comparecencia de la directora del CNI por Ceuta y anuncia que el PP se personar\u00e1 en la causa judicial en la Audiencia Nacional\"\/><\/p>\n<p>                        <\/a><\/p>\n<p class=\"article-text\">\n        \u201cHemos recibido una solicitud de apoyo adicional por parte de Espa\u00f1a, que incluye la colaboraci\u00f3n de Frontex, Europol y la EUAA (Agencia de Asilo de la Uni\u00f3n Europea). Ya estamos trabajando en dicha solicitud y tomaremos una decisi\u00f3n con celeridad\u201d, afirm\u00f3 el comisario a trav\u00e9s de un mensaje en redes sociales.\n    <\/p>\n<p class=\"article-text\">\n        Adem\u00e1s, Brunner dijo que el Ejecutivo europeo \u201cacoge con satisfacci\u00f3n las medidas adicionales que Espa\u00f1a ha adoptado en los \u00faltimos d\u00edas para hacer frente a la situaci\u00f3n, que sigue siendo complicada\u201d y manifest\u00f3 que \u201cla prioridad sigue siendo garantizar el r\u00e1pido retorno de todas las personas que permanecen ilegalmente en Ceuta\u201d.\n    <\/p>\n<blockquote class=\"twitter-tweet\" data-lang=\"es\"><p><a href=\"https:\/\/twitter.com\/X\/status\/2093654902836699495?ref_src=twsrc%5Etfw\" rel=\"nofollow noopener\" target=\"_blank\"><\/p><\/blockquote>\n<p class=\"article-text\">\n        El ministro del Interior espa\u00f1ol, Fernando Grande-Marlaska, envi\u00f3 una carta a la directora general de Migraci\u00f3n y Asuntos Internos de la Comisi\u00f3n, Beate Gminder, en respuesta a la oferta que esta hizo al embajador de Espa\u00f1a ante la Uni\u00f3n Europea para que distintas agencias europeas ayudasen en la crisis.\n    <\/p>\n<p class=\"article-text\">\n        El Gobierno ha pedido 10 agentes adicionales de Frontex para el triaje a fin de agilizar la recogida de informaci\u00f3n de los migrantes que a\u00fan no han sido sometidos a ese procedimiento, as\u00ed como asistencia de la EUAA en la realizaci\u00f3n de entrevistas y la puesta a disposici\u00f3n de int\u00e9rpretes.\n    <\/p>\n<p>    <a href=\"https:\/\/www.eldiario.es\/politica\/espana-solicita-comision-europea-apoyo-frontex-europol-triaje-migrantes-ceuta_1_13473628.html\" data-mrf-recirculation=\"saber-mas-abajo\" data-dl-event=\"saber-mas-abajo\" rel=\"nofollow noopener\" target=\"_blank\"><\/p>\n<p class=\"know-more__title\">Espa\u00f1a solicita a la Comisi\u00f3n Europea el apoyo de Frontex y Europol para el triaje de migrantes en Ceuta\n<\/p>\n<p>            <img decoding=\"async\" class=\"lazy\" loading=\"lazy\" data-src=\"https:\/\/static.eldiario.es\/clip\/2f0a9a56-2659-4f37-8aeb-738d8b2dc4d7_16-9-aspect-ratio_default_0_x1052y235.jpg\" src=\"data:image\/svg+xml,%3Csvg xmlns=\" http:=\"\" viewbox=\"0 0 880 495\" alt=\"Espa\u00f1a solicita a la Comisi\u00f3n Europea el apoyo de Frontex y Europol para el triaje de migrantes en Ceuta\"\/><\/p>\n<p>                        <\/a><\/p>\n<p class=\"article-text\">\n        Respecto a Europol, Espa\u00f1a apuesta por mantener y profundizar la cooperaci\u00f3n ya existente entre las Fuerzas de Seguridad espa\u00f1olas y esta agencia europea, en especial en materia de investigaci\u00f3n de las redes de tr\u00e1fico de migrantes y an\u00e1lisis estrat\u00e9gico.\n    <\/p>\n<p>                                    <script async src=\"https:\/\/platform.twitter.com\/widgets.js\" charset=\"utf-8\"><\/script><\/p>\n","protected":false},"excerpt":{"rendered":"El comisario europeo de Interior y Migraci\u00f3n, Magnus Brunner, asegur\u00f3 este s\u00e1bado que la Uni\u00f3n Europea (UE) ya&hellip;\n","protected":false},"author":2,"featured_media":737104,"comment_status":"","ping_status":"","sticky":false,"template":"","format":"standard","meta":{"footnotes":""},"categories":[5],"tags":[17,18,11500,16480,5282,3854,25,24,13,14,11,2178,3624,590,19,20,16481,911,16482,9,10,15,16,8375,23,12,21,22],"class_list":["post-737103","post","type-post","status-publish","format-standard","has-post-thumbnail","category-titulares","tag-breaking-news","tag-breakingnews","tag-conflicto","tag-cooperacion","tag-derechos-humanos","tag-eldiario-es","tag-es","tag-espana","tag-featured-news","tag-featurednews","tag-headlines","tag-igualdad","tag-infancia","tag-inmigracion","tag-latest-news","tag-latestnews","tag-libertad-de-expresion","tag-memoria","tag-minorias","tag-news","tag-noticias","tag-noticias-destacadas","tag-noticiasdestacadas","tag-pobreza","tag-spain","tag-titulares","tag-ultimas-noticias","tag-ultimasnoticias"],"share_on_mastodon":{"url":"https:\/\/pubeurope.com\/@es\/117179284736369343","error":""},"_links":{"self":[{"href":"https:\/\/www.europesays.com\/es\/wp-json\/wp\/v2\/posts\/737103","targetHints":{"allow":["GET"]}}],"collection":[{"href":"https:\/\/www.europesays.com\/es\/wp-json\/wp\/v2\/posts"}],"about":[{"href":"https:\/\/www.europesays.com\/es\/wp-json\/wp\/v2\/types\/post"}],"author":[{"embeddable":true,"href":"https:\/\/www.europesays.com\/es\/wp-json\/wp\/v2\/users\/2"}],"replies":[{"embeddable":true,"href":"https:\/\/www.europesays.com\/es\/wp-json\/wp\/v2\/comments?post=737103"}],"version-history":[{"count":0,"href":"https:\/\/www.europesays.com\/es\/wp-json\/wp\/v2\/posts\/737103\/revisions"}],"wp:featuredmedia":[{"embeddable":true,"href":"https:\/\/www.europesays.com\/es\/wp-json\/wp\/v2\/media\/737104"}],"wp:attachment":[{"href":"https:\/\/www.europesays.com\/es\/wp-json\/wp\/v2\/media?parent=737103"}],"wp:term":[{"taxonomy":"category","embeddable":true,"href":"https:\/\/www.europesays.com\/es\/wp-json\/wp\/v2\/categories?post=737103"},{"taxonomy":"post_tag","embeddable":true,"href":"https:\/\/www.europesays.com\/es\/wp-json\/wp\/v2\/tags?post=737103"}],"curies":[{"name":"wp","href":"https:\/\/api.w.org\/{rel}","templated":true}]}}