{"id":737115,"date":"2026-08-29T14:44:27","date_gmt":"2026-08-29T14:44:27","guid":{"rendered":"https:\/\/www.europesays.com\/es\/737115\/"},"modified":"2026-08-29T14:44:27","modified_gmt":"2026-08-29T14:44:27","slug":"la-septima-el-nuevo-canal-de-la-tdt-suma-y-sigue-anuncia-un-nuevo-fichaje-y-da-por-cerrada-su-programacion-para-los-fines-de-semana","status":"publish","type":"post","link":"https:\/\/www.europesays.com\/es\/737115\/","title":{"rendered":"La S\u00e9ptima, el nuevo canal de la TDT, suma y sigue, anuncia un nuevo fichaje y da por cerrada su programaci\u00f3n para los fines de semana"},"content":{"rendered":"<p class=\"c-paragraph\"><a href=\"https:\/\/computerhoy.20minutos.es\/entretenimiento\/fernando-diaz-villanueva-periodista-sobre-septima-nuevo-canal-tdt-espana-tarta-va-menos-hay-menos-gente-que-ve-television-ahora-que-hace-10-15-anos_7027280_0.html\" title=\"Fernando D\u00edaz Villanueva, periodista y escritor, sobre La S\u00e9ptima, el nuevo canal de la TDT: &quot;La tarta va a menos. Hay menos gente que ve la televisi\u00f3n ahora que hace 10 o 15 a\u00f1os&quot;\" rel=\"nofollow noopener\" target=\"_blank\">Los responsables de La S\u00e9ptima<\/a>, el canal que est\u00e1 dando tanto de qu\u00e9 hablar y que se estrenar\u00e1 <a href=\"https:\/\/computerhoy.20minutos.es\/entretenimiento\/apagon-dvb-t2-tdt-5-noviembre-estos-son-todos-los-nuevos-canales-que-podras-ver-ultra-alta-definicion-uhd-4k_7029951_0.html\" title=\"Apag\u00f3n DVB-T2 de la TDT del 5 de noviembre: estos son todos los nuevos canales que podr\u00e1s ver en Ultra Alta Definici\u00f3n (UHD) 4K\" rel=\"nofollow noopener\" target=\"_blank\">el pr\u00f3ximo 5 de noviembre,<\/a> acaba de dar por concluida su programaci\u00f3n de fin de semana con <b>un nuevo fichaje muy conocido.<\/b><\/p>\n<p class=\"c-paragraph\">Se trata de Luj\u00e1n Arg\u00fcelles, la conocida presentadora de programas como \u00a1Vaya vacaciones!, La b\u00e1scula o El rival m\u00e1s d\u00e9bil, que se encargar\u00e1 de conducir un formato de actualidad en las ma\u00f1anas de los fines de semana.<\/p>\n<p class=\"c-paragraph\">As\u00ed lo ha avanzado el propio canal <a href=\"https:\/\/x.com\/la_septima_tv\" rel=\"nofollow noreferrer\" target=\"_blank\">en su cuenta oficial de X<\/a>, donde ha publicado un v\u00eddeo en el que aparece la presentadora asturiana abordada por otro periodista que le pregunta c\u00f3mo le ha ido el verano.<\/p>\n<p>Luj\u00e1n Arg\u00fcelles, nuevo fichaje de La S\u00e9ptima<\/p>\n<p class=\"c-paragraph\">\u00abEsto s\u00ed que no os lo esperabais\u00bb, se puede leer en la publicaci\u00f3n que acompa\u00f1a este v\u00eddeo, donde, sin dar demasiada informaci\u00f3n, ya se deja caer que Luj\u00e1n Arg\u00fcelles tendr\u00e1 un papel importante en el nuevo canal de la televisi\u00f3n digital terrestre.\u00a0<\/p>\n<p class=\"c-paragraph\">\u00abTe estoy diciendo que los de La S\u00e9ptima me necesitan los fines de semana\u00bb, asegura, antes de desaparecer del plano, en una publicaci\u00f3n que <a href=\"https:\/\/x.com\/la_septima_tv\/status\/2092946832783495501?ref_src=twsrc%5Etfw%7Ctwcamp%5Etweetembed%7Ctwterm%5E2092946832783495501%7Ctwgr%5E27f4adf8d7ec614fc6678e82279c01f47f81f4cd%7Ctwcon%5Es1_&amp;ref_url=https%3A%2F%2Fwww.eldiario.es%2Fvertele%2Fnoticias%2Fseptima-anuncia-fichaje-lujan-arguelles-presentar-programa-hueco-asignado-parrilla_1_13470453.html\" rel=\"nofollow noreferrer\" target=\"_blank\">ya acumula casi 260.000 reproducciones<\/a> y en el que varios usuarios <b>han mostrado su entusiasmo por esta incorporaci\u00f3n.<\/b><\/p>\n<p class=\"c-paragraph\"><b>\u00abPues tremendo fichaje<\/b>, Luj\u00e1n se merece un program\u00f3n y todo el tiempo en pantalla que sea posible\u00bb, ha asegurado uno de los usuarios, mientras que otro ha dicho que el nuevo canal de la TDT est\u00e1 \u00abhaciendo m\u00e1s por la audiencia que otras cadenas\u00bb.<\/p>\n<p class=\"c-paragraph\">Por el momento, Arg\u00fcelles no ha comentado nada acerca de su incorporaci\u00f3n a la programaci\u00f3n de La S\u00e9ptima, pero s\u00ed se sabe que este ser\u00e1 el \u00faltimo fichaje para el fin de semana y que ocupar\u00e1 las ma\u00f1anas del s\u00e1bado y el domingo, seg\u00fan ha podido saber <a href=\"https:\/\/www.eldiario.es\/vertele\/noticias\/septima-anuncia-fichaje-lujan-arguelles-presentar-programa-hueco-asignado-parrilla_1_13470453.html\" rel=\"nofollow noreferrer noopener\" target=\"_blank\">VerTele.<\/a><\/p>\n<p>Qui\u00e9n es qui\u00e9n en la parrilla de programaci\u00f3n del canal<\/p>\n<p class=\"c-paragraph\">Durante la \u00faltima semana se ha hablado mucho sobre La S\u00e9ptima y las personas que conforman su programaci\u00f3n, siendo <a href=\"https:\/\/computerhoy.20minutos.es\/entretenimiento\/septima-ya-tiene-otro-gran-fichaje-nuevo-canal-tdt-incorpora-javier-ruiz-como-presentador-director-editorial_7017999_0.html\" title=\"La S\u00e9ptima ya tiene otro gran fichaje: el nuevo canal de la TDT incorpora a Javier Ruiz como presentador y director editorial\" rel=\"nofollow noopener\" target=\"_blank\">Javier Ruiz el primer confirmado.<\/a> El periodista de Prisa y Ma\u00f1aneros 360, que se despidi\u00f3 de este programa a comienzos de este mes, ser\u00e1 el director editorial del canal.<\/p>\n<p class=\"c-paragraph\"><a href=\"https:\/\/computerhoy.20minutos.es\/entretenimiento\/septima-nuevo-canal-tdt-anuncia-su-segundo-fichaje-prepara-una-gran-bomba-para-su-programacion_7025668_0.html\" title=\"La S\u00e9ptima, el nuevo canal de la TDT, anuncia su segundo fichaje y prepara una gran bomba para su programaci\u00f3n\" rel=\"nofollow noopener\" target=\"_blank\">El segundo gran fichaje de La S\u00e9ptima<\/a> lleg\u00f3 pocos d\u00edas despu\u00e9s con <b>Roc\u00edo Delgado<\/b>, conocida por su trabajo en la televisi\u00f3n auton\u00f3mica. M\u00e1s concretamente, en Telemadrid, donde estuvo entre 2008 y 2024, tanto en los informativos como en espacios como Juntos\u00a0y Desmontando Madrid.<\/p>\n<p class=\"c-paragraph\">Otras de las personas que tambi\u00e9n formar\u00e1n parte de este nuevo canal son H\u00e9ctor de Miguel, el c\u00f3mico m\u00e1s conocido como Quequ\u00e9, as\u00ed como <a href=\"https:\/\/computerhoy.20minutos.es\/entretenimiento\/septima-nuevo-canal-tdt-suma-sigue-estos-son-todos-sus-fichajes-confirmados-hasta-fecha_7028590_0.html\" title=\"La S\u00e9ptima, el nuevo canal de la TDT, suma y sigue: estos son todos sus fichajes confirmados hasta la fecha\" rel=\"nofollow noopener\" target=\"_blank\">Alba Carrillo y Marta M\u00e1rquez, <\/a>que se encargar\u00e1n de presentar el espacio Fuera de control.<\/p>\n<p>Qu\u00e9 podr\u00e1s ver en La S\u00e9ptima<\/p>\n<p class=\"c-paragraph\"><a href=\"https:\/\/computerhoy.20minutos.es\/entretenimiento\/programacion-septima-detalle-esto-es-que-podras-ver-nuevo-canal-tdt-partir-5-noviembre_7028996_0.html\" title=\"La programaci\u00f3n de La S\u00e9ptima la detalle: esto es lo que podr\u00e1s ver en el nuevo canal de la TDT a partir de 5 de noviembre\" rel=\"nofollow noopener\" target=\"_blank\">Sobre la distribuci\u00f3n final de la programaci\u00f3n<\/a> del nuevo canal de la TDT, se sabe que estar\u00e1 dividida en cuatro grandes bloques del d\u00eda. La actualidad ocupar\u00e1 toda la ma\u00f1ana, mientras que la sobremesa estar\u00e1 dedicada al an\u00e1lisis.\u00a0<\/p>\n<p class=\"c-paragraph\">La tarde, por otra parte, tendr\u00e1 un enfoque m\u00e1s din\u00e1mico, m\u00e1s enfocado al ocio, mientras que <b>el prime time buscar\u00e1 un espacio para el debate <\/b>sobre lo sucedido a lo largo del d\u00eda.\u00a0<\/p>\n<p class=\"c-paragraph\">De esta manera, se espera que una de las tem\u00e1ticas m\u00e1s habituales de este canal sea la actualidad pol\u00edtica, los deportes, el entretenimiento, la sociedad y la cultura. No habr\u00e1, por tanto, <b>nada relacionado con las noticias del coraz\u00f3n.<\/b><\/p>\n<p class=\"c-paragraph\">Lo que no est\u00e1 previsto que haya en este canal ser\u00e1n grandes producciones de ficci\u00f3n, pel\u00edculas, realities o programas de espect\u00e1culos, tal y como <a href=\"https:\/\/computerhoy.20minutos.es\/entretenimiento\/jose-miguel-contreras-fundador-globomedia-sobre-septima-nuevo-canal-tdt-este-tipo-periodismo-actualidad-no-existe-espana_7014435_0.html\" title=\"Jos\u00e9 Miguel Contreras, fundador de Globomedia, sobre La S\u00e9ptima, el nuevo canal de la TDT: &quot;Este tipo de periodismo de actualidad no existe en Espa\u00f1a&quot;\" rel=\"nofollow noopener\" target=\"_blank\">ha confirmado estos \u00faltimos meses su responsable, Jos\u00e9 Miguel Contreras.<\/a><\/p>\n","protected":false},"excerpt":{"rendered":"Los responsables de La S\u00e9ptima, el canal que est\u00e1 dando tanto de qu\u00e9 hablar y que se estrenar\u00e1&hellip;\n","protected":false},"author":2,"featured_media":737116,"comment_status":"","ping_status":"","sticky":false,"template":"","format":"standard","meta":{"footnotes":""},"categories":[171],"tags":[78561,4632,146,147,25,24,524,15327,23,4991,2458,214],"class_list":["post-737115","post","type-post","status-publish","format-standard","has-post-thumbnail","category-tv","tag-api_atenea","tag-canal","tag-entertainment","tag-entretenimiento","tag-es","tag-espana","tag-nuevo","tag-septima","tag-spain","tag-suma","tag-tdt","tag-tv"],"share_on_mastodon":{"url":"https:\/\/pubeurope.com\/@es\/117179335637353658","error":""},"_links":{"self":[{"href":"https:\/\/www.europesays.com\/es\/wp-json\/wp\/v2\/posts\/737115","targetHints":{"allow":["GET"]}}],"collection":[{"href":"https:\/\/www.europesays.com\/es\/wp-json\/wp\/v2\/posts"}],"about":[{"href":"https:\/\/www.europesays.com\/es\/wp-json\/wp\/v2\/types\/post"}],"author":[{"embeddable":true,"href":"https:\/\/www.europesays.com\/es\/wp-json\/wp\/v2\/users\/2"}],"replies":[{"embeddable":true,"href":"https:\/\/www.europesays.com\/es\/wp-json\/wp\/v2\/comments?post=737115"}],"version-history":[{"count":0,"href":"https:\/\/www.europesays.com\/es\/wp-json\/wp\/v2\/posts\/737115\/revisions"}],"wp:featuredmedia":[{"embeddable":true,"href":"https:\/\/www.europesays.com\/es\/wp-json\/wp\/v2\/media\/737116"}],"wp:attachment":[{"href":"https:\/\/www.europesays.com\/es\/wp-json\/wp\/v2\/media?parent=737115"}],"wp:term":[{"taxonomy":"category","embeddable":true,"href":"https:\/\/www.europesays.com\/es\/wp-json\/wp\/v2\/categories?post=737115"},{"taxonomy":"post_tag","embeddable":true,"href":"https:\/\/www.europesays.com\/es\/wp-json\/wp\/v2\/tags?post=737115"}],"curies":[{"name":"wp","href":"https:\/\/api.w.org\/{rel}","templated":true}]}}