{"id":737155,"date":"2026-08-29T15:18:17","date_gmt":"2026-08-29T15:18:17","guid":{"rendered":"https:\/\/www.europesays.com\/es\/737155\/"},"modified":"2026-08-29T15:18:17","modified_gmt":"2026-08-29T15:18:17","slug":"joseba-barrenengoa-ceo-y-propietario-de-casi-20-gasolineras-a-partir-del-1-de-septiembre-el-diesel-sera-8-centimos-mas-barato-que-la-gasolina","status":"publish","type":"post","link":"https:\/\/www.europesays.com\/es\/737155\/","title":{"rendered":"Joseba Barrenengoa, CEO y propietario de casi 20 gasolineras: \u00abA partir del 1 de septiembre, el di\u00e9sel ser\u00e1 8 c\u00e9ntimos m\u00e1s barato que la gasolina\u00bb"},"content":{"rendered":"<p>El mes de septiembre traer\u00e1 un <b>cambio importante para los conductores espa\u00f1oles a la hora de repostar<\/b>. La rebaja fiscal aplicada a los carburantes variar\u00e1 a partir del pr\u00f3ximo martes y <b>no afectar\u00e1 de la misma manera <\/b><a title=\"a la gasolina y al gas\u00f3leo\" href=\"https:\/\/www.larazon.es\/economia\/juan-divulgador-especializado-finanzas-inversiones-precio-combustible-nunca-habia-habido-tanta-diferencia-precio-petroleo-diesel-b50m_202608276a902298d16f763504a0fae6.html\" target=\"_blank\" rel=\"nofollow noopener\"><b>a la gasolina y al gas\u00f3leo<\/b><\/a>.<\/p>\n<p>Joseba Barrenengoa, CEO de la cadena de gasolineras EasyGas, que cuenta con 19 estaciones en Espa\u00f1a, ha explicado<b> c\u00f3mo quedar\u00e1 la fiscalidad de los carburantes a partir del 1 de septiembre<\/b>.<\/p>\n<p>Su explicaci\u00f3n no es una reflexi\u00f3n cualquiera, ya que est\u00e1 fundamentada en el <b>mecanismo establecido en el Real Decreto<\/b>, que contempla diferentes niveles de rebaja en funci\u00f3n de la evoluci\u00f3n interanual de los precios.<\/p>\n<p><img decoding=\"async\" loading=\"lazy\" src=\"https:\/\/www.europesays.com\/es\/wp-content\/uploads\/2026\/08\/1788016697_958_58.jpg\" alt=\"El IPC se dispara al 4,3% en agosto, su tasa m\u00e1s alta en m\u00e1s de tres a\u00f1os, por las gasolinas\" width=\"1920\" height=\"1280\"\/><b>El IPC se dispara al 4,3% en agosto, su tasa m\u00e1s alta en m\u00e1s de tres a\u00f1os, por las gasolinas<\/b> Europa Press<\/p>\n<p>Seg\u00fan Barrenengoa, la gasolina pasar\u00e1 de contar con una rebaja de 10 c\u00e9ntimos por litro a una de 5 c\u00e9ntimos. <b>\u00abLa gasolina, por no haber superado el interanual del 15%, resulta que se va a quedar con una rebaja fiscal de tan solo 5 c\u00e9ntimos en el impuesto especial de hidrocarburos\u00bb<\/b>, explica.<\/p>\n<p>De acuerdo con sus c\u00e1lculos, esto supondr\u00e1 que <b>repostar gasolina ser\u00e1 aproximadamente seis c\u00e9ntimos por litro m\u00e1s caro que el 31 de agosto<\/b>, al reducirse a la mitad el descuento fiscal.<\/p>\n<p>El cambio ser\u00e1 muy distinto para los conductores de di\u00e9sel<\/p>\n<p>La situaci\u00f3n ser\u00e1 diferente para quienes utilicen gas\u00f3leo. La fuerte evoluci\u00f3n del precio de este carburante durante las \u00faltimas semanas ha provocado que <a title=\"la rebaja fiscal prevista para septiembre\" href=\"https:\/\/www.larazon.es\/economia\/carburantes-ponen-cuerdas-transportistas-quedan-solo-5-centimos-ayuda-gasoleo-septiembre-pese-escalada-precios_202608286a91560f2bcaf82098f2b0e1.html\" target=\"_blank\" rel=\"nofollow noopener\"><b>la rebaja fiscal prevista para septiembre<\/b><\/a><b> aumente hasta los 20 c\u00e9ntimos por litro<\/b>. Barrenengoa destaca precisamente esta diferencia entre ambos combustibles.<\/p>\n<p><b>\u00abLos que ten\u00e9is gas\u00f3leo pas\u00e1is de tener 10 de descuento a 20\u00bb<\/b>, se\u00f1ala el empresario. Seg\u00fan su explicaci\u00f3n, esto har\u00e1 que<b> el precio del di\u00e9sel sea unos 12 c\u00e9ntimos por litro inferior al del 31 de agosto<\/b>, mientras que la gasolina experimentar\u00e1 el movimiento contrario. Barrenengoa calcula que, desde el 1 de septiembre, <b>el gas\u00f3leo quedar\u00e1 unos ocho c\u00e9ntimos por debajo de la gasolina<\/b>.<\/p>\n<p>El precio de los carburantes encadena ocho semanas al alza<\/p>\n<p><a title=\"El cambio llegar\u00e1 adem\u00e1s en un momento especialmente delicado para los conductores\" href=\"https:\/\/www.larazon.es\/economia\/precios-aceleran-subida-agosto-43-impulsados-carburantes_202608286a9131fbd16f763504a2faed.html\" target=\"_blank\" rel=\"nofollow noopener\"><b>El cambio llegar\u00e1 adem\u00e1s en un momento especialmente delicado para los conductores<\/b><\/a>. El precio medio de la gasolina se situ\u00f3 en<b> 1,723 euros por litro <\/b>en la \u00faltima semana analizada, mientras que el di\u00e9sel alcanz\u00f3 los <b>1,861 euros<\/b>, despu\u00e9s de encadenar ambos carburantes <a title=\"ocho semanas consecutivas de subidas\" href=\"https:\/\/www.larazon.es\/economia\/carburantes-recrudecen-operacion-retorno-cuesta-septiembre-encadenan-ocho-semanas-alza-rozan-maximos-anuales_202608276a9005bc2bcaf82098f015e8.html\" target=\"_blank\" rel=\"nofollow noopener\"><b>ocho semanas consecutivas de subidas<\/b><\/a>. En el caso de la gasolina, el importe alcanz\u00f3 su nivel m\u00e1s elevado desde marzo y el gas\u00f3leo marc\u00f3 su precio m\u00e1s alto desde mediados de abril.<\/p>\n<p>La diferencia en la fiscalidad responde precisamente a la <b>evoluci\u00f3n registrada por cada carburante<\/b>. El di\u00e9sel super\u00f3 en julio el umbral interanual del 15%, al alcanzar una variaci\u00f3n del <b>15,7%<\/b>, lo que activ\u00f3 la cl\u00e1usula prevista en el plan de medidas. La gasolina, en cambio, registr\u00f3 una subida interanual del <b>7,3%<\/b> y permaneci\u00f3 por debajo de ese l\u00edmite, por lo que mantiene el calendario ordinario de reducci\u00f3n de la ayuda.<\/p>\n<p>Adem\u00e1s, este nuevo escenario se producir\u00e1 despu\u00e9s de que <b>el IVA de los carburantes regresara al 21% el pasado 1 de julio<\/b>, tras varios meses en el 10%.<\/p>\n","protected":false},"excerpt":{"rendered":"El mes de septiembre traer\u00e1 un cambio importante para los conductores espa\u00f1oles a la hora de repostar. La&hellip;\n","protected":false},"author":2,"featured_media":737156,"comment_status":"","ping_status":"","sticky":false,"template":"","format":"standard","meta":{"footnotes":""},"categories":[80],"tags":[114673,82,11038,95,94,117386,25,24,11037,114762,8038,23],"class_list":["post-737155","post","type-post","status-publish","format-standard","has-post-thumbnail","category-economia","tag-b50m","tag-business","tag-diesel","tag-economia","tag-economy","tag-el-precio-de-los-carburantes","tag-es","tag-espana","tag-gasolina","tag-hablan-los-expertos","tag-precios","tag-spain"],"share_on_mastodon":{"url":"https:\/\/pubeurope.com\/@es\/117179469269594685","error":""},"_links":{"self":[{"href":"https:\/\/www.europesays.com\/es\/wp-json\/wp\/v2\/posts\/737155","targetHints":{"allow":["GET"]}}],"collection":[{"href":"https:\/\/www.europesays.com\/es\/wp-json\/wp\/v2\/posts"}],"about":[{"href":"https:\/\/www.europesays.com\/es\/wp-json\/wp\/v2\/types\/post"}],"author":[{"embeddable":true,"href":"https:\/\/www.europesays.com\/es\/wp-json\/wp\/v2\/users\/2"}],"replies":[{"embeddable":true,"href":"https:\/\/www.europesays.com\/es\/wp-json\/wp\/v2\/comments?post=737155"}],"version-history":[{"count":0,"href":"https:\/\/www.europesays.com\/es\/wp-json\/wp\/v2\/posts\/737155\/revisions"}],"wp:featuredmedia":[{"embeddable":true,"href":"https:\/\/www.europesays.com\/es\/wp-json\/wp\/v2\/media\/737156"}],"wp:attachment":[{"href":"https:\/\/www.europesays.com\/es\/wp-json\/wp\/v2\/media?parent=737155"}],"wp:term":[{"taxonomy":"category","embeddable":true,"href":"https:\/\/www.europesays.com\/es\/wp-json\/wp\/v2\/categories?post=737155"},{"taxonomy":"post_tag","embeddable":true,"href":"https:\/\/www.europesays.com\/es\/wp-json\/wp\/v2\/tags?post=737155"}],"curies":[{"name":"wp","href":"https:\/\/api.w.org\/{rel}","templated":true}]}}