{"id":737161,"date":"2026-08-29T15:21:36","date_gmt":"2026-08-29T15:21:36","guid":{"rendered":"https:\/\/www.europesays.com\/es\/737161\/"},"modified":"2026-08-29T15:21:36","modified_gmt":"2026-08-29T15:21:36","slug":"asi-queda-el-calendario-de-la-champions-league-2026-27-fechas-y-horarios-de-todos-los-partidos-de-la-fase-liga-y-rivales-de-barcelona-real-madrid-y-atletico","status":"publish","type":"post","link":"https:\/\/www.europesays.com\/es\/737161\/","title":{"rendered":"As\u00ed queda el calendario de la Champions League 2026\/27: fechas y horarios de todos los partidos de la fase liga y rivales de Barcelona, Real Madrid y Atl\u00e9tico"},"content":{"rendered":"<p class=\"ft-text\"><strong>La Champions League ya lo tiene todo a punto para su esperado pistoletazo de salida<\/strong>. La confirmaci\u00f3n de las fechas y los horarios de las ocho jornadas que componen la fase liga suponen el \u00faltimo fleco por cerrar antes de que los 36 participantes inicien su camino hacia la conquista de la anhelada &#8216;Orejona&#8217;.<\/p>\n<p class=\"ft-text\">Tal como viene sucediendo en las dos \u00faltimas ediciones, <strong>la fase liga cuenta con un sistema \u00fanico de clasificaci\u00f3n, dejando atr\u00e1s la tradicional fase de grupos<\/strong>. Los <strong>ocho primeros clasificados<\/strong> acceder\u00e1n directamente a los <strong>octavos de final,<\/strong> mientras que los equipos comprendidos entre la <strong>9\u00aa y la 24\u00aa posici\u00f3n<\/strong> deber\u00e1n disputar un &#8216;<strong>playoff<\/strong>&#8216; para completar las ocho plazas restantes.<\/p>\n<p class=\"ft-text\">La presente edici\u00f3n de la Champions League <strong>abrir\u00e1 el tel\u00f3n el pr\u00f3ximo martes 8 de septiembre con la disputa de los partidos entre AEK Atenas contra el LASK y el del Brujas contra el Aston Villa <\/strong>y se extender\u00e1 hasta el pr\u00f3ximo 27 de enero, momento en el que se disputar\u00e1n los 18 partidos que componen la octava jornada de manera simult\u00e1nea. En SPORT, repasamos las fechas y los horarios de todos los partidos de la fase liga.<\/p>\n<p><img decoding=\"async\" src=\"https:\/\/www.europesays.com\/es\/wp-content\/uploads\/2026\/08\/ce9c0030-1b16-42a6-a3fe-83967bec4dd9_alta-libre-aspect-ratio_default_0_x600y225.jpg\" width=\"1200\" height=\"675\" alt=\"El PSG afronta el sorteo de la Champions League 2026\/27 como vigente campe\u00f3n\" class=\"ft-helper-img-rd\" loading=\"lazy\" fetchpriority=\"auto\"\/><\/p>\n<p class=\"ft-helper-fontColor-quaternary ft-helper-fontSize-body-S ft-helper-spacer-t-xxs\">El PSG afronta la Champions League 2026\/27 como vigente campe\u00f3n  \/ Europa Press<\/p>\n<p>El calendario de la fase liga de la Champions League<\/p>\n<p class=\"ft-text\">El caprichoso sorteo ha deparado muchos enfrentamientos de nivel, <a class=\"ft-link ft-link--decoration\" href=\"https:\/\/www.sport.es\/es\/noticias\/champions\/partidos-puedes-perder-fase-liga-133712184\" rel=\"nofollow noopener\" target=\"_blank\"><strong>destacando el tri\u00e1ngulo entre Bar\u00e7a, PSG y Manchester City que apunta a influir enormemente en la carrera por las primeras ocho posiciones<\/strong><\/a>. M\u00e1s all\u00e1 de este triple enfrentamiento, pues todos los enfrentamientos entre miembros del bombo 1 prometen emociones fuertes.<\/p>\n<p><img decoding=\"async\" src=\"https:\/\/www.europesays.com\/es\/wp-content\/uploads\/2026\/08\/e93c0ad8-7bf5-4972-a23c-6e3656152d42_alta-libre-aspect-ratio_default_0.jpg\" width=\"1200\" height=\"675\" alt=\"Lamine y Nuno Mendes, en acci\u00f3n durante el Bar\u00e7a-PSG de Champions\" class=\"ft-helper-img-rd\" loading=\"lazy\" fetchpriority=\"auto\"\/><\/p>\n<p class=\"ft-helper-fontColor-quaternary ft-helper-fontSize-body-S ft-helper-spacer-t-xxs\">Lamine y Nuno Mendes, en acci\u00f3n durante el Bar\u00e7a-PSG de Champions  \/ Associated Press\/LaPresse<\/p>\n<p>\u00bfD\u00f3nde ver por TV y online la Champions League 2026\/27?<\/p>\n<p class=\"ft-text\">Los partidos de la <strong>Champions League 2026\/27 se podr\u00e1n ver en TV y online a trav\u00e9s de los canales Movistar Liga de Campeones de Movistar Plus<\/strong>, que posee los derechos de la competici\u00f3n en Espa\u00f1a.<\/p>\n<p class=\"ft-text\">Desde SPORT, <strong>te ofreceremos en directo todos los partidos de la Champions League 2026\/27<\/strong> a trav\u00e9s de nuestras narraciones, as\u00ed como las cr\u00f3nicas de los mismos y las declaraciones de los protagonistas.<\/p>\n","protected":false},"excerpt":{"rendered":"La Champions League ya lo tiene todo a punto para su esperado pistoletazo de salida. La confirmaci\u00f3n de&hellip;\n","protected":false},"author":2,"featured_media":737162,"comment_status":"","ping_status":"","sticky":false,"template":"","format":"standard","meta":{"footnotes":""},"categories":[5],"tags":[17,18,6783,11681,25,24,4521,13,14,4400,11,4074,19,20,1211,1044,9,10,15,16,6758,23,12,21,22],"class_list":["post-737161","post","type-post","status-publish","format-standard","has-post-thumbnail","category-titulares","tag-breaking-news","tag-breakingnews","tag-calendario","tag-champions","tag-es","tag-espana","tag-fase","tag-featured-news","tag-featurednews","tag-fechas","tag-headlines","tag-horarios","tag-latest-news","tag-latestnews","tag-league","tag-liga","tag-news","tag-noticias","tag-noticias-destacadas","tag-noticiasdestacadas","tag-partidos","tag-spain","tag-titulares","tag-ultimas-noticias","tag-ultimasnoticias"],"share_on_mastodon":{"url":"https:\/\/pubeurope.com\/@es\/117179481987306631","error":""},"_links":{"self":[{"href":"https:\/\/www.europesays.com\/es\/wp-json\/wp\/v2\/posts\/737161","targetHints":{"allow":["GET"]}}],"collection":[{"href":"https:\/\/www.europesays.com\/es\/wp-json\/wp\/v2\/posts"}],"about":[{"href":"https:\/\/www.europesays.com\/es\/wp-json\/wp\/v2\/types\/post"}],"author":[{"embeddable":true,"href":"https:\/\/www.europesays.com\/es\/wp-json\/wp\/v2\/users\/2"}],"replies":[{"embeddable":true,"href":"https:\/\/www.europesays.com\/es\/wp-json\/wp\/v2\/comments?post=737161"}],"version-history":[{"count":0,"href":"https:\/\/www.europesays.com\/es\/wp-json\/wp\/v2\/posts\/737161\/revisions"}],"wp:featuredmedia":[{"embeddable":true,"href":"https:\/\/www.europesays.com\/es\/wp-json\/wp\/v2\/media\/737162"}],"wp:attachment":[{"href":"https:\/\/www.europesays.com\/es\/wp-json\/wp\/v2\/media?parent=737161"}],"wp:term":[{"taxonomy":"category","embeddable":true,"href":"https:\/\/www.europesays.com\/es\/wp-json\/wp\/v2\/categories?post=737161"},{"taxonomy":"post_tag","embeddable":true,"href":"https:\/\/www.europesays.com\/es\/wp-json\/wp\/v2\/tags?post=737161"}],"curies":[{"name":"wp","href":"https:\/\/api.w.org\/{rel}","templated":true}]}}