{"id":737169,"date":"2026-08-29T15:30:18","date_gmt":"2026-08-29T15:30:18","guid":{"rendered":"https:\/\/www.europesays.com\/es\/737169\/"},"modified":"2026-08-29T15:30:18","modified_gmt":"2026-08-29T15:30:18","slug":"el-futuro-de-casado-se-decidira-sobre-la-bocina","status":"publish","type":"post","link":"https:\/\/www.europesays.com\/es\/737169\/","title":{"rendered":"El futuro de Casad\u00f3 se decidir\u00e1 sobre la bocina"},"content":{"rendered":"<p class=\"ft-text\">Uno de los temas clave del Bar\u00e7a en estos \u00faltimos d\u00edas de mercado es <strong>la salida de Marc Casad\u00f3<\/strong>. El centrocampista sabe desde hace meses cu\u00e1l es su situaci\u00f3n y, junto a su agente Jorge Mendes, lleva tiempo estudiando las diferentes posibilidades para continuar su carrera lejos del conjunto azulgrana.<\/p>\n<p class=\"ft-text\">Tal y como ha ido contando SPORT, <strong>son muchos los equipos que han contactado con el entorno de Casad\u00f3 para conocer las condiciones de una posible operaci\u00f3n<\/strong>. El futbolista preferir\u00eda continuar en el Bar\u00e7a, pero el \u2018overbooking\u2019 existente en el centro del campo ha complicado mucho sus opciones de tener los minutos que desea.<\/p>\n<p class=\"ft-text\">Mercado no le falta. <strong>Casad\u00f3 es uno de los futbolistas m\u00e1s atractivos que tiene el Bar\u00e7a en el cap\u00edtulo de salidas<\/strong>. El club lo tasa alrededor de los 40 millones de euros, aunque podr\u00eda aceptar una cantidad algo inferior, y <strong>su juventud y rendimiento han provocado que diferentes equipos est\u00e9n pendientes de su situaci\u00f3n<\/strong>.<\/p>\n<p class=\"ft-text\">Durante las \u00faltimas semanas, la opci\u00f3n de Arabia Saud\u00ed ha tenido momentos en los que parec\u00eda ganar mucha fuerza y otros en los que se enfri\u00f3. Sigue sin estar descartada, pero tampoco es la \u00fanica. <strong>Inglaterra, Turqu\u00eda y Arabia son algunos de los mercados que m\u00e1s han apretado por Casad\u00f3<\/strong>, mientras el jugador contin\u00faa analizando qu\u00e9 proyecto le convence m\u00e1s.<\/p>\n<p><img decoding=\"async\" src=\"https:\/\/www.europesays.com\/es\/wp-content\/uploads\/2026\/08\/62f06c0a-115e-4686-9c87-91f1fe0b1f0f_alta-libre-aspect-ratio_default_0_x1000y444.jpg\" width=\"1200\" height=\"800\" alt=\"Casad\u00f3 est\u00e1 en la rampa de salida\" class=\"ft-helper-img-rd\" loading=\"lazy\" fetchpriority=\"auto\"\/><\/p>\n<p class=\"ft-helper-fontColor-quaternary ft-helper-fontSize-body-S ft-helper-spacer-t-xxs\">Casad\u00f3 est\u00e1 en la rampa de salida  \/ Dani Barbeito \/ SPO<\/p>\n<p>Siguen llegando ofertas de \u00faltima hora<\/p>\n<p class=\"ft-text\">El Bar\u00e7a esperaba que su futuro pudiera resolverse antes. As\u00ed se lo traslad\u00f3 tambi\u00e9n a Jorge Mendes, que ha mantenido un contacto constante con la direcci\u00f3n deportiva durante este mercado. Sin embargo, <strong>Casad\u00f3 y su agente consideran que merece la pena esperar unos d\u00edas m\u00e1s antes de tomar la decisi\u00f3n definitiva<\/strong>.<\/p>\n<p class=\"ft-text\">En los \u00faltimos d\u00edas de mercado suelen aparecer oportunidades provocadas por movimientos inesperados o necesidades de \u00faltima hora de algunos clubes. <strong>Casad\u00f3 tiene ofertas encima de la mesa, pero quiere conocer todas sus opciones antes de escoger<\/strong>.<\/p>\n<p class=\"ft-text\">Por ello, todo apunta a que <strong>su salida se resolver\u00e1 pr\u00e1cticamente sobre la bocina<\/strong>. Entre el domingo y el lunes deber\u00eda tomar una decisi\u00f3n definitiva. El Bar\u00e7a ha pedido a Mendes estar informado de los movimientos, pero entiende que la elecci\u00f3n final corresponde al jugador.<\/p>\n<p class=\"ft-text\">Por ello, Casad\u00f3 se ha ganado el derecho a decidir hasta el \u00faltimo momento. <strong>El futbolista de Sant Pere de Vilamajor se ha metido en el bolsillo a la afici\u00f3n con sus constantes muestras de barcelonismo<\/strong>, desde acudir a Canaletes para celebrar los t\u00edtulos como un aficionado m\u00e1s hasta demostrar siempre un amor incondicional por el escudo. Ahora debe elegir su pr\u00f3ximo destino, aunque <strong>su sentimiento por el Bar\u00e7a est\u00e1 fuera de cualquier duda<\/strong>.<\/p>\n","protected":false},"excerpt":{"rendered":"Uno de los temas clave del Bar\u00e7a en estos \u00faltimos d\u00edas de mercado es la salida de Marc&hellip;\n","protected":false},"author":2,"featured_media":737170,"comment_status":"","ping_status":"","sticky":false,"template":"","format":"standard","meta":{"footnotes":""},"categories":[268],"tags":[32427,12691,10598,168,25,24,280,282,2848,281,23,167],"class_list":["post-737169","post","type-post","status-publish","format-standard","has-post-thumbnail","category-futbol","tag-bocina","tag-casado","tag-decidira","tag-deportes","tag-es","tag-espana","tag-football","tag-futbol","tag-futuro","tag-soccer","tag-spain","tag-sports"],"share_on_mastodon":{"url":"https:\/\/pubeurope.com\/@es\/117179516573026163","error":""},"_links":{"self":[{"href":"https:\/\/www.europesays.com\/es\/wp-json\/wp\/v2\/posts\/737169","targetHints":{"allow":["GET"]}}],"collection":[{"href":"https:\/\/www.europesays.com\/es\/wp-json\/wp\/v2\/posts"}],"about":[{"href":"https:\/\/www.europesays.com\/es\/wp-json\/wp\/v2\/types\/post"}],"author":[{"embeddable":true,"href":"https:\/\/www.europesays.com\/es\/wp-json\/wp\/v2\/users\/2"}],"replies":[{"embeddable":true,"href":"https:\/\/www.europesays.com\/es\/wp-json\/wp\/v2\/comments?post=737169"}],"version-history":[{"count":0,"href":"https:\/\/www.europesays.com\/es\/wp-json\/wp\/v2\/posts\/737169\/revisions"}],"wp:featuredmedia":[{"embeddable":true,"href":"https:\/\/www.europesays.com\/es\/wp-json\/wp\/v2\/media\/737170"}],"wp:attachment":[{"href":"https:\/\/www.europesays.com\/es\/wp-json\/wp\/v2\/media?parent=737169"}],"wp:term":[{"taxonomy":"category","embeddable":true,"href":"https:\/\/www.europesays.com\/es\/wp-json\/wp\/v2\/categories?post=737169"},{"taxonomy":"post_tag","embeddable":true,"href":"https:\/\/www.europesays.com\/es\/wp-json\/wp\/v2\/tags?post=737169"}],"curies":[{"name":"wp","href":"https:\/\/api.w.org\/{rel}","templated":true}]}}