{"id":737185,"date":"2026-08-29T15:41:13","date_gmt":"2026-08-29T15:41:13","guid":{"rendered":"https:\/\/www.europesays.com\/es\/737185\/"},"modified":"2026-08-29T15:41:13","modified_gmt":"2026-08-29T15:41:13","slug":"tim-cook-se-despide-de-la-direccion-de-apple-tras-convertirla-en-un-gigante-de-cuatro-billones-la-voz-de-galicia","status":"publish","type":"post","link":"https:\/\/www.europesays.com\/es\/737185\/","title":{"rendered":"Tim Cook se despide de la direcci\u00f3n de Apple tras convertirla en un gigante de cuatro billones &#8211; La Voz de Galicia"},"content":{"rendered":"<ol>\n<li><a href=\"https:\/\/news.google.com\/rss\/articles\/CBMi8AFBVV95cUxNM3N6aDFydzl5UHJOTXByWHV4cGVSZXBfNjdSYjFlWnkyUGNhcUdNdV83cXRPOEFrNzJyR2wyeWVTS2VnVklSX3JOTFdEYkJoeGZZRDlMbmR2Ry14RnFwMktQUTJVby1FRTFEa3BKZFAwQy1TTWVIUXcyQWdWTmQxZThERHFXWHl6UVNxdlF6RWpVeEREVDRVVHdPZGtBTGRlT0xfcmpuN2tXNHBGdFNneWkyeHk5Zkg4NV9XWWIzWl9BaksyR1l6SmUxelA2YnJxOGFuUmd1N3VEeWo4Uk9CeXJkOTIwLU9HRVQ5SER1ajfSAYwCQVVfeXFMTnBYSDR4NlJlbC1oSkN4d01rTTFIZzQ0VENZdGZEeUN1ZnQ0Qy1XV2xIUlltQUgzaUZVNXNIVmQ3Nm1CeXIzb2FIZktfMElUcDg2Y0FfOHhaaGlFZWVzODFlcm10ZnN1NzNJVTYtbkJIRGNXaVMyUXY3dnlrWmhiSHZDclhzYzVPcnVJZnZQSUgzVkxERTZwOTNOWWJXWlUtRE92dGpSeEFadnVpUmtiNWdVM2NZMlAwZ0psWTNBaTJCdjBEdWwyUHRPMjJFODJveTlJM296U2I3YTQxc2t3UUphMEYtVFVTMkZtVjV0TlFWaUk2RFdaUXRFMGlFSDJFVXlHTFBjV0RqcFRsQg?oc=5\" target=\"_blank\" rel=\"nofollow noopener\">Tim Cook se despide de la direcci\u00f3n de Apple tras convertirla en un gigante de cuatro billones<\/a>&nbsp;&nbsp;La Voz de Galicia<\/li>\n<li><a href=\"https:\/\/news.google.com\/rss\/articles\/CBMiiAFBVV95cUxPWVM5NlZYbDZGaXhxVkJjcTdEN1JkNHVsTl9HLVZQMUMzUXVlRlhJWkduUmpqSWJSc2Y2elY5QXQxa1Y4d1Z3QlBrS3VoQ0RSSlFXZ3ZvbnpFbXc5X2JWZWxYLUJzaXMybmEwd1BlaVpDdHJMeXdYbVF2OXF6VFJNYzV2d2xjaFZk0gGIAUFVX3lxTE0xeURtSEE2OWVrNkVvVE4wNWFqa0xYTWRfY0FaaW00NlRtWEtzR19RVkxxYkZuUWRxMUd4a2drZVpvQVBPdG1uQmR2QUVHOFRudkNSTFRBR05RY3dVeDZuMzR3YmNsMnk5U0Q2ZzY1eWVyeHZ2VkxTN2stdHBQYl9pUEZnZkhqemM?oc=5\" target=\"_blank\" rel=\"nofollow noopener\">Apple cierra la era Cook, el sucesor de Jobs que multiplic\u00f3 por 13 el valor de la compa\u00f1\u00eda<\/a>&nbsp;&nbsp;El Mundo<\/li>\n<li><a href=\"https:\/\/news.google.com\/rss\/articles\/CBMiiwFBVV95cUxQVjBvSG9aTlk5X292UEFvRFEwejRrYmlhTFZNbzdweWRXdWpVNU95MGVNTGk1eHRWdVZTR3RhN0Y2TWctdjRoaXVxb0N6TGNsc01FYTNBV0tLWnFzTzlaNXJFblhoUXRmTDExTUN2WERhTTFUTWdiT0ExNDNvalNVZzkxWVYzWm5Ramhv?oc=5\" target=\"_blank\" rel=\"nofollow noopener\">Tim Cook, la mente que convirti\u00f3 en oro la magia de Apple<\/a>&nbsp;&nbsp;Expansi\u00f3n<\/li>\n<li><a href=\"https:\/\/news.google.com\/rss\/articles\/CBMizAFBVV95cUxNT0doWUMwc3NGR1F1RTdoR2ROcS1hU2d2dXBrT0dkVXN1cVhOOTZFSkRQOGtlSkdHS09MZ1RFRTZ0ODBnZ3JCWS1SQk5yUDVYN2N3Y3laUDJqOHp5b3ZsVXdBb1lnS25Qa0xyWmktTkdkbG9MRUp0TjVXYjlQVHhKVzhPYzFRb3JTRkJNay1aTF9GcWdHM2RGX0NsRGVjSDRHMFh5MnlGMzlibUlRQXdvVG9peEV2NmNuZ2VSaVBobEl2M3BGb3pBTUZUdno?oc=5\" target=\"_blank\" rel=\"nofollow noopener\">Ternus asume el mando de Apple con el reto de accelarar la IA y la guerra arancelaria<\/a>&nbsp;&nbsp;Valencia Plaza<\/li>\n<li><a href=\"https:\/\/news.google.com\/rss\/articles\/CBMiogFBVV95cUxPb1hOc2t1cWJ1ZkZmM0djekpnOU9OUUVOcHVGLUhENmowa1NlVUl4ZW5NTnZnMUFmbVBfSEtVR1duamZvcndKNUxSOXUxVzM5bDJzVDJvaFpqS1JvX2lLVG5CR09mOGpLa1pMd19ma0NHRHdVdzlkSnJLM25SWGlOdWkzRjdadVVEWkp0SFNqdWZxSGgtYnFsSnNsdDlJTVF6bVHSAaIBQVVfeXFMT2tHMUNsbUYyVzZ5MHhnQVFlaHJTN2pxb01kck9xX19YNEM1bjhfeTByRmJJVW5SUngzVW51RHZ4c3owZzFaelBGM3FVVEpyc2dBU2RvQ0dydkotY1JkQ0NYRHc2Qm9SNGMtSDB1TmFaTDE1dmZMWlJZcWhMM1dOVEFQU1ZqdGwwY3BDTVJaWEpVQmZQRG5qbmVLS3BuNFV2WC13?oc=5\" target=\"_blank\" rel=\"nofollow noopener\">De los Mac de silicio a la c\u00faspide de Apple: los retos de John Ternus como sucesor de Tim Cook<\/a>&nbsp;&nbsp;El Peri\u00f3dico<\/li>\n<\/ol>\n","protected":false},"excerpt":{"rendered":"Tim Cook se despide de la direcci\u00f3n de Apple tras convertirla en un gigante de cuatro billones&nbsp;&nbsp;La Voz&hellip;\n","protected":false},"author":2,"featured_media":737186,"comment_status":"","ping_status":"","sticky":false,"template":"","format":"standard","meta":{"footnotes":""},"categories":[80],"tags":[2823,82,95,94,25,24,23],"class_list":["post-737185","post","type-post","status-publish","format-standard","has-post-thumbnail","category-economia","tag-apple","tag-business","tag-economia","tag-economy","tag-es","tag-espana","tag-spain"],"share_on_mastodon":{"url":"https:\/\/pubeurope.com\/@es\/117179560192669384","error":""},"_links":{"self":[{"href":"https:\/\/www.europesays.com\/es\/wp-json\/wp\/v2\/posts\/737185","targetHints":{"allow":["GET"]}}],"collection":[{"href":"https:\/\/www.europesays.com\/es\/wp-json\/wp\/v2\/posts"}],"about":[{"href":"https:\/\/www.europesays.com\/es\/wp-json\/wp\/v2\/types\/post"}],"author":[{"embeddable":true,"href":"https:\/\/www.europesays.com\/es\/wp-json\/wp\/v2\/users\/2"}],"replies":[{"embeddable":true,"href":"https:\/\/www.europesays.com\/es\/wp-json\/wp\/v2\/comments?post=737185"}],"version-history":[{"count":0,"href":"https:\/\/www.europesays.com\/es\/wp-json\/wp\/v2\/posts\/737185\/revisions"}],"wp:featuredmedia":[{"embeddable":true,"href":"https:\/\/www.europesays.com\/es\/wp-json\/wp\/v2\/media\/737186"}],"wp:attachment":[{"href":"https:\/\/www.europesays.com\/es\/wp-json\/wp\/v2\/media?parent=737185"}],"wp:term":[{"taxonomy":"category","embeddable":true,"href":"https:\/\/www.europesays.com\/es\/wp-json\/wp\/v2\/categories?post=737185"},{"taxonomy":"post_tag","embeddable":true,"href":"https:\/\/www.europesays.com\/es\/wp-json\/wp\/v2\/tags?post=737185"}],"curies":[{"name":"wp","href":"https:\/\/api.w.org\/{rel}","templated":true}]}}