{"id":737211,"date":"2026-08-29T16:03:12","date_gmt":"2026-08-29T16:03:12","guid":{"rendered":"https:\/\/www.europesays.com\/es\/737211\/"},"modified":"2026-08-29T16:03:12","modified_gmt":"2026-08-29T16:03:12","slug":"todo-listo-para-el-lanzamiento-del-telescopio-roman-capaz-de-observar-2-000-galaxias-la-voz-de-galicia","status":"publish","type":"post","link":"https:\/\/www.europesays.com\/es\/737211\/","title":{"rendered":"Todo listo para el lanzamiento del telescopio Roman, capaz de observar 2.000 galaxias &#8211; La Voz de Galicia"},"content":{"rendered":"<ol>\n<li><a href=\"https:\/\/news.google.com\/rss\/articles\/CBMi4wFBVV95cUxOVThwZlJtTVV0ZlR1VG1vMTdEYnJ0cWZ3WXZQVE9pY3lvdmJISW9rNV9lcFp1RDZ1RkRkSGVoelBpZ3JzQlBNQnVVU0ZyTWs2UXM2d3kwc0U1cG1EQUl2UTV2THotQXprUGFEODd5TnhpSUVVSFpOTlc5OXRlSkxKME9ZVzc3UDY4b2dVa2k4NzRRNEd6Wmhfcml6TnhEeUxkdXQzdVgyTHVGNjZ6QkR4WnRzYmlVSmdjaHBOSUR1cXhfcnR0UHNESFA1Ry1SSWVoeXN2d2p2b0NuYThsWUh4VzZUMNIB_wFBVV95cUxNS0Fwc01RWUpQVTdxLUVfRFlfbnZVaGtLWEI2c0tIMjZveC1QSThhMGo0STk3YlFCM21sUmtLVkNDUEw3SjJ3X0o5X1MzUkVuVmZhRjNLRnhoRHBqX3FyaXUzZ3J0d0IwR0VvQlRBU1NiWXB0dzFlbFVaWWpZYnFZM2xqY2RyT2hHTXZDRWlsMjN4dmxVWlBfNFQ0WnMtNTFPZ1YzNFJUUTRuTF9FQWcwYnR5X0FkaXhSejhtZTI5V0NrMXZRYzZlaE5NaGNRaEVvMng5dURndGpqZGtGV2lta0NKYTNVQ3MzalN6MmRLY2Jadk9zLW9ZT3NacXVBNVE?oc=5\" target=\"_blank\" rel=\"nofollow noopener\">Todo listo para el lanzamiento del telescopio Roman, capaz de observar 2.000 galaxias<\/a>&nbsp;&nbsp;La Voz de Galicia<\/li>\n<li><a href=\"https:\/\/news.google.com\/rss\/articles\/CBMimAFBVV95cUxNU3dKcktjWmFPWFhOOW53QV9oZjhtZ2t0UGRjbzRxai1IR0ZRTjdKMEVuQzlOQndxdDN2NElKUVZVakZscFJ0MVJJeU5DcC10dEo0dThCWWFJcXZyMjJLYV9jSWpVODY0RjhYaU9HeHphLVA1Y2RvVDRtT1NRdGM5eUFCR3ZpQ042UU8tVGhtanV4SVU4ZFdrZg?oc=5\" target=\"_blank\" rel=\"nofollow noopener\">Todo a punto para el lanzamiento del Roman, el telescopio que mira a lo grande<\/a>&nbsp;&nbsp;ABC<\/li>\n<li><a href=\"https:\/\/news.google.com\/rss\/articles\/CBMivAFBVV95cUxNT3d6RmNkc3g0aG96T0QwbDhtSVN3SEtsdkNTSkxCRHdXS2RqUFBvd1g1b1NSU3BPVHdkVFlGbUxOZEVDTVp3cmxTRlByajFRazI1OWVyOXJScWQ4Z1JnYUhaeFR5cUhHOGJVSnVvQkJTVVRHSlRuWkMwbzVLc1VTTHM1N1JEQmlKbW8tMElMbjIwdWdfLThqOTJVeHRnNXJ5dk1IdWJ4RWVkRDBZX2ZyRFktU3l6VnN0SjZpdA?oc=5\" target=\"_blank\" rel=\"nofollow noopener\">Nueve datos que debes saber sobre el telescopio espacial Nancy Grace Roman de la NASA<\/a>&nbsp;&nbsp;NASA (.gov)<\/li>\n<li><a href=\"https:\/\/news.google.com\/rss\/articles\/CBMirAJBVV95cUxNSTQzTUNkWkRPX1V2YTFrbW84Qm5yelNGUU5ySjZSQnNFSkZ3QXc4VkZXSTU5TVpnMjNSZkpPN2JPd1RCSy1sVjU5cVVIeUtvYlhzOHhTQUVCNThxQVdYa0RKekxGeG9WSFFCLTNuMTcwSVh5bVRIc1YxaDhSdXd0aGRjYUdQN0xVV0FaWG1hbzdvaFdXNXRyT2hMVW1uQkxmcldGbDM1QTNYcDlyMGpKTXVmWlFJdzhIRlhRd1JIaExkVjNLVWpEUUxBSGtLenZDcERPSWRBUlZpSEEtaEo5OHJ5U3RIQXJHdFczUzNOU2dWUmFlbkQwb25vbmdqWkVpWWJQMXNUZlM2eWF2azduVzRGOFQtVFBFR21YZlgtM0tfRS0tTHMyVHFRS0bSAccCQVVfeXFMT2QzY1hJZ1hlak5LbDRETUtCczIzUUQzNXM2Tl9QV2VBRjlnaXoxQm9nZS1VWkxwcTRPVjU2RGwwUkxvVTM2bWVSa1NodDVVWl82dS1VMDdOMmxoUHQ2bW9JS2ZOWVdPZFRGVjlHdGFfekg3TmJYdkdkUXBMUF9temhvV2cwcmtxdk5EU1U5VDBXRDdhTjQ4MUZ1N2JncFEtd0VhckRIaEN3WlVMdUlYRy1PWHdsVWJlQnZMR05rY0w2MkxOQ2FEQVVaZDJvRkJ6VEhYVFJIOWdwZHA0RzlURWFXVlM5NFBUbzBZN2tydnBpM1pTQ3dIczBodGNibTVHMjBHMkRSV0FNbU9GNXNmazE4RnJYRlpMYVdJbEVWcHFCZDBhai00MnRqUGRIa3VtWXFVLTNyTXFqcmF3bTVkVWJERHJwYjRz?oc=5\" target=\"_blank\" rel=\"nofollow noopener\">El telescopio Nancy Grace Roman de la NASA mapear\u00e1 el universo con un campo de visi\u00f3n cien veces mayor que el Hubble: qu\u00e9 implica para la ciencia<\/a>&nbsp;&nbsp;Infobae<\/li>\n<li><a href=\"https:\/\/news.google.com\/rss\/articles\/CBMirAFBVV95cUxNUmxlOTJLWEV1Z3BrZG4tSGdEVnNkQkt6cHlDLVU1TEIta3BwcTJuOG93ZjF1Rzh2LXZ6YWRseEJxaTNXVWUwdHhINnRudDNPYUhiQkFHLXFoSU5ZRXNZajRZdHJQNVBUZUYxbUZIWm5KYW81UWx1c0NNNVU1QVdhNDV6YzJNcFlFVzJlQ1VURzFwQ2hWcWRTS19Xbms4S3lxQWdDUi1QNUU1T1Y3?oc=5\" target=\"_blank\" rel=\"nofollow noopener\">El telescopio Roman promete una nueva era de exploraci\u00f3n c\u00f3smica<\/a>&nbsp;&nbsp;The New York Times<\/li>\n<\/ol>\n","protected":false},"excerpt":{"rendered":"Todo listo para el lanzamiento del telescopio Roman, capaz de observar 2.000 galaxias&nbsp;&nbsp;La Voz de Galicia Todo a&hellip;\n","protected":false},"author":2,"featured_media":737212,"comment_status":"","ping_status":"","sticky":false,"template":"","format":"standard","meta":{"footnotes":""},"categories":[81],"tags":[119,123,124,25,24,642,117,121,122,23,118,120],"class_list":["post-737211","post","type-post","status-publish","format-standard","has-post-thumbnail","category-ciencia-y-tecnologia","tag-ciencia","tag-ciencia-y-tecnologia","tag-cienciaytecnologia","tag-es","tag-espana","tag-nasa","tag-science","tag-science-and-technology","tag-scienceandtechnology","tag-spain","tag-technology","tag-tecnologia"],"share_on_mastodon":{"url":"","error":""},"_links":{"self":[{"href":"https:\/\/www.europesays.com\/es\/wp-json\/wp\/v2\/posts\/737211","targetHints":{"allow":["GET"]}}],"collection":[{"href":"https:\/\/www.europesays.com\/es\/wp-json\/wp\/v2\/posts"}],"about":[{"href":"https:\/\/www.europesays.com\/es\/wp-json\/wp\/v2\/types\/post"}],"author":[{"embeddable":true,"href":"https:\/\/www.europesays.com\/es\/wp-json\/wp\/v2\/users\/2"}],"replies":[{"embeddable":true,"href":"https:\/\/www.europesays.com\/es\/wp-json\/wp\/v2\/comments?post=737211"}],"version-history":[{"count":0,"href":"https:\/\/www.europesays.com\/es\/wp-json\/wp\/v2\/posts\/737211\/revisions"}],"wp:featuredmedia":[{"embeddable":true,"href":"https:\/\/www.europesays.com\/es\/wp-json\/wp\/v2\/media\/737212"}],"wp:attachment":[{"href":"https:\/\/www.europesays.com\/es\/wp-json\/wp\/v2\/media?parent=737211"}],"wp:term":[{"taxonomy":"category","embeddable":true,"href":"https:\/\/www.europesays.com\/es\/wp-json\/wp\/v2\/categories?post=737211"},{"taxonomy":"post_tag","embeddable":true,"href":"https:\/\/www.europesays.com\/es\/wp-json\/wp\/v2\/tags?post=737211"}],"curies":[{"name":"wp","href":"https:\/\/api.w.org\/{rel}","templated":true}]}}