{"id":737221,"date":"2026-08-29T16:12:31","date_gmt":"2026-08-29T16:12:31","guid":{"rendered":"https:\/\/www.europesays.com\/es\/737221\/"},"modified":"2026-08-29T16:12:31","modified_gmt":"2026-08-29T16:12:31","slug":"roger-federer-el-ascenso-de-rafa-jodar-ha-sido-increible-hace-unos-meses-no-lo-habria-imaginado-y-creo-que-nadie-lo-habria-hecho","status":"publish","type":"post","link":"https:\/\/www.europesays.com\/es\/737221\/","title":{"rendered":"Roger Federer: \u201cEl ascenso de Rafa J\u00f3dar ha sido incre\u00edble, hace unos meses no lo habr\u00eda imaginado y creo que nadie lo habr\u00eda hecho\u201c"},"content":{"rendered":"<p class=\"ft-text\"><a class=\"ft-link ft-link--decoration\" href=\"https:\/\/www.sport.es\/es\/noticias\/tenis\/ivanisevic-moja-big-three-nadal-133287736\" rel=\"nofollow noopener\" target=\"_blank\">Tras realizarse el sorteo del cuadro individual y los posibles cruces de los cabezas de serie,<\/a> Nueva York calienta motores para el <strong>\u00faltimo Grand Slam del a\u00f1o<\/strong>. Despu\u00e9s de una temporada marcada por el rendimiento irregular de los top del r\u00e1nking, todo puede pasar en la Gran Manzana.<\/p>\n<p class=\"ft-text\">Con <strong>Zverev, Alcaraz y Djokovic<\/strong> como los<strong> claros favoritos para brillar en las pistas duras <\/strong>del USTA Billie Jean King, ya son muchos los que han lanzado sus apuestas sobre qui\u00e9n se llevar\u00e1 el \u00faltimo grande a casa.<\/p>\n<p class=\"ft-text\">Entre ellos, el <strong>exn\u00famero uno del tenis, Roger Federer<\/strong>. El suizo regres\u00f3 de forma fugaz a las pistas para disputar un par de exhibiciones en el mismo lugar en el que se coron\u00f3 <strong>cinco veces como campe\u00f3n<\/strong> y donde ahora se ha mojado para hablar de las aspiraciones al t\u00edtulo de Alcaraz y la irrupci\u00f3n de Rafael J\u00f3dar.<\/p>\n<p>Alcaraz y J\u00f3dar los candidatos de Federer<\/p>\n<p class=\"ft-text\"><strong>Carlos Alcaraz y Rafa J\u00f3dar son las dos grandes esperanzas espa\u00f1olas para ganar.<\/strong> Incluso fue el exn\u00famero uno quien eligi\u00f3 a los dos j\u00f3venes como los candidatos que m\u00e1s le est\u00e1n llamando la atenci\u00f3n y, sobre todo, ensalz\u00f3 el astron\u00f3mico crecimiento que ha experimentado Rafael J\u00f3dar.<\/p>\n<p class=\"ft-text\"><strong>\u00abCreo que el ascenso de J\u00f3dar ha sido incre\u00edble.<\/strong> Hace unos meses no lo habr\u00eda imaginado y creo que nadie lo habr\u00eda hecho\u00bb, explicaba Roger. Y es cierto que el de Legan\u00e9s ha experimentado <strong>uno de los mejores ascensos vistos<\/strong>: \u00abLa manera en la que<strong> est\u00e1 consiguiendo mantener su nivel es incre\u00edble<\/strong>\u00ab, aseguraba el suizo.<\/p>\n<p><img decoding=\"async\" src=\"https:\/\/www.europesays.com\/es\/wp-content\/uploads\/2026\/08\/1788019951_883_feee01ec-7d1e-44e7-9c5c-ee11be915d83_alta-libre-aspect-ratio_default_0_x600y225.jpg\" width=\"1200\" height=\"675\" alt=\"Alcaraz durante el torneo de dobles mixto en el US Open\" class=\"ft-helper-img-rd\" loading=\"lazy\" fetchpriority=\"auto\"\/><\/p>\n<p class=\"ft-helper-fontColor-quaternary ft-helper-fontSize-body-S ft-helper-spacer-t-xxs\">Alcaraz durante el torneo de dobles mixto en el US Open  \/ US OPEN<\/p>\n<p class=\"ft-text\">Por otro lado, <strong>Alcaraz afronta el US Open despu\u00e9s de casi cinco meses sin competir en el circuito<\/strong>. Se perdi\u00f3 Roland Garros, Wimbledon y otras citas como Cincinnati. Llega al US Open casi sin rodaje, pero la esperanza es lo \u00faltimo que se pierde con Carlitos.<\/p>\n<p>\u00abNecesita superar las primeras tres rondas para empezar a coger ritmo\u00bb<\/p>\n<p class=\"ft-text\">Sin Sinner en el camino, si Carlos consigue encontrarse c\u00f3modo, <strong>Federer s\u00ed lo ve como uno de los candidatos al t\u00edtulo<\/strong>: \u00abCreo que depende. \u00bfCu\u00e1nto ha estado entrenando? \u00bfHa podido entrenar al m\u00e1ximo? \u00bfCu\u00e1nto tiempo ha sido? \u00bfUna semana? \u00bfUn mes? Creo que eso marca la diferencia\u00bb.<\/p>\n<p class=\"ft-text\">A pesar de que el equipo de Carlos ha mantenido mucha discreci\u00f3n, han ido compartiendo peque\u00f1as p\u00edldoras de los entrenamientos del murciano, donde se pod\u00eda intuir que iba por el buen camino: <strong>\u00abSi solo ha sido una semana, creo que ser\u00e1 muy complicado\u00bb<\/strong>.<\/p>\n<p class=\"ft-text\">Para a\u00f1adir: <strong>\u00abSi ha sido un mes, le doy buenas opciones de encontrar su ritmo pronto. Necesita superar las primeras tres rondas para empezar a coger ritmo\u00bb<\/strong>, refiri\u00e9ndose a la cantidad de entrenamientos realizados.<\/p>\n<p class=\"ft-text\">Al final, a lo que apunta Federer es a la <strong>calidad de estos entrenamientos para conseguir buenos resultados en Nueva York<\/strong>: \u00abSi ha tenido un mes de entrenamientos de calidad, o al menos m\u00e1s de una semana, creo que eso le ayudar\u00e1 realmente a sentir que puede ganar el torneo\u00bb.<\/p>\n<p>Opciones para Shelton y Fonseca tambi\u00e9n <\/p>\n<p class=\"ft-text\">Tambi\u00e9n conf\u00eda en el <strong>talento de otros j\u00f3venes tenistas<\/strong> para conseguir buenos resultados en este major: <strong>\u00abTambi\u00e9n me gusta Ben y me gusta ver jugar a Fonseca.<\/strong> Son grandes pegadores, jugadores que buscan golpes importantes y que adem\u00e1s <strong>tienen grandes personalidades\u00bb.<\/strong><\/p>\n<p class=\"ft-text\">Tras unos dobles mixtos sensacionales, <strong>el cuadro individual tendr\u00e1 lugar del 30 de agosto al 13 de septiembre<\/strong>, donde en los primeros encuentros se podr\u00e1 valorar el estado de Alcaraz y si J\u00f3dar seguir\u00e1 cosechando grandes encuentros.<\/p>\n","protected":false},"excerpt":{"rendered":"Tras realizarse el sorteo del cuadro individual y los posibles cruces de los cabezas de serie, Nueva York&hellip;\n","protected":false},"author":2,"featured_media":737222,"comment_status":"","ping_status":"","sticky":false,"template":"","format":"standard","meta":{"footnotes":""},"categories":[274],"tags":[6421,168,25,24,14787,23438,12830,11368,3440,23,167,327,326],"class_list":["post-737221","post","type-post","status-publish","format-standard","has-post-thumbnail","category-tenis","tag-ascenso","tag-deportes","tag-es","tag-espana","tag-federer","tag-jodar","tag-rafa","tag-roger","tag-roger-federer","tag-spain","tag-sports","tag-tenis","tag-tennis"],"share_on_mastodon":{"url":"https:\/\/pubeurope.com\/@es\/117179682629835708","error":""},"_links":{"self":[{"href":"https:\/\/www.europesays.com\/es\/wp-json\/wp\/v2\/posts\/737221","targetHints":{"allow":["GET"]}}],"collection":[{"href":"https:\/\/www.europesays.com\/es\/wp-json\/wp\/v2\/posts"}],"about":[{"href":"https:\/\/www.europesays.com\/es\/wp-json\/wp\/v2\/types\/post"}],"author":[{"embeddable":true,"href":"https:\/\/www.europesays.com\/es\/wp-json\/wp\/v2\/users\/2"}],"replies":[{"embeddable":true,"href":"https:\/\/www.europesays.com\/es\/wp-json\/wp\/v2\/comments?post=737221"}],"version-history":[{"count":0,"href":"https:\/\/www.europesays.com\/es\/wp-json\/wp\/v2\/posts\/737221\/revisions"}],"wp:featuredmedia":[{"embeddable":true,"href":"https:\/\/www.europesays.com\/es\/wp-json\/wp\/v2\/media\/737222"}],"wp:attachment":[{"href":"https:\/\/www.europesays.com\/es\/wp-json\/wp\/v2\/media?parent=737221"}],"wp:term":[{"taxonomy":"category","embeddable":true,"href":"https:\/\/www.europesays.com\/es\/wp-json\/wp\/v2\/categories?post=737221"},{"taxonomy":"post_tag","embeddable":true,"href":"https:\/\/www.europesays.com\/es\/wp-json\/wp\/v2\/tags?post=737221"}],"curies":[{"name":"wp","href":"https:\/\/api.w.org\/{rel}","templated":true}]}}