{"id":737235,"date":"2026-08-29T16:24:16","date_gmt":"2026-08-29T16:24:16","guid":{"rendered":"https:\/\/www.europesays.com\/es\/737235\/"},"modified":"2026-08-29T16:24:16","modified_gmt":"2026-08-29T16:24:16","slug":"real-madrid-inter-8-de-septiembre-asi-es-el-calendario-de-partidos-de-la-champions-para-los-equipos-espanoles-futbol-deportes","status":"publish","type":"post","link":"https:\/\/www.europesays.com\/es\/737235\/","title":{"rendered":"Real Madrid &#8211; Inter, 8 de septiembre: as\u00ed es el calendario de partidos de la Champions para los equipos espa\u00f1oles | F\u00fatbol | Deportes"},"content":{"rendered":"<p class=\"\">La UEFA ha dado a conocer el calendario de los partidos de la fase de Liga. La primera jornada, de manera especial, se disputar\u00e1 en tres d\u00edas, entre el 8, el 9 y el 10 de septiembre. El primer partido de un conjunto espa\u00f1ol ser\u00e1 el <a href=\"https:\/\/elpais.com\/deportes\/futbol\/2026-08-27\/una-champions-de-reencuentros-rodri-contra-el-manchester-city-y-mourinho-ante-el-inter-y-la-roma.html\" target=\"_self\" rel=\"nofollow noopener\" title=\"https:\/\/elpais.com\/deportes\/futbol\/2026-08-27\/una-champions-de-reencuentros-rodri-contra-el-manchester-city-y-mourinho-ante-el-inter-y-la-roma.html\">Real Madrid-Inter<\/a>, que se jugar\u00e1 el martes 8 de septiembre a las 21.00 horas. Ese mismo d\u00eda, <a href=\"https:\/\/elpais.com\/deportes\/futbol\/2026-08-25\/el-betis-castiga-la-racanearia-del-valencia.html\" target=\"_self\" rel=\"nofollow noopener\" title=\"https:\/\/elpais.com\/deportes\/futbol\/2026-08-25\/el-betis-castiga-la-racanearia-del-valencia.html\">el Betis <\/a>jugar\u00e1 en Lille (21.00) y el Villarreal en Dortmund (21.00). El Barcelona-Feyenoord se disputar\u00e1 el mi\u00e9rcoles 9 (18.45), mientras que el Atl\u00e9tico jugar\u00e1 en Liverpool, pero a las 21.00 de ese mismo d\u00eda. <\/p>\n<p class=\"\">El Real Madrid jugar\u00e1 luego el 14 de octubre ante la Roma en Italia; el 21 de octubre recibir\u00e1 al Leipzig; visita al AEK el 4 de noviembre (18.45), para luego recibir al PSV el 24 de noviembre. El 9 de diciembre visita al Arsenal; el 19 de enero recibe al Lask y acaba su fase de Liga en Londres ante el Shakthar (27 de enero). <\/p>\n<p class=\"\">El Barcelona, tras jugar frente al Feyenoord en la primera jornada, visita el 13 de octubre al Galatasaray. Luego, el 20 de octubre jugar\u00e1 en Par\u00eds frente al PSG, para luego recibir el 3 de noviembre al Aston Villa. Posteriormente, el 25 de noviembre, realizar\u00e1 un largo viaje para jugar en casa del Sabah (18.45). El ocho de diciembre recibe al <a href=\"https:\/\/elpais.com\/deportes\/futbol\/2026-08-27\/el-sorteo-de-la-champions-league-equipos-partidos-y-cruces-en-directo.html\" target=\"_self\" rel=\"nofollow noopener\" title=\"https:\/\/elpais.com\/deportes\/futbol\/2026-08-27\/el-sorteo-de-la-champions-league-equipos-partidos-y-cruces-en-directo.html\">Manchester City<\/a>, el 20 de enero juega en el campo del Sporting de Portugal y acaba su participaci\u00f3n el 27 de enero (jornada unificada) recibiendo al Como.<\/p>\n<p class=\"\">El Atl\u00e9tico de Madrid, tras jugar un partido muy especial en Liverpool, recibir\u00e1 en la segunda jornada el 13 de octubre al Manchester United; el 20 de octubre viaja a Sttutgart; el 3 de noviembre recibe al Bayern de Munich: el 25 de noviembre juega en casa ante el Viking para luego, el 9 de diciembre, visitar al PSV. El Atl\u00e9tico concluye su participaci\u00f3n viajando a Noruega ante el Bodo el 19 de enero (18.45), para acabar el 27 de enero contra el Fenerbah\u00e7e en el Metropolitano.<\/p>\n<p class=\"\">El Betis, tras comenzar su ilusionante aventura en casa del Lille, recibe el 14 de octubre al Oporto. Luego, juega en casa tambi\u00e9n ante el Feyenoord el 21 de octubre. Posteriormente viajar\u00e1 a Dortmund el 4 de noviembre y luego a Bratislava el 24. El 9 de diciembre recibe al Como (18.45) y acabar\u00e1 su participaci\u00f3n recibiendo al Arsenal el 20 de enero para jugar la jornada unificada el 27 de enero en casa del Bayern de Munich. <\/p>\n<p class=\"\">El Villarreal, por su parte, despu\u00e9s de jugar en Dortmund, recibir\u00e1 al N\u00e1poles el 13 de octubre; luego viaja al campo <a href=\"https:\/\/elpais.com\/deportes\/futbol\/2026-08-27\/el-sorteo-de-la-champions-league-equipos-partidos-y-cruces-en-directo.html\" target=\"_self\" rel=\"nofollow noopener\" title=\"https:\/\/elpais.com\/deportes\/futbol\/2026-08-27\/el-sorteo-de-la-champions-league-equipos-partidos-y-cruces-en-directo.html\">del Liverpool el 20 de octubre<\/a>, recibe al PSG el 3 de noviembre y posteriormente viaja a Praga para enfrentarse al Slavia el 25 de noviembre (18.45). El Villarreal recibe en casa al Sabah el 8 de diciembre (18.45), para luego acabar su periplo en la fase de Liga el 20 de enero visitando al Fenerbah\u00e7e (18.45) y jugando en casa el 27 del mismo mes contra el Manchester United.<\/p>\n<p class=\"\">Todos los partidos se jugar\u00e1n a las 21.00 horas salvo los rese\u00f1ados a las 18.45. <\/p>\n","protected":false},"excerpt":{"rendered":"La UEFA ha dado a conocer el calendario de los partidos de la fase de Liga. La primera&hellip;\n","protected":false},"author":2,"featured_media":737236,"comment_status":"","ping_status":"","sticky":false,"template":"","format":"standard","meta":{"footnotes":""},"categories":[93],"tags":[3409,1241,1540,168,1539,25,24,881,282,1538,10286,3048,23,167,9607],"class_list":["post-737235","post","type-post","status-publish","format-standard","has-post-thumbnail","category-deportes","tag-atletico-de-madrid","tag-champions-league","tag-competiciones","tag-deportes","tag-entrenadores","tag-es","tag-espana","tag-fc-barcelona","tag-futbol","tag-futbolistas","tag-real-betis","tag-real-madrid","tag-spain","tag-sports","tag-villarreal-cf"],"share_on_mastodon":{"url":"https:\/\/pubeurope.com\/@es\/117179729202516064","error":""},"_links":{"self":[{"href":"https:\/\/www.europesays.com\/es\/wp-json\/wp\/v2\/posts\/737235","targetHints":{"allow":["GET"]}}],"collection":[{"href":"https:\/\/www.europesays.com\/es\/wp-json\/wp\/v2\/posts"}],"about":[{"href":"https:\/\/www.europesays.com\/es\/wp-json\/wp\/v2\/types\/post"}],"author":[{"embeddable":true,"href":"https:\/\/www.europesays.com\/es\/wp-json\/wp\/v2\/users\/2"}],"replies":[{"embeddable":true,"href":"https:\/\/www.europesays.com\/es\/wp-json\/wp\/v2\/comments?post=737235"}],"version-history":[{"count":0,"href":"https:\/\/www.europesays.com\/es\/wp-json\/wp\/v2\/posts\/737235\/revisions"}],"wp:featuredmedia":[{"embeddable":true,"href":"https:\/\/www.europesays.com\/es\/wp-json\/wp\/v2\/media\/737236"}],"wp:attachment":[{"href":"https:\/\/www.europesays.com\/es\/wp-json\/wp\/v2\/media?parent=737235"}],"wp:term":[{"taxonomy":"category","embeddable":true,"href":"https:\/\/www.europesays.com\/es\/wp-json\/wp\/v2\/categories?post=737235"},{"taxonomy":"post_tag","embeddable":true,"href":"https:\/\/www.europesays.com\/es\/wp-json\/wp\/v2\/tags?post=737235"}],"curies":[{"name":"wp","href":"https:\/\/api.w.org\/{rel}","templated":true}]}}