{"id":737253,"date":"2026-08-29T16:37:07","date_gmt":"2026-08-29T16:37:07","guid":{"rendered":"https:\/\/www.europesays.com\/es\/737253\/"},"modified":"2026-08-29T16:37:07","modified_gmt":"2026-08-29T16:37:07","slug":"pogacar-caida-tragedia-y-adios-a-la-vuelta-a-espana-ciclismo-deportes","status":"publish","type":"post","link":"https:\/\/www.europesays.com\/es\/737253\/","title":{"rendered":"Pogacar, ca\u00edda, tragedia y adi\u00f3s a la Vuelta a Espa\u00f1a | Ciclismo | Deportes"},"content":{"rendered":"<p class=\"\">Una piedra se interpuso en su camino y con eso bast\u00f3 para firmar la peor de las tragedias de esta Vuelta, pues Pogacar abandon\u00f3 la carrera en ambulancia, adi\u00f3s a lo bueno, a lo mejor. Despu\u00e9s de un \u00a1oh! horripilante, de un grito ahogado, el mundo del ciclismo se qued\u00f3 mudo, consternado, expectante y, finalmente, terriblemente desilusionado. Silencio sepulcral; expectativas torcidas; y sanseacab\u00f3 la Vuelta. Resulta que Tadej Pogacar, cuando quedaban 36,5 kil\u00f3metros para concluir la octava etapa, realiz\u00f3 un movimiento brusco en el pelot\u00f3n, algo extra\u00f1o en \u00e9l, que le hizo chocar con otro ciclista y se peg\u00f3 un porrazo terrible contra el suelo, bicicleta por los aires y ciclista por los suelos. Ah\u00ed saltaron las alarmas. Y ah\u00ed se acab\u00f3 todo. \u201cParece que en ese momento estaba bebiendo y que no vio una piedra que hab\u00eda en la carretera\u201d, acert\u00f3 a decir Matxin, el general m\u00e1nager del UAE; \u201cestamos muy tocados, pero todav\u00eda no hay parte m\u00e9dico porque est\u00e1 camino del hospital\u201d.<\/p>\n<p class=\"\">Con el hombro y el codo ensangrentado, roto el maillot rojo -que por algo era el l\u00edder-, Pogacar se lamentaba en el suelo, rostro de dolor y hasta cierto mareo. \u201cHa sido una ca\u00edda bastante fuerte con un posible un traumatismo craneoencef\u00e1lico y una posible fractura de la clav\u00edcula izquierda\u201d, resolvi\u00f3, todav\u00eda en carrera, uno de los doctores en carrera que le atendi\u00f3 en la cuneta, \u00c1lvaro Ortiz. Aunque, competitivo como ninguno, pues no entiende una jornada sin su ataque o su voluntad de ganarla, Pogacar trat\u00f3 de ponerse en pie. A su alrededor ya estaba Matxin, preocupado y consejero, el padre en carrera. Y aunque ped\u00eda calma, maldec\u00eda para sus adentros porque ve\u00eda que nada bueno pod\u00eda salir de ah\u00ed. Tambi\u00e9n se qued\u00f3, de pie, angustiado, esperando por si ten\u00eda que hacer de trampol\u00edn y enlace de nuevo al pelot\u00f3n, Jo\u00e3o Almeida, su gregario de lujo, al punto de que en el curso pasado qued\u00f3 segundo en la Vuelta. Pero con Tadej en carrera no hay dudas, solo hay un l\u00edder, el \u00fanico capaz de ganar como y cuando quiere. Aunque eso no ocurrir\u00e1 en la Vuelta, la \u00fanica grande que le falta, ya que antes solo hab\u00eda participado en 2019 y se qued\u00f3 tercero. <\/p>\n<p class=\"\">Antes de aceptar la tragedia, Pogacar decidi\u00f3 probarse. Pero se qued\u00f3 en el intento, pues al tratar de coger la bicicleta vio que su brazo no le respond\u00eda, que era imposible manejarla y seguir, que se hab\u00eda acabado lo que se daba. \u201cEstaba con mucho dolor. Ha intentado subir a la bici y cuando ha apoyado el brazo izquierdo, no ha podido\u201d, explic\u00f3 el Doctor Ortiz. No ayudaba tampoco la ceja partida ni la mano magullada. \u201cNo puedo, no\u201d, resolvi\u00f3. Y se cay\u00f3 el mundo. Pocos segundos despu\u00e9s, Pogi se subi\u00f3 a la ambulancia, adi\u00f3s al viaje de tres semanas, adi\u00f3s a la Vuelta, adi\u00f3s a su ilusi\u00f3n por tener todas las grandes e igualarse con Anquetil, Gimondi, Merckx, Hinault, Contador, Nibali, Froome y Vingegaard, el club de los ciclistas que han ganado las tres. Una bofetada sonora y dolorosa porque esta Vuelta era suya, toda vez que ya le sacaba casi cuatro minutos a Enric Mas, el segundo en la tabla -ahora nuevo l\u00edder-, y cinco a Roglic, tercero. El pelot\u00f3n, enterado de la situaci\u00f3n, ech\u00f3 el freno de inicio, se\u00f1al de respeto al mejor y al maillot rojo. Pero pronto volvi\u00f3 al ritmo habitual, pues Pogacar no seguir\u00eda, game over.<\/p>\n<p class=\"\">No es habitual ver a Tadej en el suelo, pues apenas se le recuerda una ca\u00edda en la Lieja-Basto\u00f1a-Lieja de 2023, cuando se hizo una fractura m\u00faltiple en la mu\u00f1eca izquierda, y poco m\u00e1s, al menos con lesi\u00f3n porque s\u00ed que se peg\u00f3 un tortazo en el Tour de 2023 cuando pugnaba con Vingegaard -que le esper\u00f3 en carretera, gesto de deportividad superlativo- y otro en la Strade Bianche de 2025, a 50 kil\u00f3metros de meta, poca cosa porque se repuso para ganar despu\u00e9s la carrera. Ahora, abandona la Vuelta en una jornada de lo m\u00e1s ca\u00f3tica y plagada de ca\u00eddas.<\/p>\n<p class=\"\">Camino de Xeraco todo fue un caos en el pelot\u00f3n, toda vez que se multiplicaron los golpes, tambi\u00e9n las retiradas. El guirigay empez\u00f3 antes de la salida neutralizada, una montonera masiva que tom\u00f3 tres v\u00edctimas: Uriarte (Kern Pharma), Gaffuri (Picnic) y Van Tricht (NSN). Pero hubo m\u00e1s. Como la que se peg\u00f3 Thalmann (Tudor), que acab\u00f3 la etapa con el maillot roto y toda la espalda ensangrentada; como la que sufri\u00f3 Carlos Rodr\u00edguez, en pie r\u00e1pido; o como la que se sucedi\u00f3 en el sprint final, corredores al suelo y solo una lucha entre los elegidos que acab\u00f3 por festejar Cocquard (Cofidis), l\u00e1grimas en los ojos. En su caso, de felicidad, pero el d\u00eda era casi de luto como explic\u00f3 Enric Mas, que rechaz\u00f3 ponerse el maillot rojo al concluir la jornada. \u201cDesde el equipo hemos decidido hacer ese gesto, mostrar un poco el respeto para Tadej y su equipo. Mandarle muchos \u00e1nimos\u201d, se arranc\u00f3 el ciclista de Movistar, el nuevo l\u00edder; \u201ces una pena que haya ca\u00eddas, que sean de ese estilo y que sea Tadej. Es una aut\u00e9ntica pena. Para m\u00ed, es un maillot que no me pertenec\u00eda. Es verdad que el deporte es as\u00ed, pero debo asimilar lo que ha pasado. Ahora, que Tadej se recupere r\u00e1pido, que nos quedan carreras y espero que pueda llegar bien a ellas\u201d. <\/p>\n<p class=\"\">Resulta que para Pogacar, que tambi\u00e9n corri\u00f3 y venci\u00f3 el Tour -el quint\u00f3 en su palmar\u00e9s-, la temporada ten\u00eda todav\u00eda muchas citas y tres d\u00edas de competici\u00f3n intocables en la cabeza: el 27 de septiembre, el Mundial, en Montreal, en el que buscar\u00e1 su tercer arco\u00edris consecutivo (igualando a Sagan, el \u00fanico que gan\u00f3 tres seguidos, Binda, Van Steenbergen, Merckx y Freire); el 4 de octubre, el Campeonato de Europa, que este a\u00f1o se celebra en Liubliana, capital de su Eslovenia; y el Lombard\u00eda, el Monumento que m\u00e1s le place y que m\u00e1s veces ha ganado, y lo ha hecho cinco veces, ininterrumpidamente desde 2021. Queda por ver si llegar\u00e1 a alguna. Pero lo que es seguro es que la Vuelta se queda sin su l\u00edder, sin el mejor de los mejores.<\/p>\n","protected":false},"excerpt":{"rendered":"Una piedra se interpuso en su camino y con eso bast\u00f3 para firmar la peor de las tragedias&hellip;\n","protected":false},"author":2,"featured_media":737254,"comment_status":"","ping_status":"","sticky":false,"template":"","format":"standard","meta":{"footnotes":""},"categories":[273],"tags":[313,2838,1540,312,168,927,25,24,549,23,167],"class_list":["post-737253","post","type-post","status-publish","format-standard","has-post-thumbnail","category-ciclismo","tag-ciclismo","tag-ciclistas","tag-competiciones","tag-cycling","tag-deportes","tag-deportistas","tag-es","tag-espana","tag-pogacar","tag-spain","tag-sports"],"share_on_mastodon":{"url":"https:\/\/pubeurope.com\/@es\/117179780183669229","error":""},"_links":{"self":[{"href":"https:\/\/www.europesays.com\/es\/wp-json\/wp\/v2\/posts\/737253","targetHints":{"allow":["GET"]}}],"collection":[{"href":"https:\/\/www.europesays.com\/es\/wp-json\/wp\/v2\/posts"}],"about":[{"href":"https:\/\/www.europesays.com\/es\/wp-json\/wp\/v2\/types\/post"}],"author":[{"embeddable":true,"href":"https:\/\/www.europesays.com\/es\/wp-json\/wp\/v2\/users\/2"}],"replies":[{"embeddable":true,"href":"https:\/\/www.europesays.com\/es\/wp-json\/wp\/v2\/comments?post=737253"}],"version-history":[{"count":0,"href":"https:\/\/www.europesays.com\/es\/wp-json\/wp\/v2\/posts\/737253\/revisions"}],"wp:featuredmedia":[{"embeddable":true,"href":"https:\/\/www.europesays.com\/es\/wp-json\/wp\/v2\/media\/737254"}],"wp:attachment":[{"href":"https:\/\/www.europesays.com\/es\/wp-json\/wp\/v2\/media?parent=737253"}],"wp:term":[{"taxonomy":"category","embeddable":true,"href":"https:\/\/www.europesays.com\/es\/wp-json\/wp\/v2\/categories?post=737253"},{"taxonomy":"post_tag","embeddable":true,"href":"https:\/\/www.europesays.com\/es\/wp-json\/wp\/v2\/tags?post=737253"}],"curies":[{"name":"wp","href":"https:\/\/api.w.org\/{rel}","templated":true}]}}