{"id":737255,"date":"2026-08-29T16:39:20","date_gmt":"2026-08-29T16:39:20","guid":{"rendered":"https:\/\/www.europesays.com\/es\/737255\/"},"modified":"2026-08-29T16:39:20","modified_gmt":"2026-08-29T16:39:20","slug":"stanley-umude-el-nuevo-guardaespaldas-del-barca-mi-fuerte-es-la-defensa-puedo-defender-a-jugadores-de-varias-posiciones","status":"publish","type":"post","link":"https:\/\/www.europesays.com\/es\/737255\/","title":{"rendered":"Stanley Umude, el nuevo guardaespaldas del Bar\u00e7a: \u00abMi fuerte es la defensa, puedo defender a jugadores de varias posiciones\u00bb"},"content":{"rendered":"<p class=\"ft-text\"><a class=\"ft-link ft-link--decoration\" href=\"https:\/\/www.sport.es\/es\/noticias\/barca\/baloncesto\/stanley-umude-sexto-fichaje-barca-132660110\" rel=\"nofollow noopener\" target=\"_blank\"><strong>Stanley Umude<\/strong><\/a> es uno de los 10 fichajes del Bar\u00e7a de cara a la pr\u00f3xima temporada. En un verano tan cargado de cambios en el que tan solo <strong>Kevin Punter, Juan N\u00fa\u00f1ez, Dar\u00edo Brizuela y Joel Parra<\/strong> sobreviven de la pasada campa\u00f1a, el alero estadounidense es una de las grandes apuestas de la secretar\u00eda t\u00e9cnica para la posici\u00f3n de alero y un perfil m\u00e1s defensivo que ofrece el jugador nacido en Portland hace 27 a\u00f1os.<\/p>\n<p class=\"ft-text\">Cromo por cromo, <strong>Umude viene a sustituir a Myles Cale<\/strong> en el equipo, aunque se esperan <strong>prestaciones m\u00e1s altas de \u00e9l tanto en defensa como en ataque.<\/strong> Esta \u00faltima campa\u00f1a, con los Austin Spurs de la G-League, promedi\u00f3<strong> 17 puntos y 4,4 rebotes por partido<\/strong> con un acierto exterior del 33%. El triple no es su mayor virtud, pero deber\u00eda ser un recurso m\u00e1s en ataque para poner al servicio del equipo.<\/p>\n<p><img decoding=\"async\" src=\"https:\/\/www.europesays.com\/es\/wp-content\/uploads\/2026\/08\/deb43fe6-917c-42db-8dc8-0f6601d29c63_alta-libre-aspect-ratio_default_0_x600y225.jpg\" width=\"1200\" height=\"675\" alt=\"Stanley Umude, en un entrenamiento del Bar\u00e7a bajo la atenta mirada de Marc Estany, t\u00e9cnico asistente de Sekulic\" class=\"ft-helper-img-rd\" loading=\"lazy\" fetchpriority=\"auto\"\/><\/p>\n<p class=\"ft-helper-fontColor-quaternary ft-helper-fontSize-body-S ft-helper-spacer-t-xxs\">Stanley Umude, en un entrenamiento del Bar\u00e7a bajo la atenta mirada de Marc Estany, t\u00e9cnico asistente de Sekulic  \/ FCB<\/p>\n<p>Primera semana de trabajo en las instalaciones azulgranas<\/p>\n<p class=\"ft-text\">Umude es uno de los ocho integrantes del primer equipo azulgrana que se est\u00e1n entrenando esta semana en las instalaciones del club. El alero ha compartido pista con <strong>Juan N\u00fa\u00f1ez, Justin Robinson, Agus Ubal, Tyrese Martin, Josh Nebo, Yoan Makoundou y un Kevin Punter<\/strong> que el viernes se reincorpor\u00f3 al grupo. Faltar\u00e1n los internacionales, que en las pr\u00f3ximas horas afrontan sus \u00faltimos compromisos de selecciones antes de regresar a la capital catalana.<\/p>\n<p class=\"ft-text\"><strong>Ser\u00e1 el mi\u00e9rcoles 2, fecha en la que el grupo entrene de manera conjunta<\/strong> antes de coger la carretera rumbo a Encamp (Andorra) a realizar un stage de pretemporada, ya bajo las \u00f3rdenes de Aleksander Sekulic, que terminar\u00e1 el<strong> domingo 6 con un amistoso ante el Morabanc Andorra (12:30h CEST).<\/strong><\/p>\n<p class=\"ft-text\">Umude se ha entrenado estos d\u00edas en el<strong> Palau Blaugrana, <\/strong>y el jugador ya ha compartido las primeras sensaciones de la que ser\u00e1 su nueva casa las pr\u00f3ximas dos campa\u00f1as. <strong>\u00abEl pabell\u00f3n es bonito y he o\u00eddo grandes cosas sobre jugar aqu\u00ed\u00bb,<\/strong> comparti\u00f3 el nuevo alero azulgrana en declaraciones a los medios del club.<\/p>\n<p><img decoding=\"async\" src=\"https:\/\/www.europesays.com\/es\/wp-content\/uploads\/2026\/08\/1ebd612c-9f5f-481b-8e72-b1f69381ac00_alta-libre-aspect-ratio_default_0_x600y225.jpg\" width=\"1200\" height=\"675\" alt=\"Stanley Umude, en el Palau Blaugrana\" class=\"ft-helper-img-rd\" loading=\"lazy\" fetchpriority=\"auto\"\/><\/p>\n<p class=\"ft-helper-fontColor-quaternary ft-helper-fontSize-body-S ft-helper-spacer-t-xxs\">Stanley Umude, en el Palau Blaugrana  \/ FCB<\/p>\n<p>Las palabras de Umude<\/p>\n<p class=\"ft-text\"><strong>\u00abAporto mucha versatilidad y energ\u00eda, intensidad en mi posici\u00f3n y, en general, mucha energ\u00eda para el equipo y, sobre todo, en defensa.<\/strong> Mi fuerte es la defensa, poder defender a jugadores de varias posiciones y <strong>aportar tambi\u00e9n algo de espacio en ataque con mi lanzamiento de tres puntos\u00bb,<\/strong> explic\u00f3 Umude sobre cu\u00e1l puede y debe ser su aportaci\u00f3n al equipo. No hay que olvidar que vivir\u00e1 su primera experiencia en el baloncesto europeo tras una trayectoria mayoritariemente desarrollada en la G League, con 49 partidos en la NBA y una Copa, la de 2024, lograda con los <strong>Milwaukee Bucks.<\/strong><\/p>\n<p class=\"ft-text\">\u00abCreo que he desempe\u00f1ado muchos roles diferentes a lo largo de mi carrera en el baloncesto, as\u00ed que he tenido que adaptarme durante todo este tiempo. <strong>Por eso, adaptarme no deber\u00eda ser demasiado complicado. Estoy muy ilusionado por estar aqu\u00ed con los chicos y descubrir cu\u00e1l es la mejor manera en la que puedo ayudar al equipo a ganar\u00bb,<\/strong> reafirm\u00f3 un Umude que aterriza a lo grande en Europa, en un Bar\u00e7a exigido de victorias y que alterna la siempre exigente Euroliga con la Liga Endesa.<\/p>\n<p><img decoding=\"async\" src=\"https:\/\/www.europesays.com\/es\/wp-content\/uploads\/2026\/08\/ca268726-4267-4a63-ba61-ec10fa5a4d01_alta-libre-aspect-ratio_default_0_x600y225.jpg\" width=\"1200\" height=\"675\" alt=\"Stanley Umude, en un entrenamiento del Bar\u00e7a\" class=\"ft-helper-img-rd\" loading=\"lazy\" fetchpriority=\"auto\"\/><\/p>\n<p class=\"ft-helper-fontColor-quaternary ft-helper-fontSize-body-S ft-helper-spacer-t-xxs\">Stanley Umude, en un entrenamiento del Bar\u00e7a  \/ FCB<\/p>\n<p class=\"ft-text\">Umude es uno de los tres aleros con los que cuenta Sekulic de cara a la siguiente campa\u00f1a. <strong>Tyrese Martin<\/strong> apunta a ser una de las referencias ofensivas, Umude un seguro en defensa, y <strong>Joel Parra,<\/strong> que tambi\u00e9n puede aportar minutos de calidad al &#8216;4&#8217;, un mix de funciones en ambos lados de la pista, con la garra y entrega que le caracteriza. Desde el inicio en la pretemporada, el nuevo alero azulgrana ser\u00e1 uno de los grandes alicientes en ese amistoso ante Andorra con el que se cerrar\u00e1 el stage en el pa\u00eds piren\u00e1ico.<\/p>\n","protected":false},"excerpt":{"rendered":"Stanley Umude es uno de los 10 fichajes del Bar\u00e7a de cara a la pr\u00f3xima temporada. En un&hellip;\n","protected":false},"author":2,"featured_media":737256,"comment_status":"","ping_status":"","sticky":false,"template":"","format":"standard","meta":{"footnotes":""},"categories":[269],"tags":[299,2296,298,168,25,24,557,33503,23,167,52955,119578],"class_list":["post-737255","post","type-post","status-publish","format-standard","has-post-thumbnail","category-baloncesto","tag-baloncesto","tag-barca","tag-basketball","tag-deportes","tag-es","tag-espana","tag-fichaje","tag-guardaespaldas","tag-spain","tag-sports","tag-stanley","tag-umude"],"share_on_mastodon":{"url":"https:\/\/pubeurope.com\/@es\/117179788084483839","error":""},"_links":{"self":[{"href":"https:\/\/www.europesays.com\/es\/wp-json\/wp\/v2\/posts\/737255","targetHints":{"allow":["GET"]}}],"collection":[{"href":"https:\/\/www.europesays.com\/es\/wp-json\/wp\/v2\/posts"}],"about":[{"href":"https:\/\/www.europesays.com\/es\/wp-json\/wp\/v2\/types\/post"}],"author":[{"embeddable":true,"href":"https:\/\/www.europesays.com\/es\/wp-json\/wp\/v2\/users\/2"}],"replies":[{"embeddable":true,"href":"https:\/\/www.europesays.com\/es\/wp-json\/wp\/v2\/comments?post=737255"}],"version-history":[{"count":0,"href":"https:\/\/www.europesays.com\/es\/wp-json\/wp\/v2\/posts\/737255\/revisions"}],"wp:featuredmedia":[{"embeddable":true,"href":"https:\/\/www.europesays.com\/es\/wp-json\/wp\/v2\/media\/737256"}],"wp:attachment":[{"href":"https:\/\/www.europesays.com\/es\/wp-json\/wp\/v2\/media?parent=737255"}],"wp:term":[{"taxonomy":"category","embeddable":true,"href":"https:\/\/www.europesays.com\/es\/wp-json\/wp\/v2\/categories?post=737255"},{"taxonomy":"post_tag","embeddable":true,"href":"https:\/\/www.europesays.com\/es\/wp-json\/wp\/v2\/tags?post=737255"}],"curies":[{"name":"wp","href":"https:\/\/api.w.org\/{rel}","templated":true}]}}