{"id":737259,"date":"2026-08-29T16:41:16","date_gmt":"2026-08-29T16:41:16","guid":{"rendered":"https:\/\/www.europesays.com\/es\/737259\/"},"modified":"2026-08-29T16:41:16","modified_gmt":"2026-08-29T16:41:16","slug":"la-estrella-aragonesa-en-redes-sociales-que-nacio-de-las-peliculas-de-tarantino","status":"publish","type":"post","link":"https:\/\/www.europesays.com\/es\/737259\/","title":{"rendered":"La estrella aragonesa en redes sociales que &#8216;naci\u00f3&#8217; de las pel\u00edculas de Tarantino"},"content":{"rendered":"<p class=\"ft-text ft-helper-closenews ft-helper-align-justify\">Desde que se invent\u00f3 el <strong>cine<\/strong>, uno de sus principales atractivos ha sido la capacidad para <strong>conmover al espectador<\/strong>. As\u00ed es como <strong>el s\u00e9ptimo arte nos ha regalado momentos inolvidables<\/strong>, como <strong>esa escena final de \u2018Cinema Paradiso\u2019<\/strong> (1988), cuando el famoso director italiano, Salvatore Di Vita, apodado en la infancia como Tot\u00f3, vuelve a su pueblo y <strong>encuentra una cinta con todos los besos que hab\u00edan sido censurados en las pel\u00edculas de la \u00e9poca<\/strong>. Para el <strong>guionista y creador de contenido<\/strong>, conocido en redes como <strong>Guille Van Dre\u00ef<\/strong>, su acercamiento al cine <strong>no fue algo distinto<\/strong>.<\/p>\n<p class=\"ft-text ft-helper-align-justify\">Nacido en <strong>Zaragoza, en 1995, Guillermo Bandr\u00e9s<\/strong>, relata que <strong>siempre estuvo en contacto con el cine cl\u00e1sico<\/strong> gracias a su primo mayor, pero <strong>fue en 2003<\/strong>, tras ver <strong>\u2018Piratas del Caribe: La maldici\u00f3n de la Perla Negra\u2019<\/strong> por primera vez, en los <strong>cines Palafox de Zaragoza<\/strong>, cuando <strong>fue consciente de todo lo que hab\u00eda detr\u00e1s de la proyecci\u00f3n en gran pantalla<\/strong>. Actualmente, Bandr\u00e9s <strong>acumula casi medio mill\u00f3n de seguidores entre Tiktok e Instagram<\/strong>, gracias a su <strong>contenido divulgativo de cine<\/strong>, y ha guionizado las series <strong>\u2018Zoomers\u2019<\/strong> (2025) e <strong>\u2018Itxaso\u2019<\/strong> (2023), disponibles en Prime Video y Netflix.<\/p>\n<p class=\"ft-text ft-helper-align-justify\">\u201cDe peque\u00f1o, mi madre me dec\u00eda que era muy buen mentiroso, pero que le hac\u00eda gracia c\u00f3mo ment\u00eda y la capacidad que ten\u00eda para inventar mis propias historias. Esto se junt\u00f3 con ver pel\u00edculas, sobre todo las de <strong>Tarantino<\/strong>, que es muy ingenioso, y me hizo pensar en la figura del guionista. <strong>Tendr\u00eda unos doce a\u00f1os cuando me empec\u00e9 a plantear la posibilidad de que pudiera hacer sentir a los dem\u00e1s lo mismo que sent\u00eda yo viendo las pelis de Tarantino<\/strong>, y me di cuenta de que igual me gustar\u00eda dedicarme a ello\u201d, recuerda el guionista.<\/p>\n<p class=\"ft-text ft-helper-align-justify\">A los <strong>18 a\u00f1os<\/strong>, el zaragozano ingres\u00f3 en la <strong>Escuela Superior de Cine y Audiovisuales de Catalu\u00f1a<\/strong>, donde se especializ\u00f3 en la <strong>creaci\u00f3n de guiones<\/strong>: \u201c<strong>Para m\u00ed, irme de Zaragoza fue horrible, porque es mi ciudad favorita en el mundo<\/strong>. Adem\u00e1s, <strong>me pill\u00f3 una \u00e9poca complicada, porque yo quer\u00eda hacer cosas distintas a lo que estaba de moda<\/strong>. Todo se llevaba a la denuncia social, pero <strong>siempre consider\u00e9 el cine como entretenimiento<\/strong>, as\u00ed que acababa haciendo comedia. Al final, me lo pas\u00e9 bien, pero <strong>si hubiese existido la posibilidad de estudiar lo mismo en Zaragoza, me hubiera quedado encantad\u00edsimo<\/strong>.\u201d<\/p>\n<p class=\"ft-text ft-helper-align-justify\"><strong>Despu\u00e9s de acabar la carrera y estar un a\u00f1o trabajando como becario, Bandr\u00e9s acab\u00f3 mud\u00e1ndose a Madrid<\/strong>, donde dio sus <strong>primeros pasos en redes sociales<\/strong>  hasta el d\u00eda de hoy. \u201cSupongo que como todos en esta profesi\u00f3n, <strong>tenemos etapas en las que apenas hay trabajo y en las que nos cuestionamos si alg\u00fan d\u00eda podremos vivir de esto<\/strong>. Me llegu\u00e9 a preguntar, incluso, si ser\u00eda mejor idea volver a Zaragoza, matricularme en empresariales y decir: \u2018bueno, prob\u00e9 esta tonter\u00eda\u2019. Ante eso, <strong>hacen ya cuatro o cinco a\u00f1os, decid\u00ed subir un v\u00eddeo al d\u00eda hablando de una pel\u00edcula<\/strong>. Para m\u00ed <strong>era un reto que me pon\u00eda a m\u00ed mismo<\/strong>, porque ten\u00eda mucho tiempo libre. Al a\u00f1o de empezar, tampoco ten\u00eda muchos seguidores para todo lo que hab\u00eda subido. A\u00fan as\u00ed, <strong>la gente que me acompa\u00f1aba era muy fiel y me incentivaba a seguir, por lo que fui creciendo, aunque no esperaba llegar a tantas personas<\/strong>.\u201d<\/p>\n<p class=\"ft-text ft-helper-align-justify\">A pesar de que empezar en este mundo, nunca es una tarea f\u00e1cil, Bandr\u00e9s siempre tuvo claro que <strong>era necesario dar lo mejor de s\u00ed para dejar huella en sus docentes<\/strong>, y as\u00ed fue como las oportunidades le empezaron a surgir. <strong>Su primera experiencia profesional, en la que trabaj\u00f3 para la serie \u2018Itxaso\u2019, vino gracias a la guionista, Mar\u00eda Cort\u00e9s, que hab\u00eda sido su profesora<\/strong>: necesitaban un guionista y ella, encantada por las historias de Bandr\u00e9s, decidi\u00f3 ofrecerle el puesto. <strong>Luego surgi\u00f3 la propuesta de \u2018Zoomers\u2019<\/strong>, que <strong>retrata la generaci\u00f3n Z, tan criticada injustamente, desde la perspectiva del creador de contenido, pero atendiendo a las exigencias de Prime Video.<\/strong><\/p>\n<p class=\"ft-text ft-helper-align-justify\">Asimismo, Bandr\u00e9s hace hincapi\u00e9 en la <strong>importancia de saber adaptar la esencia de los escritos a las demandas de las productoras, pero tambi\u00e9n de la industria<\/strong>. Esta idea es algo que tambi\u00e9n se aplica al <strong>contexto cinematogr\u00e1fico actual de Arag\u00f3n<\/strong>: \u201cAunque exista una centralizaci\u00f3n de la industria en Madrid y Barcelona, creo que, <strong>hist\u00f3ricamente, Arag\u00f3n ha dado a los mejores directores y guionistas de Espa\u00f1a<\/strong>. Ahora tenemos <strong>a Isabel Pe\u00f1a<\/strong>, que es la mejor guionista del pa\u00eds y es de Zaragoza, pero antes estaban <strong>Bu\u00f1uel y Saura<\/strong>, por ejemplo. El problema que tenemos es que, al recibir ayudas institucionales, <strong>las pel\u00edculas se centran demasiado en promocionar seg\u00fan qu\u00e9 cosas<\/strong>. La clave est\u00e1 en no mirar solo a nosotros mismos y <strong>buscar historias m\u00e1s universales<\/strong>, aunque sucedan en Arag\u00f3n, <strong>porque cuando una historia es buena, da igual que suceda en Zaragoza que en Madrid.<\/strong>\u201d<\/p>\n<p class=\"ft-text ft-helper-align-justify\">Actualmente, Guille Van Dre\u00ef, tal y como lo conocen sus seguidores, <strong>sigue publicando contenido en redes diariamente<\/strong>, pero tambi\u00e9n est\u00e1 trabajando en <strong>nuevos proyectos como guionista<\/strong>, a la vez que escribe su <strong>primera novela<\/strong> y sus <strong>tesis doctoral<\/strong>, centrada en la exitosa serie de HBO, <strong>\u2018Los Soprano\u2019<\/strong> (1999).<\/p>\n<p data-close=\"closedContent\" class=\"subscribeHideForDisplay\">Suscr\u00edbete para seguir leyendo<\/p>\n","protected":false},"excerpt":{"rendered":"Desde que se invent\u00f3 el cine, uno de sus principales atractivos ha sido la capacidad para conmover al&hellip;\n","protected":false},"author":2,"featured_media":737260,"comment_status":"","ping_status":"","sticky":false,"template":"","format":"standard","meta":{"footnotes":""},"categories":[174],"tags":[255,130865,146,147,25,24,14267,256,14054,28267,23,491,25730],"class_list":["post-737259","post","type-post","status-publish","format-standard","has-post-thumbnail","category-famosos","tag-celebrities","tag-drei","tag-entertainment","tag-entretenimiento","tag-es","tag-espana","tag-estrella","tag-famosos","tag-guille","tag-guionista","tag-spain","tag-zaragoza","tag-zaragozano"],"share_on_mastodon":{"url":"https:\/\/pubeurope.com\/@es\/117179795796593037","error":""},"_links":{"self":[{"href":"https:\/\/www.europesays.com\/es\/wp-json\/wp\/v2\/posts\/737259","targetHints":{"allow":["GET"]}}],"collection":[{"href":"https:\/\/www.europesays.com\/es\/wp-json\/wp\/v2\/posts"}],"about":[{"href":"https:\/\/www.europesays.com\/es\/wp-json\/wp\/v2\/types\/post"}],"author":[{"embeddable":true,"href":"https:\/\/www.europesays.com\/es\/wp-json\/wp\/v2\/users\/2"}],"replies":[{"embeddable":true,"href":"https:\/\/www.europesays.com\/es\/wp-json\/wp\/v2\/comments?post=737259"}],"version-history":[{"count":0,"href":"https:\/\/www.europesays.com\/es\/wp-json\/wp\/v2\/posts\/737259\/revisions"}],"wp:featuredmedia":[{"embeddable":true,"href":"https:\/\/www.europesays.com\/es\/wp-json\/wp\/v2\/media\/737260"}],"wp:attachment":[{"href":"https:\/\/www.europesays.com\/es\/wp-json\/wp\/v2\/media?parent=737259"}],"wp:term":[{"taxonomy":"category","embeddable":true,"href":"https:\/\/www.europesays.com\/es\/wp-json\/wp\/v2\/categories?post=737259"},{"taxonomy":"post_tag","embeddable":true,"href":"https:\/\/www.europesays.com\/es\/wp-json\/wp\/v2\/tags?post=737259"}],"curies":[{"name":"wp","href":"https:\/\/api.w.org\/{rel}","templated":true}]}}