{"id":737285,"date":"2026-08-29T17:04:17","date_gmt":"2026-08-29T17:04:17","guid":{"rendered":"https:\/\/www.europesays.com\/es\/737285\/"},"modified":"2026-08-29T17:04:17","modified_gmt":"2026-08-29T17:04:17","slug":"la-perla-del-casademont-zaragoza-matija-lukic-elegido-mvp-del-prestigioso-bwb-next-up","status":"publish","type":"post","link":"https:\/\/www.europesays.com\/es\/737285\/","title":{"rendered":"La perla del Casademont Zaragoza Matija Lukic, elegido MVP del prestigioso &#8216;BWB Next Up&#8217;"},"content":{"rendered":"<p class=\"ft-text\">El escolta del<strong> Casademont Zaragoza U22<\/strong> <strong>Matija Lukic<\/strong> ha sido nombrado el jugador mejor valorado del <a class=\"ft-link ft-link--decoration\" href=\"https:\/\/bwb.nba.com\/\" rel=\"nofollow noopener\" target=\"_blank\">Basketball Without Borders (BWB) Next Up<\/a>. El BWB es un prestigioso programa global de desarrollo impulsado por la <strong>NBA<\/strong> y la <strong>FIBA<\/strong> para captar y reunir a los j\u00f3venes talentos emergentes de todo el planeta (de ah\u00ed el nombre \u201cBaloncesto sin fronteras\u201d, en ingl\u00e9s). Esta semana, <strong>entre el 26 y el 29 de agosto<\/strong>, ha tenido lugar en <strong>Estambul <\/strong>la primera concentraci\u00f3n de la temporada que ha reunido a <strong>78 jugadores<\/strong> menores de 18 a\u00f1os procedentes <strong>de 44 pa\u00edses<\/strong> diferentes.<\/p>\n<p><img decoding=\"async\" src=\"https:\/\/www.europesays.com\/es\/wp-content\/uploads\/2026\/08\/291a5b64-35a2-45e3-9648-12348e04c87d_alta-libre-aspect-ratio_default_0_x800y355.jpg\" width=\"1200\" height=\"800\" alt=\"Lukic, durante un duelo del U22\" class=\"ft-helper-img-rd\" loading=\"lazy\" fetchpriority=\"auto\"\/><\/p>\n<p class=\"ft-helper-fontColor-quaternary ft-helper-fontSize-body-S ft-helper-spacer-t-xxs\">Lukic, durante un duelo del U22  \/ alejandro.ms<\/p>\n<p class=\"ft-text\">Esta exclusiva terna de promesas ha realizado pruebas f\u00edsicas, ejercicios de movilidad, desarrollo de habilidades, partidos 3 contra 3 y 5 versus 5, as\u00ed como seminarios sobre habilidades fuera de la cancha. Todo ello con el acompa\u00f1amiento de entrenadores y jugadores de la NBA entre los que destacan nombres como el t\u00e9cnico de los Cavaliers, <strong>Kenny Atkinson<\/strong>, o el jugador de los 76ers, <strong>Dominick Barlow<\/strong>. Este s\u00e1bado ha tenido lugar la jornada de clausura en la que se han repartido diferentes premios y reconocimientos, entre los que <strong>Lukic ha sido reconocido como el<\/strong> <strong>MVP del campus<\/strong>.<\/p>\n<p class=\"ft-text\">Sin duda la guinda a un verano de despegue absoluto, en el que <a class=\"ft-link ft-link--decoration\" href=\"https:\/\/www.elperiodicodearagon.com\/baloncesto-zaragoza\/2026\/07\/05\/gran-mundial-matija-lukic-acaba-132152580.html\" rel=\"nofollow noopener\" target=\"_blank\">el exterior rojillo ya brill\u00f3 con luz propia al proclamarse subcampe\u00f3n del Mundo U17 con Serbia<\/a>, donde fue una de las piezas ofensivas clave del torneo, promediando 16 puntos y 16,4 de valoraci\u00f3n. <strong>Matija Lukic<\/strong> (Pa\u00edses Bajos, 2009) <strong>aterriz\u00f3 en Zaragoza el verano pasado<\/strong> tras formarse en la Pablo Laso Academy para jugar en el filial donde promedi\u00f3<strong> 22 minutos<\/strong> de juego<strong> <\/strong>y <strong>10 puntos <\/strong>por partido en una primera temporada de <strong>Liga U22<\/strong> en la que se logr\u00f3 una meritoria <strong>cuarta posici\u00f3n<\/strong>. Adem\u00e1s, el joven escolta, que cumplir\u00e1 17 a\u00f1os en octubre, <strong>ya sabe lo que es<\/strong> debutar y <strong>sumar minutos con el primer equipo<\/strong> del Casademont Zaragoza tanto en la <strong>Liga Endesa<\/strong> como en la <strong>FIBA Europe Cup<\/strong>.<\/p>\n<p class=\"ft-text\">El neerland\u00e9s con nacionalidad serbia <strong>formar\u00e1 parte de nuevo de la plantilla U22<\/strong> para la temporada que viene y seguramente se le vuelva a ver en ocasiones con los mayores, ahora bajo las \u00f3rdenes de <strong>Gonzalo Garc\u00eda de Vitoria<\/strong> y del ayudante de este, <strong>Jorge Serna<\/strong>, quien dirigi\u00f3 a Lukic en el filial. Este reconocimiento sin dudas ser\u00e1 un chute de moral para el jugador de cara a la campa\u00f1a que ya entra y reafirma el trabajo de captaci\u00f3n y formaci\u00f3n de <strong>una entidad rojilla que custodia en sus filas a uno de los proyectos con m\u00e1s futuro del baloncesto europeo<\/strong>.<\/p>\n","protected":false},"excerpt":{"rendered":"El escolta del Casademont Zaragoza U22 Matija Lukic ha sido nombrado el jugador mejor valorado del Basketball Without&hellip;\n","protected":false},"author":2,"featured_media":737286,"comment_status":"","ping_status":"","sticky":false,"template":"","format":"standard","meta":{"footnotes":""},"categories":[269],"tags":[299,298,23044,2511,168,25,24,117113,19280,3269,42148,23,167,43936],"class_list":["post-737285","post","type-post","status-publish","format-standard","has-post-thumbnail","category-baloncesto","tag-baloncesto","tag-basketball","tag-bwb","tag-casademont","tag-deportes","tag-es","tag-espana","tag-lukic","tag-matija","tag-next","tag-perla","tag-spain","tag-sports","tag-up"],"share_on_mastodon":{"url":"https:\/\/pubeurope.com\/@es\/117179887321109764","error":""},"_links":{"self":[{"href":"https:\/\/www.europesays.com\/es\/wp-json\/wp\/v2\/posts\/737285","targetHints":{"allow":["GET"]}}],"collection":[{"href":"https:\/\/www.europesays.com\/es\/wp-json\/wp\/v2\/posts"}],"about":[{"href":"https:\/\/www.europesays.com\/es\/wp-json\/wp\/v2\/types\/post"}],"author":[{"embeddable":true,"href":"https:\/\/www.europesays.com\/es\/wp-json\/wp\/v2\/users\/2"}],"replies":[{"embeddable":true,"href":"https:\/\/www.europesays.com\/es\/wp-json\/wp\/v2\/comments?post=737285"}],"version-history":[{"count":0,"href":"https:\/\/www.europesays.com\/es\/wp-json\/wp\/v2\/posts\/737285\/revisions"}],"wp:featuredmedia":[{"embeddable":true,"href":"https:\/\/www.europesays.com\/es\/wp-json\/wp\/v2\/media\/737286"}],"wp:attachment":[{"href":"https:\/\/www.europesays.com\/es\/wp-json\/wp\/v2\/media?parent=737285"}],"wp:term":[{"taxonomy":"category","embeddable":true,"href":"https:\/\/www.europesays.com\/es\/wp-json\/wp\/v2\/categories?post=737285"},{"taxonomy":"post_tag","embeddable":true,"href":"https:\/\/www.europesays.com\/es\/wp-json\/wp\/v2\/tags?post=737285"}],"curies":[{"name":"wp","href":"https:\/\/api.w.org\/{rel}","templated":true}]}}