{"id":737313,"date":"2026-08-29T17:28:17","date_gmt":"2026-08-29T17:28:17","guid":{"rendered":"https:\/\/www.europesays.com\/es\/737313\/"},"modified":"2026-08-29T17:28:17","modified_gmt":"2026-08-29T17:28:17","slug":"las-senas-de-identidad-de-el-manimal","status":"publish","type":"post","link":"https:\/\/www.europesays.com\/es\/737313\/","title":{"rendered":"Las se\u00f1as de identidad de \u2018El Manimal\u2019"},"content":{"rendered":"<p class=\"article-body__text \">\n        El apodo no es casualidad. Durante su etapa en la NBA, su <strong>potencia, capacidad de salto y voracidad para ir al rebote<\/strong> le valieron el sobrenombre de \u2018Manimal\u2019, una etiqueta que con el paso de los a\u00f1os ha terminado convirti\u00e9ndose en parte de su identidad. El propio Faried lo reconoce: \u201c<strong>S\u00ed, claro. Forma parte de m\u00ed y de la energ\u00eda con la que juego<\/strong>\u201d.\n<\/p>\n<p class=\"article-body__text \">\n        Y esa energ\u00eda es, precisamente, una de las se\u00f1as de identidad de su baloncesto. \u201c<strong>Intento disfrutar, ser yo mismo y aportar energ\u00eda. Me gusta celebrar una buena defensa, un rebote, un tap\u00f3n o una acci\u00f3n de un compa\u00f1ero. Creo que la energ\u00eda se contagia<\/strong>\u201d, explicaba. Una manera de entender el juego que encaja con lo que el Baskonia puede buscar en \u00e9l: <strong>intensidad, presencia f\u00edsica y capacidad para hacerse notar sin necesidad de tener el bal\u00f3n en las manos<\/strong>.\n<\/p>\n<p>  Una mentalidad competitiva<\/p>\n<p class=\"article-body__text \">\n        Su llegada a Panathinaikos tambi\u00e9n demuestra su <strong>capacidad de adaptaci\u00f3n<\/strong>. Estaba en Taiw\u00e1n cuando recibi\u00f3 la llamada de su agente y termin\u00f3 viajando a Grecia. \u201c<strong>Fue un torbellino. Literalmente estaba pensando en jugar al d\u00eda siguiente en Taiw\u00e1n, porque ten\u00edamos partido, y termin\u00e9 subi\u00e9ndome a un avi\u00f3n rumbo a Grecia<\/strong>\u201d, relataba. Apenas tuvo tiempo para aprender los sistemas antes de comenzar a jugar.\n<\/p>\n<p>            <a href=\"https:\/\/www.noticiasdealava.eus\/baskonia\/2026\/08\/24\/kenneth-faried-sorprendente-apuesta-baskonia-11465979.html\" title=\"Oficial: Faried llega al Baskonia para la campa\u00f1a 2026-27\" class=\"new__media\" rel=\"nofollow noopener\" target=\"_blank\"><\/p>\n<p>                <img alt=\"Oficial: Faried llega al Baskonia para la campa\u00f1a 2026-27\" data-src=\"https:\/\/www.europesays.com\/es\/wp-content\/uploads\/2026\/08\/1788024496_410_ee468a21-1d29-43f1-86e5-212d41174591_16-9-aspect-ratio_default_0_x870y124.jpg\" class=\"lozad\"\/><\/p>\n<p>        <\/a><\/p>\n<p>        <a href=\"https:\/\/www.noticiasdealava.eus\/baskonia\/2026\/08\/24\/kenneth-faried-sorprendente-apuesta-baskonia-11465979.html\" title=\"Oficial: Faried llega al Baskonia para la campa\u00f1a 2026-27\" class=\"new__headline\" rel=\"nofollow noopener\" target=\"_blank\"><br \/>\n            Oficial: Faried llega al Baskonia para la campa\u00f1a 2026-27<br \/>\n        <\/a><\/p>\n<p class=\"article-body__text \">\n        Faried tiene claro que su papel no pasa por salvar a ning\u00fan equipo. \u201c<strong>No llegu\u00e9 pensando en salvar nada. Llegu\u00e9 para sumar, aprender lo necesario y competir. El baloncesto es un deporte de equipo. Mis compa\u00f1eros hacen que yo tambi\u00e9n pueda verme bien<\/strong>\u201d. Un mensaje que puede definir perfectamente su encaje en el Baskonia: <strong>aportar sin necesidad de ser el protagonista<\/strong>.\n<\/p>\n<p>  El rebote como filosof\u00eda<\/p>\n<p class=\"article-body__text \">\n        El rebote ocupa un lugar central en su manera de entender el juego. \u201c<strong>Si fallas, no te quedes mirando: ve a por el rebote. Tambi\u00e9n sirve para la vida. Si algo no sale, vuelve a intentarlo. Conf\u00eda en que puedes crear una segunda oportunidad<\/strong>\u201d, explicaba. Una mentalidad que puede convertirse en una de sus <strong>principales armas en la pintura azulgrana<\/strong>.\n<\/p>\n<p class=\"article-body__text \">\n        Tambi\u00e9n tiene una receta para afrontar los errores: \u201c<strong>Intento tener memoria corta. Si pasa algo, tienes unos segundos para aprender de ello y continuar. No puedes quedarte atrapado en una p\u00e9rdida, un tiro fallado o una decisi\u00f3n arbitral. La siguiente jugada es la m\u00e1s importante<\/strong>\u201d.\n<\/p>\n<p>            <a href=\"https:\/\/www.noticiasdealava.eus\/baskonia\/2026\/08\/28\/once-agencias-controlan-renovado-baskonia-liga-acb-representantes-plantilla-mercado-you-first-11480025.html\" title=\"Once agencias controlan el renovado Baskonia\" class=\"new__media\" rel=\"nofollow noopener\" target=\"_blank\"><\/p>\n<p>                <img alt=\"Once agencias controlan el renovado Baskonia\" data-src=\"https:\/\/www.europesays.com\/es\/wp-content\/uploads\/2026\/08\/9050565a-9aa4-4d64-9902-adee33e2dc6f_16-9-aspect-ratio_default_0.jpg\" class=\"lozad\"\/><\/p>\n<p>        <\/a><\/p>\n<p>        <a href=\"https:\/\/www.noticiasdealava.eus\/baskonia\/2026\/08\/28\/once-agencias-controlan-renovado-baskonia-liga-acb-representantes-plantilla-mercado-you-first-11480025.html\" title=\"Once agencias controlan el renovado Baskonia\" class=\"new__headline\" rel=\"nofollow noopener\" target=\"_blank\"><br \/>\n            Once agencias controlan el renovado Baskonia<br \/>\n        <\/a><\/p>\n<p class=\"article-body__text \">\n        A sus 36 a\u00f1os, Faried asegura que todav\u00eda tiene margen para mejorar. Cuando le preguntaron qu\u00e9 quer\u00eda seguir trabajando, respondi\u00f3 con contundencia: \u201c<strong>Todo. Siempre hay algo: lectura, tiro, defensa, comunicaci\u00f3n. Nunca quiero sentir que ya est\u00e1<\/strong>\u201d. Su experiencia en distintos pa\u00edses, adem\u00e1s, le ha obligado a desarrollar una <strong>r\u00e1pida capacidad de adaptaci\u00f3n<\/strong>.\n<\/p>\n<p class=\"article-body__text \">\n        La familia tambi\u00e9n tiene un peso importante en su manera de competir. Especialmente su madre, a quien atribuye buena parte de sus valores. \u201c<strong>Me ha ense\u00f1ado a trabajar, a seguir adelante y a no dar nada por sentado. Gran parte de mi forma de competir viene de ah\u00ed: esfuerzo, humildad y seguir peleando<\/strong>\u201d. Una mentalidad que explica en parte la personalidad de un jugador que <strong>nunca parece dispuesto a dar una posesi\u00f3n por perdida<\/strong>.\n<\/p>\n<p class=\"article-body__text \">\n        El nuevo azulgrana tambi\u00e9n concede importancia al vestuario. \u201c<strong>Cuando llegas a un equipo nuevo, lo m\u00e1s importante es sentir que puedes ser t\u00fa mismo. No intento forzar nada. Juego duro, compito, intento ayudar y disfruto del momento<\/strong>\u201d. Ahora tendr\u00e1 que trasladar esa filosof\u00eda al Buesa Arena y ganarse a una afici\u00f3n que suele conectar con los jugadores que <strong>dejan todo sobre la pista<\/strong>. Su forma de competir y su capacidad para contagiar energ\u00eda pueden convertirle r\u00e1pidamente en uno de esos jugadores que <strong>hacen que la grada se levante de sus asientos<\/strong>.<\/p>\n","protected":false},"excerpt":{"rendered":"El apodo no es casualidad. Durante su etapa en la NBA, su potencia, capacidad de salto y voracidad&hellip;\n","protected":false},"author":2,"featured_media":737314,"comment_status":"","ping_status":"","sticky":false,"template":"","format":"standard","meta":{"footnotes":""},"categories":[269],"tags":[299,298,4714,168,25,24,833,6949,130870,5631,50663,23,167,26273],"class_list":["post-737313","post","type-post","status-publish","format-standard","has-post-thumbnail","category-baloncesto","tag-baloncesto","tag-basketball","tag-baskonia","tag-deportes","tag-es","tag-espana","tag-euroliga","tag-identidad","tag-manimal","tag-panathinaikos","tag-senas","tag-spain","tag-sports","tag-taiwan"],"share_on_mastodon":{"url":"https:\/\/pubeurope.com\/@es\/117179980614846089","error":""},"_links":{"self":[{"href":"https:\/\/www.europesays.com\/es\/wp-json\/wp\/v2\/posts\/737313","targetHints":{"allow":["GET"]}}],"collection":[{"href":"https:\/\/www.europesays.com\/es\/wp-json\/wp\/v2\/posts"}],"about":[{"href":"https:\/\/www.europesays.com\/es\/wp-json\/wp\/v2\/types\/post"}],"author":[{"embeddable":true,"href":"https:\/\/www.europesays.com\/es\/wp-json\/wp\/v2\/users\/2"}],"replies":[{"embeddable":true,"href":"https:\/\/www.europesays.com\/es\/wp-json\/wp\/v2\/comments?post=737313"}],"version-history":[{"count":0,"href":"https:\/\/www.europesays.com\/es\/wp-json\/wp\/v2\/posts\/737313\/revisions"}],"wp:featuredmedia":[{"embeddable":true,"href":"https:\/\/www.europesays.com\/es\/wp-json\/wp\/v2\/media\/737314"}],"wp:attachment":[{"href":"https:\/\/www.europesays.com\/es\/wp-json\/wp\/v2\/media?parent=737313"}],"wp:term":[{"taxonomy":"category","embeddable":true,"href":"https:\/\/www.europesays.com\/es\/wp-json\/wp\/v2\/categories?post=737313"},{"taxonomy":"post_tag","embeddable":true,"href":"https:\/\/www.europesays.com\/es\/wp-json\/wp\/v2\/tags?post=737313"}],"curies":[{"name":"wp","href":"https:\/\/api.w.org\/{rel}","templated":true}]}}