{"id":737315,"date":"2026-08-29T17:29:19","date_gmt":"2026-08-29T17:29:19","guid":{"rendered":"https:\/\/www.europesays.com\/es\/737315\/"},"modified":"2026-08-29T17:29:19","modified_gmt":"2026-08-29T17:29:19","slug":"ibrahim-diarra-ultima-su-vuelta-en-un-ano-clave","status":"publish","type":"post","link":"https:\/\/www.europesays.com\/es\/737315\/","title":{"rendered":"Ibrahim Diarra ultima su vuelta en un a\u00f1o clave"},"content":{"rendered":"<p class=\"ft-text\">El Bar\u00e7a Atl\u00e8tic afronta el tramo final de la pretemporada con la mirada puesta en <strong>la evoluci\u00f3n de<\/strong><a class=\"ft-link ft-link--decoration\" href=\"https:\/\/www.sport.es\/es\/noticias\/barca\/ibrahim-diarra-busca-sacarse-espina-132566449\" rel=\"nofollow noopener\" target=\"_blank\"> Ibrahim Diarra<\/a>. El joven atacante maliense encar\u00f3 el verano con una exigencia m\u00e1xima tras ser citado por Hansi Flick para completar el stage de preparaci\u00f3n con el primer equipo en Inglaterra. El africano dej\u00f3 sensaciones muy positivas bajo las \u00f3rdenes del t\u00e9cnico alem\u00e1n, completando una actuaci\u00f3n destacada ante el Europa \u2014donde lleg\u00f3 a ver porter\u00eda\u2014 y teniendo presencia en varios amistosos m\u00e1s.<\/p>\n<p><img decoding=\"async\" src=\"https:\/\/www.europesays.com\/es\/wp-content\/uploads\/2026\/08\/1788024558_359_f26cb007-83a0-435b-9fe1-e441c991b0bf_alta-libre-aspect-ratio_default_0_x600y225.jpg\" width=\"1200\" height=\"675\" alt=\"Gistau, \u00c1lex Gonz\u00e1lez y Diarra de vuelta con el Bar\u00e7a Atl\u00e8tic\" class=\"ft-helper-img-rd\" loading=\"lazy\" fetchpriority=\"auto\"\/><\/p>\n<p class=\"ft-helper-fontColor-quaternary ft-helper-fontSize-body-S ft-helper-spacer-t-xxs\">Gistau, \u00c1lex Gonz\u00e1lez y Diarra de vuelta con el Bar\u00e7a Atl\u00e8tic  \/ FCB<\/p>\n<p class=\"ft-text\">Sin embargo, tras esa intensa concentraci\u00f3n y al regresar a la disciplina del filial, el jugador sufri\u00f3 una sobrecarga muscular que le oblig\u00f3 a frenar un poco. Este contratiempo le ha impedido participar en los partidos de preparaci\u00f3n dirigidos por Juliano Belletti y trabajar al mismo ritmo que sus compa\u00f1eros durante las \u00faltimas semanas. La gesti\u00f3n de cargas ha sido muy minuciosa por parte de los servicios m\u00e9dicos, que han optado por<strong> extremar las precauciones con un trabajo espec\u00edfico para evitar riesgos mayores<\/strong>, teniendo muy en cuenta las lesiones musculares importantes que ya mermaron su progresi\u00f3n durante el curso pasado.<\/p>\n<p>Alex, ya listo para competir<\/p>\n<p class=\"ft-text\">El caso de Diarra guarda cierto paralelismo con el de su compa\u00f1ero \u00c1lex Gonz\u00e1lez, quien<strong> tambi\u00e9n regres\u00f3 de la din\u00e1mica del primer equipo con problemas de sobrecarga.<\/strong> No obstante, la evoluci\u00f3n del extremo va un paso por delante: \u00c1lex ya acumula varias sesiones de entrenamiento con el grupo, est\u00e1 totalmente recuperado y se prev\u00e9 que llegue plenamente operativo para el pr\u00f3ximo compromiso de la final de la Copa Catalunya.<\/p>\n<p><img decoding=\"async\" src=\"https:\/\/www.europesays.com\/es\/wp-content\/uploads\/2026\/08\/5268d48f-0d66-458d-89b7-cdc68adbeac6_alta-libre-aspect-ratio_default_0.jpg\" width=\"1200\" height=\"675\" alt=\"Hansi Flick e Ibrahim Diarra, durante un entrenamiento del Bar\u00e7a\" class=\"ft-helper-img-rd\" loading=\"lazy\" fetchpriority=\"auto\"\/><\/p>\n<p class=\"ft-helper-fontColor-quaternary ft-helper-fontSize-body-S ft-helper-spacer-t-xxs\">Hansi Flick e Ibrahim Diarra, durante un entrenamiento del Bar\u00e7a  \/ FC Barcelona<\/p>\n<p class=\"ft-text\">Diarra avanza un poco por detr\u00e1s en los plazos respecto a su compa\u00f1ero, pero las sensaciones dentro del cuerpo t\u00e9cnico ya son mejores. Se conf\u00eda en que <strong>en los pr\u00f3ximos d\u00edas pueda reincorporarse a las sesiones grupales con normalidad.<\/strong> Con el inicio liguero a la vuelta de la esquina frente al N\u00e1xara Rioja en el Estadi Johan Cruyff, el club mantendr\u00e1 la cautela y no se precipitar\u00e1 con su reaparici\u00f3n si no est\u00e1 al cien por cien.<\/p>\n<p>A\u00f1o clave<\/p>\n<p class=\"ft-text\">Afronta Diarra un a\u00f1o clave en su carrera deportiva. Tras una temporada anterior en la que apenas tuvo continuidad por culpa de los problemas f\u00edsicos, este curso se presenta como el escenario donde <strong>debe dar un salto definitivo<\/strong>. Considerado una de las grandes promesas del f\u00fatbol africano de los \u00faltimos tiempos, el futbolista afronta meses determinantes para asentarse, ser importante en el Bar\u00e7a Atl\u00e8tic y mantenerse en el radar de Flick, quien ya tom\u00f3 buena nota de su potencial durante la pretemporada.<\/p>\n","protected":false},"excerpt":{"rendered":"El Bar\u00e7a Atl\u00e8tic afronta el tramo final de la pretemporada con la mirada puesta en la evoluci\u00f3n de&hellip;\n","protected":false},"author":2,"featured_media":737316,"comment_status":"","ping_status":"","sticky":false,"template":"","format":"standard","meta":{"footnotes":""},"categories":[268],"tags":[1611,168,81060,25,24,280,282,89164,281,23,167,1885,1357],"class_list":["post-737315","post","type-post","status-publish","format-standard","has-post-thumbnail","category-futbol","tag-ano","tag-deportes","tag-diarra","tag-es","tag-espana","tag-football","tag-futbol","tag-ibrahim","tag-soccer","tag-spain","tag-sports","tag-ultima","tag-vuelta"],"share_on_mastodon":{"url":"https:\/\/pubeurope.com\/@es\/117179986029585991","error":""},"_links":{"self":[{"href":"https:\/\/www.europesays.com\/es\/wp-json\/wp\/v2\/posts\/737315","targetHints":{"allow":["GET"]}}],"collection":[{"href":"https:\/\/www.europesays.com\/es\/wp-json\/wp\/v2\/posts"}],"about":[{"href":"https:\/\/www.europesays.com\/es\/wp-json\/wp\/v2\/types\/post"}],"author":[{"embeddable":true,"href":"https:\/\/www.europesays.com\/es\/wp-json\/wp\/v2\/users\/2"}],"replies":[{"embeddable":true,"href":"https:\/\/www.europesays.com\/es\/wp-json\/wp\/v2\/comments?post=737315"}],"version-history":[{"count":0,"href":"https:\/\/www.europesays.com\/es\/wp-json\/wp\/v2\/posts\/737315\/revisions"}],"wp:featuredmedia":[{"embeddable":true,"href":"https:\/\/www.europesays.com\/es\/wp-json\/wp\/v2\/media\/737316"}],"wp:attachment":[{"href":"https:\/\/www.europesays.com\/es\/wp-json\/wp\/v2\/media?parent=737315"}],"wp:term":[{"taxonomy":"category","embeddable":true,"href":"https:\/\/www.europesays.com\/es\/wp-json\/wp\/v2\/categories?post=737315"},{"taxonomy":"post_tag","embeddable":true,"href":"https:\/\/www.europesays.com\/es\/wp-json\/wp\/v2\/tags?post=737315"}],"curies":[{"name":"wp","href":"https:\/\/api.w.org\/{rel}","templated":true}]}}